{"id":21052,"date":"2026-01-13T16:02:09","date_gmt":"2026-01-13T16:02:09","guid":{"rendered":"https:\/\/www.europesays.com\/africa\/21052\/"},"modified":"2026-01-13T16:02:09","modified_gmt":"2026-01-13T16:02:09","slug":"le-prefet-interdit-les-artifices-a-loccasion-des-matchs-de-football","status":"publish","type":"post","link":"https:\/\/www.europesays.com\/africa\/21052\/","title":{"rendered":"le pr\u00e9fet interdit les artifices \u00e0 l\u2019occasion des matchs de football"},"content":{"rendered":"<p>La d\u00e9cision a \u00e9t\u00e9 prise par le pr\u00e9fet de C\u00f4te-d\u2019Or, Paul Mourier, ce mardi 13 janvier. \u00c0 l&#8217;occasion des matchs de football de <a href=\"https:\/\/www.bienpublic.com\/sport\/2026\/01\/10\/coupe-d-afrique-des-nations-l-egypte-ecarte-la-cote-d-ivoire-et-rejoint-le-senegal-en-demi-finale\" target=\"_blank\" rel=\"nofollow noopener\">la Coupe d\u2019Afrique des nations<\/a> qui se tiendront mercredi 14 janvier, il sera interdit de vendre et d\u2019acheter, en tous lieux, des artifices de divertissement de cat\u00e9gories F2 et F3. Cette interdiction s\u2019applique dans toutes les communes de la m\u00e9tropole de Dijon.<\/p>\n<p>\u00ab\u00a0La d\u00e9tention, le transport et l\u2019utilisation d\u2019artifices de divertissement de cat\u00e9gories F2 et F3 sur la voie publique ou en direction de l\u2019espace public\u00a0\u00bb seront \u00e9galement proscrits.<\/p>\n<p>\u00ab\u00a0Pr\u00e9venir tout trouble \u00e0 l&#8217;ordre public\u00a0\u00bb<\/p>\n<p>L\u2019objectif de <a href=\"https:\/\/www.bienpublic.com\/faits-divers-justice\/2026\/01\/09\/le-prefet-prend-des-mesures-sur-les-articifices-a-l-occasion-des-matchs-de-football-de-la-coupe-d-afrique-des-nations\" target=\"_blank\" rel=\"nofollow noopener\">ces interdictions<\/a> ? \u00ab\u00a0Pr\u00e9venir tout trouble \u00e0 l&#8217;ordre public, et atteintes aux biens et aux personnes\u00a0\u00bb \u00e0 l\u2019occasion de cette comp\u00e9tition sportive qui a commenc\u00e9 le 21 d\u00e9cembre et qui se poursuit jusqu\u2019au 18 janvier, indique, dans un communiqu\u00e9 de\u00a0presse, la pr\u00e9fecture de la C\u00f4te-d\u2019Or.<\/p>\n<p>\u00ab\u00a0Ces dispositions concernant la vente, la d\u00e9tention, le transport et l\u2019utilisation des artifices de divertissement des cat\u00e9gories F2 et F3 ne s\u2019appliquent pas aux personnes pouvant justifier de leur utilisation dans le cadre d\u2019un spectacle pyrotechnique tel que d\u00e9fini par l\u2019article 2 du d\u00e9cret n\u00b02021-580 du 31 mai 2010\u00a0\u00bb, pr\u00e9cise la pr\u00e9fecture.<\/p>\n","protected":false},"excerpt":{"rendered":"La d\u00e9cision a \u00e9t\u00e9 prise par le pr\u00e9fet de C\u00f4te-d\u2019Or, Paul Mourier, ce mardi 13 janvier. \u00c0 l&#8217;occasion&hellip;\n","protected":false},"author":2,"featured_media":21053,"comment_status":"","ping_status":"","sticky":false,"template":"","format":"standard","meta":{"footnotes":""},"categories":[62],"tags":[64,9393,9391,9392,2659,295,311],"class_list":{"0":"post-21052","1":"post","2":"type-post","3":"status-publish","4":"format-standard","5":"has-post-thumbnail","7":"category-afrique","8":"tag-afrique","9":"tag-cote-dor","10":"tag-dijon","11":"tag-edition-dijon-et-son-agglomeration","12":"tag-faits-divers-justice","13":"tag-fil-info","14":"tag-football"},"share_on_mastodon":{"url":"","error":""},"_links":{"self":[{"href":"https:\/\/www.europesays.com\/africa\/wp-json\/wp\/v2\/posts\/21052","targetHints":{"allow":["GET"]}}],"collection":[{"href":"https:\/\/www.europesays.com\/africa\/wp-json\/wp\/v2\/posts"}],"about":[{"href":"https:\/\/www.europesays.com\/africa\/wp-json\/wp\/v2\/types\/post"}],"author":[{"embeddable":true,"href":"https:\/\/www.europesays.com\/africa\/wp-json\/wp\/v2\/users\/2"}],"replies":[{"embeddable":true,"href":"https:\/\/www.europesays.com\/africa\/wp-json\/wp\/v2\/comments?post=21052"}],"version-history":[{"count":0,"href":"https:\/\/www.europesays.com\/africa\/wp-json\/wp\/v2\/posts\/21052\/revisions"}],"wp:featuredmedia":[{"embeddable":true,"href":"https:\/\/www.europesays.com\/africa\/wp-json\/wp\/v2\/media\/21053"}],"wp:attachment":[{"href":"https:\/\/www.europesays.com\/africa\/wp-json\/wp\/v2\/media?parent=21052"}],"wp:term":[{"taxonomy":"category","embeddable":true,"href":"https:\/\/www.europesays.com\/africa\/wp-json\/wp\/v2\/categories?post=21052"},{"taxonomy":"post_tag","embeddable":true,"href":"https:\/\/www.europesays.com\/africa\/wp-json\/wp\/v2\/tags?post=21052"}],"curies":[{"name":"wp","href":"https:\/\/api.w.org\/{rel}","templated":true}]}}