{"id":2106,"date":"2026-01-04T06:10:19","date_gmt":"2026-01-04T06:10:19","guid":{"rendered":"https:\/\/www.europesays.com\/africa\/2106\/"},"modified":"2026-01-04T06:10:19","modified_gmt":"2026-01-04T06:10:19","slug":"can-le-senegal-qualifie-en-quart-ibrahim-mbaye-buteur","status":"publish","type":"post","link":"https:\/\/www.europesays.com\/africa\/2106\/","title":{"rendered":"CAN \u2013 Le S\u00e9n\u00e9gal qualifi\u00e9 en quart, Ibrahim Mbaye buteur &#8211;"},"content":{"rendered":"<p><img width=\"780\" height=\"470\" src=\"https:\/\/www.europesays.com\/africa\/wp-content\/uploads\/2026\/01\/6e151324-f6b2-48e0-9c4e-66a230e9f7d6-780x470.webp.webp\" class=\"attachment-jannah-image-post size-jannah-image-post wp-post-image\" alt=\"Mbaye S\u00e9n\u00e9gal\" is_main_img=\"1\" decoding=\"async\" fetchpriority=\"high\"\/><\/p>\n<p>Ce samedi apr\u00e8s-midi, le S\u00e9n\u00e9gal affrontait le Soudan en<br \/>\nhuiti\u00e8mes de finale de la CAN. Rempla\u00e7ant, Ibrahim Mbaye a marqu\u00e9<br \/>\nson premier but dans la comp\u00e9tition.<\/p>\n<p>Premier de <a href=\"https:\/\/canal-supporters.com\/can-le-senegal-assure-la-1ere-place-de-son-groupe-mbaye-une-nouvelle-fois-decisif\/\" title=\"\" rel=\"nofollow noopener\" target=\"_blank\">son groupe<\/a>, le S\u00e9n\u00e9gal affrontait le<br \/>\nSoudan en huiti\u00e8mes de finale de la Coupe<br \/>\nd\u2019Afrique des Nations ce samedi apr\u00e8s-midi. Dans une<br \/>\nrencontre o\u00f9 il \u00e9tait le favori, le S\u00e9n\u00e9gal va se<br \/>\nfaire surprendre d\u00e8s la sixi\u00e8me minute. Servi dans la surface par<br \/>\nKhidir, Abdalla fixe<br \/>\nJakobs et enroule du gauche son ballon qui lobe<br \/>\nMendy pour finir sa course sous la lucarne oppos\u00e9e<br \/>\n(0-1, 6e). Piqu\u00e9s au vif, les S\u00e9n\u00e9galais vont tenter de se relancer<br \/>\net il faudra attendre la demi-heure de jeu pour voir les<br \/>\nLions de la Teranga r\u00e9ussir \u00e0 \u00e9galiser.<br \/>\nSadio Man\u00e9 r\u00e9cup\u00e8re le ballon dans le rond central<br \/>\net d\u00e9borde \u00e0 droite avant de servir Pape Gueye,<br \/>\noubli\u00e9 dans l\u2019axe. \u00c0 l\u2019entr\u00e9e de la surface, il ferme son pied<br \/>\ngauche et loge son ballon au ras du poteau soudanais pour<br \/>\n\u00e9galiser\u00a0(1-1, 30e). Alors que l\u2019on se dirige vers un score de<br \/>\nparit\u00e9 \u00e0 la mi-temps, les S\u00e9n\u00e9galais vont r\u00e9ussir \u00e0 prendre<br \/>\nl\u2019avantage dans ce match. Trouv\u00e9 \u00e0 l\u2019entr\u00e9e de la surface par<br \/>\nNicolas Jackson, Pape Gueye va<br \/>\ns\u2019offrir un doubl\u00e9 d\u2019une magnifique frappe du gauche (2-1,<br \/>\n45e+2).\u00a0<\/p>\n<p>A lire aussi : <a href=\"https:\/\/canal-supporters.com\/can-2025-ibrahim-mbaye-impressionne-ses-coequipiers\/\" title=\"\" rel=\"nofollow noopener\" target=\"_blank\">CAN 2025 \u2013 Ibrahim Mbaye impressionne ses<br \/>\nco\u00e9quipiers<\/a><\/p>\n<p><a href=\"https:\/\/x.com\/CanalSupporters\" target=\"_blank\" rel=\"noopener nofollow\" title=\"\">canalsupporters.com<\/a><\/p>\n<p>Buteur quatre<br \/>\nminutes apr\u00e8s son entr\u00e9e en jeu<\/p>\n<p>En seconde p\u00e9riode, les deux \u00e9quipes vont tenter de s\u2019offrir un<br \/>\nnouveau but mais en vain. Il faut attendre l\u2019entr\u00e9e en jeu<br \/>\n<a href=\"https:\/\/canal-supporters.com\/les-raisons-du-choix-dibrahim-mbaye-de-representer-le-senegal\/\" title=\"\" rel=\"nofollow noopener\" target=\"_blank\">d\u2019Ibrahim Mbaye<\/a> \u00e0 20 minutes de la fin pour<br \/>\nrelancer la rencontre. Quatre minutes seulement apr\u00e8s son entr\u00e9e en<br \/>\njeu, le titi du PSG va faire trembler les filets.<br \/>\nLanc\u00e9 en profondeur par Sadio Man\u00e9,<br \/>\nIbrahim Mbaye r\u00e9siste au retour de<br \/>\nKhamis et propulse le ballon au fond des filets<br \/>\n(3-1, 77e). Apr\u00e8s trois belles entr\u00e9es en jeu, il d\u00e9bloque son<br \/>\ncompteur but \u00e0 la CAN et montre encore une fois<br \/>\nqu\u2019il est l\u2019une des bonnes surprises de cette Coupe<br \/>\nd\u2019Afrique des Nations. Avec ce but, il est devenu \u00e0 17 ans<br \/>\net 344 jours, le plus jeune buteur de la CAN au<br \/>\n21e si\u00e8cle. Pratiquement dans la foul\u00e9e de son but, le num\u00e9ro 49 du<br \/>\nPSG est proche de s\u2019offrir un doubl\u00e9 mais sa t\u00eate<br \/>\nsur un centre de Diouf passe au-dessus du but<br \/>\nsoudanais. Les S\u00e9n\u00e9galais s\u2019imposent finalement <a href=\"https:\/\/x.com\/FootballSenegal\" target=\"_blank\" rel=\"noopener nofollow\" title=\"\">(3-1)<\/a> et se qualifient pour les quarts de finale o\u00f9<br \/>\nils affronteront soit la Tunisie soit<br \/>\nleMali, qui s\u2019affrontent ce samedi soir.<\/p>\n","protected":false},"excerpt":{"rendered":"Ce samedi apr\u00e8s-midi, le S\u00e9n\u00e9gal affrontait le Soudan en huiti\u00e8mes de finale de la CAN. Rempla\u00e7ant, Ibrahim Mbaye&hellip;\n","protected":false},"author":2,"featured_media":2107,"comment_status":"","ping_status":"","sticky":false,"template":"","format":"standard","meta":{"footnotes":""},"categories":[48],"tags":[2111,360,179,2112,940,1739,2113,941,1540,2114,723,2115,2116,768,159,1005,2117,2118,2119,2120,2121],"class_list":{"0":"post-2106","1":"post","2":"type-post","3":"status-publish","4":"format-standard","5":"has-post-thumbnail","7":"category-senegal","8":"tag-8es-de-finale","9":"tag-can","10":"tag-can-2025","11":"tag-canal-supporters","12":"tag-coupe-dafrique-des-nations","13":"tag-coupe-dafrique-des-nations-2025","14":"tag-cs","15":"tag-huitiemes-de-finale","16":"tag-ibrahim-mbaye","17":"tag-mbaye","18":"tag-paris","19":"tag-paris-saint-germain","20":"tag-paris-sg","21":"tag-psg","22":"tag-senegal","23":"tag-soudan","24":"tag-titis","25":"tag-titis-du-psg","26":"tag-titis-parisiens","27":"tag-titis-psg","28":"tag-une"},"share_on_mastodon":{"url":"","error":""},"_links":{"self":[{"href":"https:\/\/www.europesays.com\/africa\/wp-json\/wp\/v2\/posts\/2106","targetHints":{"allow":["GET"]}}],"collection":[{"href":"https:\/\/www.europesays.com\/africa\/wp-json\/wp\/v2\/posts"}],"about":[{"href":"https:\/\/www.europesays.com\/africa\/wp-json\/wp\/v2\/types\/post"}],"author":[{"embeddable":true,"href":"https:\/\/www.europesays.com\/africa\/wp-json\/wp\/v2\/users\/2"}],"replies":[{"embeddable":true,"href":"https:\/\/www.europesays.com\/africa\/wp-json\/wp\/v2\/comments?post=2106"}],"version-history":[{"count":0,"href":"https:\/\/www.europesays.com\/africa\/wp-json\/wp\/v2\/posts\/2106\/revisions"}],"wp:featuredmedia":[{"embeddable":true,"href":"https:\/\/www.europesays.com\/africa\/wp-json\/wp\/v2\/media\/2107"}],"wp:attachment":[{"href":"https:\/\/www.europesays.com\/africa\/wp-json\/wp\/v2\/media?parent=2106"}],"wp:term":[{"taxonomy":"category","embeddable":true,"href":"https:\/\/www.europesays.com\/africa\/wp-json\/wp\/v2\/categories?post=2106"},{"taxonomy":"post_tag","embeddable":true,"href":"https:\/\/www.europesays.com\/africa\/wp-json\/wp\/v2\/tags?post=2106"}],"curies":[{"name":"wp","href":"https:\/\/api.w.org\/{rel}","templated":true}]}}