{"id":21074,"date":"2026-01-13T16:17:11","date_gmt":"2026-01-13T16:17:11","guid":{"rendered":"https:\/\/www.europesays.com\/africa\/21074\/"},"modified":"2026-01-13T16:17:11","modified_gmt":"2026-01-13T16:17:11","slug":"afrique-dernier-carre-de-la-can-cinq-ballons-dor-africains","status":"publish","type":"post","link":"https:\/\/www.europesays.com\/africa\/21074\/","title":{"rendered":"Afrique: Dernier carr\u00e9 de la CAN &#8211; Cinq ballons d&#8217;or africains"},"content":{"rendered":"<p class=\"story-body-text\" data-para-word-count=\"46\">La Coupe d&#8217;Afrique des nations (Maroc-2025) est exceptionnelle \u00e0 tous les niveaux. Si le quatuor de r\u00eave Maroc-S\u00e9n\u00e9gal-Nigeria-\u00c9gypte n&#8217;est plus qu&#8217;\u00e0 deux marches du sommet, ces demi-finales se distinguent surtout par une concentration rare de talents, avec cinq Ballons d&#8217;Or africains r\u00e9unis sur la m\u00eame sc\u00e8ne.<\/p>\n<p class=\"story-body-text\" data-para-word-count=\"52\">Il s&#8217;agit de Achraf Hakimi, Ademola Lookman, Victor Osimhen, Sadio Man\u00e9 et Mohamed Salah. A eux cinq, ces joueurs se sont partag\u00e9s les sept derniers Ballons d&#8217;Or africains, puisque Sadio Man\u00e9 et Mohamed Salah ont chacun \u00e9t\u00e9 sacr\u00e9s \u00e0 deux reprises, confirmant ainsi le caract\u00e8re historique et prestigieux de ce dernier carr\u00e9.<\/p>\n<p class=\"story-body-text\" data-para-word-count=\"7\">119 buts: Record offensif d\u00e9j\u00e0 atteint !<\/p>\n<p class=\"story-body-text\" style=\"text-align: center;\">\n<p>Suivez-nous sur <a href=\"https:\/\/whatsapp.com\/channel\/0029Vae09IP4inotqC0BUQ2V\" target=\"_blank\" rel=\"nofollow noopener\">WhatsApp<\/a> | <a href=\"https:\/\/www.linkedin.com\/company\/allafrica\/\" target=\"_blank\" rel=\"nofollow noopener\">LinkedIn<\/a> pour les derniers titres<\/p>\n<p class=\"story-body-text\" data-para-word-count=\"30\">La CAN-2025 marque \u00e9galement l&#8217;histoire par sa prolificit\u00e9 offensive exceptionnelle, ayant d\u00e9j\u00e0 atteint la barre record de 119 buts, \u00e9galant le record d\u00e9tenu par la pr\u00e9c\u00e9dente \u00e9dition en C\u00f4te d&#8217;Ivoire.<\/p>\n<p class=\"story-body-text\" data-para-word-count=\"21\">Cette avalanche de buts illustre le niveau technique \u00e9lev\u00e9 du tournoi, l&#8217;audace tactique des s\u00e9lections et la qualit\u00e9 des attaquants pr\u00e9sents.<\/p>\n<p class=\"story-body-text\" data-para-word-count=\"4\">Quatre demi-finalistes d\u00e9j\u00e0 couronn\u00e9s<\/p>\n<p class=\"story-body-text\" data-para-word-count=\"36\">Les quatre demi-finalistes de la CAN-2025 repr\u00e9sentent l&#8217;\u00e9lite historique du football africain. Chacune de ces \u00e9quipes a d\u00e9j\u00e0 inscrit son nom au palmar\u00e8s de la comp\u00e9tition, avec des victoires marquantes et des g\u00e9n\u00e9rations de joueurs l\u00e9gendaires.<\/p>\n<p class=\"story-body-text\" data-para-word-count=\"24\">Ensemble, ces quatre nations incarnent \u00e0 la fois l&#8217;histoire et l&#8217;avenir du football africain, faisant de la CAN-2025 une \u00e9dition particuli\u00e8rement prestigieuse et relev\u00e9e.<\/p>\n<p class=\"story-body-text\" data-para-word-count=\"6\">Salah et Osimhen&#8230; Deux chefs d&#8217;orchestre<\/p>\n<p class=\"story-body-text\" data-para-word-count=\"41\">Mohamed Salah, leader technique de l&#8217;Egypte, continue de briller avec sa s\u00e9lection. Contre la C\u00f4te d&#8217;Ivoire, il a \u00e9t\u00e9 d\u00e9cisif dans le jeu et a inscrit le troisi\u00e8me but des Pharaons, portant son total personnel \u00e0 quatre r\u00e9alisations dans la comp\u00e9tition.<\/p>\n<p class=\"story-body-text\" data-para-word-count=\"55\">M\u00eame constat pour Victor Osimhen, qui a domin\u00e9 le jeu face \u00e0 l&#8217;Alg\u00e9rie et s&#8217;est impos\u00e9 comme l&#8217;homme fort du Nigeria. L&#8217;ancien Napolitain a ouvert le score d&#8217;une t\u00eate magistrale et a ensuite parfaitement servi Akor Adams, qui a conclu pour breaker le match, d\u00e9montrant toute sa qualit\u00e9 et sa complicit\u00e9 offensive avec ses co\u00e9quipiers.<\/p>\n","protected":false},"excerpt":{"rendered":"La Coupe d&#8217;Afrique des nations (Maroc-2025) est exceptionnelle \u00e0 tous les niveaux. Si le quatuor de r\u00eave Maroc-S\u00e9n\u00e9gal-Nigeria-\u00c9gypte&hellip;\n","protected":false},"author":2,"featured_media":21075,"comment_status":"","ping_status":"","sticky":false,"template":"","format":"standard","meta":{"footnotes":""},"categories":[62],"tags":[63,64,83,265,262,1982,165,96,122,322,261,159,323,310,264,263,266,325],"class_list":{"0":"post-21074","1":"post","2":"type-post","3":"status-publish","4":"format-standard","5":"has-post-thumbnail","7":"category-afrique","8":"tag-africa","9":"tag-afrique","10":"tag-business","11":"tag-current-events","12":"tag-economy","13":"tag-egypt","14":"tag-morocco","15":"tag-news","16":"tag-nigeria","17":"tag-north-africa","18":"tag-politics","19":"tag-senegal","20":"tag-soccer","21":"tag-sport","22":"tag-sports","23":"tag-trade","24":"tag-travel","25":"tag-west-africa"},"share_on_mastodon":{"url":"","error":""},"_links":{"self":[{"href":"https:\/\/www.europesays.com\/africa\/wp-json\/wp\/v2\/posts\/21074","targetHints":{"allow":["GET"]}}],"collection":[{"href":"https:\/\/www.europesays.com\/africa\/wp-json\/wp\/v2\/posts"}],"about":[{"href":"https:\/\/www.europesays.com\/africa\/wp-json\/wp\/v2\/types\/post"}],"author":[{"embeddable":true,"href":"https:\/\/www.europesays.com\/africa\/wp-json\/wp\/v2\/users\/2"}],"replies":[{"embeddable":true,"href":"https:\/\/www.europesays.com\/africa\/wp-json\/wp\/v2\/comments?post=21074"}],"version-history":[{"count":0,"href":"https:\/\/www.europesays.com\/africa\/wp-json\/wp\/v2\/posts\/21074\/revisions"}],"wp:featuredmedia":[{"embeddable":true,"href":"https:\/\/www.europesays.com\/africa\/wp-json\/wp\/v2\/media\/21075"}],"wp:attachment":[{"href":"https:\/\/www.europesays.com\/africa\/wp-json\/wp\/v2\/media?parent=21074"}],"wp:term":[{"taxonomy":"category","embeddable":true,"href":"https:\/\/www.europesays.com\/africa\/wp-json\/wp\/v2\/categories?post=21074"},{"taxonomy":"post_tag","embeddable":true,"href":"https:\/\/www.europesays.com\/africa\/wp-json\/wp\/v2\/tags?post=21074"}],"curies":[{"name":"wp","href":"https:\/\/api.w.org\/{rel}","templated":true}]}}