{"id":21078,"date":"2026-01-13T16:19:06","date_gmt":"2026-01-13T16:19:06","guid":{"rendered":"https:\/\/www.europesays.com\/africa\/21078\/"},"modified":"2026-01-13T16:19:06","modified_gmt":"2026-01-13T16:19:06","slug":"les-grandes-raisons-de-la-desillusion-de-lalgerie","status":"publish","type":"post","link":"https:\/\/www.europesays.com\/africa\/21078\/","title":{"rendered":"les grandes raisons de la d\u00e9sillusion de l\u2019Alg\u00e9rie"},"content":{"rendered":"<p>La fin d\u2019un parcours honorable. Voil\u00e0 comment l\u2019on pourrait r\u00e9sumer l\u2019\u00e9limination de l\u2019Alg\u00e9rie en quarts de finale de la <a href=\"https:\/\/www.footmercato.net\/afrique\/coupe-dafrique-des-nations\/\" rel=\"nofollow noopener\" target=\"_blank\">CAN<\/a> face au Nig\u00e9ria samedi. Apr\u00e8s avoir \u00e9limin\u00e9 la RD Congo lors du tour pr\u00e9c\u00e9dent, les Fennecs n\u2019ont pas exist\u00e9 face aux Super Eagles, largement dominateurs pendant 90 minutes. Un constat mi-figue mi-raisin \u00e0 tirer pour les Alg\u00e9riens qui ont fait mieux que les derni\u00e8res \u00e9ditions, mais qui peuvent toujours faire beaucoup mieux pour aller chercher un troisi\u00e8me titre continental et rivaliser avec les meilleures s\u00e9lections de leur continental. A six mois de la Coupe du monde, l\u2019Alg\u00e9rie a de nombreux axes de progression qui peuvent commencer \u00e0 \u00eatre corrig\u00e9s dans les prochaines semaines. <\/p>\n<p>            La suite apr\u00e8s cette publicit\u00e9<\/p>\n<p>        Une animation offensive mieux huil\u00e9e \u00e0 trouver<\/p>\n<p>L\u2019un des premiers points positifs que l\u2019on peut tirer de la campagne de l\u2019Alg\u00e9rie \u00e0 la CAN est la d\u00e9fense. Avec la compl\u00e9mentarit\u00e9 de la paire Bensebaini-Mandi, les Fennecs ont su faire le dos rond au moment o\u00f9 les autres \u00e9quipes ont subi des vagues offensives. Avec l\u2019\u00e9closion de Rafik Belghali \u00e0 droite et la pr\u00e9sence d\u2019Ait-Nouri et Hadjam \u00e0 gauche, les hommes de <a href=\"https:\/\/www.footmercato.net\/entraineur\/vladimir-petkovic\" rel=\"nofollow noopener\" target=\"_blank\">Vladimir<\/a> Petkovic ont un secteur d\u00e9fensif suffisamment garni pour \u00eatre serein d\u2019ici cet \u00e9t\u00e9. La comp\u00e9tition de Luca Zidane, rassurant sur sa ligne et int\u00e9ressant au pied, est \u00e9galement tr\u00e8s positive pour la suite. Et avec un Hicham Boudaoui taille patron, qui a gratt\u00e9 un nombre incalculable de ballons pendant trois semaines, la d\u00e9fense de l\u2019Alg\u00e9rie n\u2019est pas inqui\u00e9tante. <\/p>\n<p>            La suite apr\u00e8s cette publicit\u00e9<\/p>\n<p>On ne peut pas en dire de m\u00eame de l\u2019attaque. Auteure de huit buts en cinq matches dans la comp\u00e9tition, l\u2019Alg\u00e9rie n\u2019a pas montr\u00e9 un allant offensif suffisant pour aller poser probl\u00e8me \u00e0 n\u2019importe quelle d\u00e9fense. Dans toutes leurs rencontres, hormis celles face au Soudan et la Guin\u00e9e Equatoriale, les Verts n\u2019ont pas r\u00e9ussi \u00e0 marquer de buts sur des actions construites qui viennent apr\u00e8s 10 voire 15 minutes de domination offensive. Un probl\u00e8me qui interroge sur le r\u00f4le des leaders d\u2019attaque de cette \u00e9quipe. Alors que Riyad Mahrez et Mohamed Amoura n\u2019ont pas r\u00e9alis\u00e9 une grande comp\u00e9tition, les seuls \u00e9clairs sont venus d\u2019un Ibrahim Maza qui n\u2019a pas r\u00e9ussi \u00e0 faire parler sa qualit\u00e9 technique sur des combinaisons. <\/p>\n<p>Souvent en soliste, le milieu offensif alg\u00e9rien n\u2019a pas trouv\u00e9 de r\u00e9els partenaires offensifs. Face au Nigeria, ce manque d\u2019inspiration criant a \u00e9t\u00e9 observ\u00e9 de mani\u00e8re flagrante. Malgr\u00e9 un Maza en jambes, les Fennecs n\u2019ont pas exist\u00e9 offensivement tant Mahrez n\u2019a pas \u00e9t\u00e9 au niveau, Cha\u00efbi a \u00e9t\u00e9 inutile malgr\u00e9 ses efforts d\u00e9fensifs et Mohamed Amoura, 1m65 et 61 kilos, n\u2019a pas exist\u00e9 contre Calvin Bassey, 1m86 et 81 kilos. Au final, l\u2019Alg\u00e9rie n\u2019a pas tir\u00e9 une seule fois dans le cadre. Un probl\u00e8me d\u2019animation offensive qui r\u00e9sulte aussi de choix tactiques qui interrogent. Car oui, \u00e0 six mois de la Coupe du monde sur le continent am\u00e9ricain, Vladimir Petkovic suscite toujours autant d\u2019interrogations.<\/p>\n<p>            La suite apr\u00e8s cette publicit\u00e9<\/p>\n<p>        Vladimir Petkovic est-il l\u2019homme de la situation ?<\/p>\n<p>Arriv\u00e9 il y a pr\u00e8s de deux ans, Petkovic a un bilan plus que satisfaisant avec les Fennecs (25 matches, 19 victoires, 3 matches nuls, 3 d\u00e9faites). Et m\u00eame s\u2019il a permis un redressement sportif satisfaisant vu la fin du mandat Belmadi, les supporters alg\u00e9riens sont en droit d\u2019en attendre plus vu la qualit\u00e9 \u00e0 la disposition de l\u2019ancien s\u00e9lectionneur de la Suisse. Certains de ses choix ont d\u2019ailleurs de quoi faire grincer des dents durant cette comp\u00e9tition. Alors qu\u2019il n\u2019aurait pas appel\u00e9 Himad Abdelli dans un premier temps, Petkovic en a finalement fait devenir l\u2019un des titulaires en puissance au milieu de la comp\u00e9tition. Ensuite, son incapacit\u00e9 \u00e0 bien analyser les forces de ses adversaires avant chaque match pose question. Face \u00e0 la robuste d\u00e9fense du Nig\u00e9ria, Petkovic a quand m\u00eame d\u00e9cid\u00e9 d\u2019aligner seul le volontaire, mais fr\u00eale Amoura \u00e0 la pointe de l\u2019attaque. Un profil \u00e0 la Bounedjah aurait \u00e9t\u00e9 beaucoup plus coh\u00e9rent pour poser probl\u00e8me au Nig\u00e9ria et organiser certaines attaques. Sa volont\u00e9, en permanence, de laisser Far\u00e8s Cha\u00efbi sur le terrain au d\u00e9triment de profils beaucoup plus dangereux et cr\u00e9atifs comme Ibrahim Maza est aussi une faute professionnelle \u00e0 ce niveau-l\u00e0. <\/p>\n<p>Tout comme sa d\u00e9cision de titulariser Ramiz Zerrouki, auteur d\u2019une comp\u00e9tition int\u00e9ressante, contre le Nig\u00e9ria au profit d\u2019un Abdelli performant face au Congo interroge. M\u00eame si l\u2019id\u00e9e d\u2019aligner un autre r\u00e9cup\u00e9rateur aux c\u00f4t\u00e9s de Boudaoui peut s\u2019entendre, la titularisation d\u2019un Adem Zorgane, plus assur\u00e9 techniquement, aurait \u00e9t\u00e9 plus judicieuse. La gestion du cas Mahrez, aussi, a de quoi interpeller tant le capitaine de l\u2019Alg\u00e9rie semble \u00eatre un poids mort pour cette \u00e9quipe \u00e0 certains moments. Anis Hadj-Moussa a montr\u00e9 des choses, mais il devra \u00e9galement en faire plus alors qu\u2019Ilan Kebbal, excellent avec le Paris FC depuis le d\u00e9but de saison, n\u2019a jou\u00e9 qu\u2019une poign\u00e9e de minutes au Maroc\u2026 Tant de questions offensives qui doivent \u00eatre r\u00e9gl\u00e9es et qui doivent aussi se ressentir via Petkovic. Frileux dans ses approches des rencontres, le s\u00e9lectionneur de 62 ans n\u2019a jamais su transcender son \u00e9quipe et apporter ce suppl\u00e9ment d\u2019\u00e2me qui aurait pu faire la diff\u00e9rence \u00e0 un moment donn\u00e9. Et alors que la F\u00e9d\u00e9ration alg\u00e9rienne de football a r\u00e9it\u00e9r\u00e9 sa confiance \u00e0 l\u2019ancien s\u00e9lectionneur de la Suisse pour les prochains mois, il va vite falloir que ce dernier trouve les solutions \u00e0 tous les probl\u00e8mes de son \u00e9quipe pour ne pas vivre une deuxi\u00e8me d\u00e9sillusion, \u00e0 la Coupe du Monde. D\u00e8s lors, son dernier joker sera \u00e9puis\u00e9. <\/p>\n<p>\n    Pub. le 13\/01\/2026 17:00<br \/>\n            &#8211; MAJ le 13\/01\/2026 17:17\n    <\/p>\n","protected":false},"excerpt":{"rendered":"La fin d\u2019un parcours honorable. Voil\u00e0 comment l\u2019on pourrait r\u00e9sumer l\u2019\u00e9limination de l\u2019Alg\u00e9rie en quarts de finale de&hellip;\n","protected":false},"author":2,"featured_media":8067,"comment_status":"","ping_status":"","sticky":false,"template":"","format":"standard","meta":{"footnotes":""},"categories":[254],"tags":[255],"class_list":{"0":"post-21078","1":"post","2":"type-post","3":"status-publish","4":"format-standard","5":"has-post-thumbnail","7":"category-algerie","8":"tag-algerie"},"share_on_mastodon":{"url":"","error":""},"_links":{"self":[{"href":"https:\/\/www.europesays.com\/africa\/wp-json\/wp\/v2\/posts\/21078","targetHints":{"allow":["GET"]}}],"collection":[{"href":"https:\/\/www.europesays.com\/africa\/wp-json\/wp\/v2\/posts"}],"about":[{"href":"https:\/\/www.europesays.com\/africa\/wp-json\/wp\/v2\/types\/post"}],"author":[{"embeddable":true,"href":"https:\/\/www.europesays.com\/africa\/wp-json\/wp\/v2\/users\/2"}],"replies":[{"embeddable":true,"href":"https:\/\/www.europesays.com\/africa\/wp-json\/wp\/v2\/comments?post=21078"}],"version-history":[{"count":0,"href":"https:\/\/www.europesays.com\/africa\/wp-json\/wp\/v2\/posts\/21078\/revisions"}],"wp:featuredmedia":[{"embeddable":true,"href":"https:\/\/www.europesays.com\/africa\/wp-json\/wp\/v2\/media\/8067"}],"wp:attachment":[{"href":"https:\/\/www.europesays.com\/africa\/wp-json\/wp\/v2\/media?parent=21078"}],"wp:term":[{"taxonomy":"category","embeddable":true,"href":"https:\/\/www.europesays.com\/africa\/wp-json\/wp\/v2\/categories?post=21078"},{"taxonomy":"post_tag","embeddable":true,"href":"https:\/\/www.europesays.com\/africa\/wp-json\/wp\/v2\/tags?post=21078"}],"curies":[{"name":"wp","href":"https:\/\/api.w.org\/{rel}","templated":true}]}}