{"id":21098,"date":"2026-01-13T16:31:14","date_gmt":"2026-01-13T16:31:14","guid":{"rendered":"https:\/\/www.europesays.com\/africa\/21098\/"},"modified":"2026-01-13T16:31:14","modified_gmt":"2026-01-13T16:31:14","slug":"afrique-revue-de-presse-de-lafrique-francophone-du-13-janvier-2026","status":"publish","type":"post","link":"https:\/\/www.europesays.com\/africa\/21098\/","title":{"rendered":"Afrique: Revue de presse de l&#8217;Afrique Francophone du 13 janvier 2026"},"content":{"rendered":"<p class=\"story-body-text\" data-para-word-count=\"17\">CAN Maroc 2025 &#8211; La CAF ouvre une enqu\u00eate apr\u00e8s des incidents lors des quarts de finale<\/p>\n<p class=\"story-body-text\" data-para-word-count=\"34\">La Conf\u00e9d\u00e9ration Africaine de Football (CAF) a officiellement annonc\u00e9 l\u2019ouverture d\u2019une enqu\u00eate concernant les rencontres Cameroun\u2013Maroc et Alg\u00e9rie\u2013Nigeria, disput\u00e9es dans le cadre des quarts de finale de la Coupe d\u2019Afrique des Nations Maroc 2025.<\/p>\n<p class=\"story-body-text\" data-para-word-count=\"35\">Dans un communiqu\u00e9 rendu public ce lundi 12 janvier, l\u2019instance continentale a fermement condamn\u00e9 des comportements jug\u00e9s inacceptables de la part de certains joueurs, membres de staffs techniques et officiels lors de ces deux rencontres.<\/p>\n<p class=\"story-body-text\" style=\"text-align: center;\">\n<p>Suivez-nous sur <a href=\"https:\/\/whatsapp.com\/channel\/0029Vae09IP4inotqC0BUQ2V\" target=\"_blank\" rel=\"nofollow noopener\">WhatsApp<\/a> | <a href=\"https:\/\/www.linkedin.com\/company\/allafrica\/\" target=\"_blank\" rel=\"nofollow noopener\">LinkedIn<\/a> pour les derniers titres<\/p>\n<p class=\"story-body-text\" data-para-word-count=\"32\">Selon la CAF, des rapports de match ainsi que des \u00e9l\u00e9ments vid\u00e9o ont \u00e9t\u00e9 recueillis et font \u00e9tat de comportements potentiellement contraires aux r\u00e8glements et aux principes de l\u2019\u00e9thique sportive. (Source allAfrica)<\/p>\n<p class=\"story-body-text\" data-para-word-count=\"10\">Le Ghana r\u00e8gle 1,47 milliard de dollars de dettes \u00e9nerg\u00e9tiques<\/p>\n<p class=\"story-body-text\" data-para-word-count=\"32\">En 2025, le Ghana a vers\u00e9 1,47 milliard de dollars pour r\u00e9gler les dettes de son secteur \u00e9nerg\u00e9tique et r\u00e9tablir la garantie de la Banque mondiale, essentielle \u00e0 la confiance des investisseurs.<\/p>\n<p class=\"story-body-text\" data-para-word-count=\"27\">Selon le ministre des Finances, Cassiel Ato Forson, pr\u00e8s de 600 millions de dollars ont \u00e9t\u00e9 rembours\u00e9s pour la garantie partielle de risque, \u00e9puis\u00e9e sous l\u2019administration pr\u00e9c\u00e9dente.<\/p>\n<p class=\"story-body-text\" data-para-word-count=\"43\">\u00c0 son arriv\u00e9e en janvier 2025, le pr\u00e9sident John Dramani Mahama a trouv\u00e9 un secteur au bord de la crise, fragilis\u00e9 par des ann\u00e9es d\u2019impay\u00e9s de gaz destin\u00e9 \u00e0 la production d\u2019\u00e9lectricit\u00e9, notamment depuis le champ offshore de Cape Three Points. (Source Africanews)<\/p>\n<p class=\"story-body-text\" data-para-word-count=\"16\">Francophonie : Mushikiwabo repart pour un troisi\u00e8me mandat, la RDC peut-elle pr\u00e9tendre \u00e0 la succession ?<\/p>\n<p class=\"story-body-text\" data-para-word-count=\"39\">Le Rwanda a d\u00e9cid\u00e9 de pr\u00e9senter Louise Mushikiwabo pour un troisi\u00e8me mandat \u00e0 la t\u00eate de l\u2019Organisation internationale de la francophonie (OIF), a annonc\u00e9 le ministre rwandais des Affaires \u00e9trang\u00e8res, Olivier Nduhungirehe, dans une interview accord\u00e9e \u00e0 Jeune Afrique.<\/p>\n<p class=\"story-body-text\" data-para-word-count=\"43\">\u00c0 dix mois du XXe Sommet de la Francophonie, pr\u00e9vu \u00e0 Phnom Penh, au Cambodge, Kigali a pris les devants alors que le second mandat de Mme Mushikiwabo arrive \u00e0 expiration cette ann\u00e9e et que le d\u00e9p\u00f4t des candidatures se cl\u00f4turera fin avril.<\/p>\n<p class=\"story-body-text\" data-para-word-count=\"55\">Le pr\u00e9sident rwandais Paul Kagame a ainsi d\u00e9cid\u00e9 de reconduire son ancienne ministre des Affaires \u00e9trang\u00e8res, \u00e9lue secr\u00e9taire g\u00e9n\u00e9rale de la Francophonie en octobre 2018 lors du sommet d\u2019Erevan, en Arm\u00e9nie. Elle avait pris ses fonctions en janvier 2019, avant d\u2019\u00eatre r\u00e9\u00e9lue pour un second mandat au sommet de Djerba, en novembre 2022. [Source Actualite.cd]<\/p>\n<p class=\"story-body-text\" data-para-word-count=\"10\">Mali: Le trafic a\u00e9rien perturb\u00e9 par la disponibilit\u00e9 du carburant<\/p>\n<p class=\"story-body-text\" data-para-word-count=\"35\">La compagnie Air Burkina a annonc\u00e9 le 10 janvier 2026 des perturbations dans son programme de vols \u00e0 destination de Bamako et de Dakar, invoquant des difficult\u00e9s d\u2019approvisionnement en carburant \u00e0 l\u2019a\u00e9roport international Modibo Ke\u00efta-S\u00e9nou.<\/p>\n<p class=\"story-body-text\" data-para-word-count=\"40\">Dans un communiqu\u00e9, la compagnie a indiqu\u00e9 que ces contraintes l\u2019avaient conduite \u00e0 r\u00e9am\u00e9nager certaines rotations et \u00e0 pr\u00e9senter ses excuses \u00e0 ses passagers, tout en affirmant mettre en \u0153uvre les mesures n\u00e9cessaires pour un retour progressif \u00e0 la normale.<\/p>\n<p class=\"story-body-text\" data-para-word-count=\"19\">Ces perturbations s\u2019inscrivent dans un contexte plus large de tensions sur l\u2019approvisionnement en carburant aviation \u00e0 Bamako. [Source Apanews]<\/p>\n<p class=\"story-body-text\" data-para-word-count=\"14\">CAN 2025 : S\u00e9n\u00e9gal \u2013 \u00c9gypte, le choc des g\u00e9ants ce mercredi 14 janvier<\/p>\n<p class=\"story-body-text\" data-para-word-count=\"44\">\u00c0 l\u2019approche d\u2019une demi-finale tr\u00e8s attendue, le S\u00e9n\u00e9gal et l\u2019\u00c9gypte se retrouvent pour un nouveau choc au sommet de la CAN 2025. Ce mercredi 14 janvier, les deux g\u00e9ants du football africain s\u2019affrontent \u00e0 Tanger avec, en ligne de mire, une place en finale.<\/p>\n<p class=\"story-body-text\" data-para-word-count=\"17\">Cette affiche r\u00e9veille une rivalit\u00e9 ancienne, nourrie par des confrontations d\u00e9cisives lors des derni\u00e8res grandes comp\u00e9titions continentales.<\/p>\n<p class=\"story-body-text\" data-para-word-count=\"19\">Entre revanche pour les Pharaons et confirmation pour les Lions, l\u2019enjeu d\u00e9passe largement le simple cadre sportif. [Source Afrik.com]<\/p>\n<p class=\"story-body-text\" data-para-word-count=\"20\">La Somalie annule tous ses accords avec les Emirats arabes unis, sur fond de tensions li\u00e9es \u00e0\u00a0la\u00a0reconnaissance par Isra\u00ebl du\u00a0Somaliland<\/p>\n<p class=\"story-body-text\" data-para-word-count=\"28\">Les Emirats sont per\u00e7us par de nombreux experts comme \u00e9tant derri\u00e8re la reconnaissance par Isra\u00ebl de la r\u00e9publique autoproclam\u00e9e du Somaliland, territoire sur lequel Mogadiscio revendique sa souverainet\u00e9.<\/p>\n<p class=\"story-body-text\" data-para-word-count=\"58\">La Somalie a annonc\u00e9 annuler, lundi 12 janvier, tous les accords conclus avec les Emirats arabes unis (EAU). Une d\u00e9cision qui survient deux semaines apr\u00e8s la reconnaissance par Isra\u00ebl du Somaliland et apr\u00e8s de r\u00e9centes informations selon lesquelles les Emiratis auraient utilis\u00e9 le territoire somalien pour aider un s\u00e9paratiste y\u00e9m\u00e9nite \u00e0 fuir son pays. [Source Le Monde Afrique]<\/p>\n<p class=\"story-body-text\" data-para-word-count=\"14\">Ouganda : Derniers meetings pour les candidats avant les \u00e9lections g\u00e9n\u00e9rales du 15 janvier<\/p>\n<p class=\"story-body-text\" data-para-word-count=\"28\">En Ouganda, derni\u00e8re semaine de campagne pour les candidats avant la pr\u00e9sidentielle et les l\u00e9gislatives pr\u00e9vues ce jeudi 15 janvier. La campagne s&#8217;ach\u00e8ve ce mardi 13 au soir.<\/p>\n<p class=\"story-body-text\" data-para-word-count=\"49\">Le pr\u00e9sident Yoweri Museveni, au pouvoir depuis 40 ans, affronte dans les urnes pour la deuxi\u00e8me fois cons\u00e9cutive l&#8217;ancien chanteur, devenu leader de l&#8217;opposition, Bobi Wine. Le chef de l&#8217;\u00c9tat ougandais \u00e9tait lundi dans le district de Kasese, dans l&#8217;extr\u00eame ouest du pays, pour l&#8217;un de ses derniers rassemblements.<\/p>\n<p class=\"story-body-text\" data-para-word-count=\"60\">Dans l&#8217;ouest de l&#8217;Ouganda, devant une foule de plusieurs milliers de personnes portant les couleurs jaunes du Mouvement national de r\u00e9sistance (NRM), le parti pr\u00e9sidentiel, le chef de l&#8217;\u00c9tat ougandais Yoweri Museveni a d\u00e9fendu son bilan, notamment la stabilit\u00e9 politique retrouv\u00e9e dans la pays, depuis sa prise de pouvoir en 1986, apr\u00e8s des d\u00e9cennies de troubles politiques. [Source RFI]<a href=\"https:\/\/fr.allafrica.com\/#facebook\" target=\"_blank\" rel=\"nofollow noopener\"><br \/><\/a><\/p>\n<p class=\"story-body-text\" data-para-word-count=\"11\">Etats-Unis &#8211; Le Congr\u00e8s passe au vote sur l&#8217;extension de l&#8217;Agoa<\/p>\n<p class=\"story-body-text\" data-para-word-count=\"29\">Ce texte vise \u00e0 prolonger jusqu&#8217;en 2028 la Loi sur la croissance et les opportunit\u00e9s \u00e9conomiques en Afrique (Agoa), dont les dispositions avaient pris fin le 30 septembre 2025.<\/p>\n<p class=\"story-body-text\" data-para-word-count=\"61\">Une \u00e9tape importante pour l&#8217;Agoa se joue actuellement aux \u00c9tats-Unis. La Chambre des repr\u00e9sentants a entam\u00e9, ce lundi 12 janvier, le vote sur le projet de loi H.R. 6500, l&#8217;Agoa Extension Act. Ce texte vise \u00e0 prolonger jusqu&#8217;en 2028 la Loi sur la croissance et les opportunit\u00e9s \u00e9conomiques en Afrique (Agoa), dont les dispositions avaient pris fin le 30 septembre 2025.<\/p>\n<p class=\"story-body-text\" data-para-word-count=\"49\">Pour Hery Lanto Rakotoarisoa, pr\u00e9sident du GEFP, \u00ab ce vote porte sur un renouvellement de trois ans. La proc\u00e9dure a \u00e9t\u00e9 quelque peu acc\u00e9l\u00e9r\u00e9e, mais pour l&#8217;adoption du texte, il faut d&#8217;abord obtenir une majorit\u00e9 \u00e0 la Chambre. Ensuite, le projet passera au S\u00e9nat \u00bb. [Source l\u2019Express de Madagascar]<\/p>\n<p class=\"story-body-text\" data-para-word-count=\"15\">Burkina Faso: Le Gouvernement Rimtalba Jean Emmanuel Ou\u00e9draogo II passe de 24 \u00e0 22 d\u00e9partements<\/p>\n<p class=\"story-body-text\" data-para-word-count=\"56\">Le nouveau gouvernement burkinab\u00e8, rendu public ce 12 janvier 2026, se caract\u00e9rise par une r\u00e9duction du nombre de portefeuilles minist\u00e9riels, passant de 24 \u00e0 22 d\u00e9partements. Ce r\u00e9am\u00e9nagement s&#8217;inscrit dans une volont\u00e9 affich\u00e9e de rationalisation de l&#8217;action gouvernementale, avec \u00e0 la cl\u00e9 des fusions de minist\u00e8res, des d\u00e9parts et de nouvelles entr\u00e9es au sein de l&#8217;Ex\u00e9cutif.<\/p>\n<p class=\"story-body-text\" data-para-word-count=\"54\">La principale innovation r\u00e9side dans la fusion du minist\u00e8re des Infrastructures et du D\u00e9senclavement avec celui de l&#8217;Habitat et de l&#8217;Urbanisme, donnant naissance au minist\u00e8re de la Construction de la Patrie. Cette restructuration entra\u00eene le d\u00e9part de Luc Adama Sorgho, jusque-l\u00e0 ministre des Infrastructures, tandis que Mikailou Sidib\u00e9 voit son portefeuille \u00e9largi. [Source Sidwaya]<\/p>\n<p class=\"story-body-text\" data-para-word-count=\"14\">Tunisie: Le pr\u00e9sident Sa\u00efed &#8211; La digitalisation des transactions contribue \u00e0 r\u00e9duire la corruption<\/p>\n<p class=\"story-body-text\" data-para-word-count=\"24\">Le pr\u00e9sident de la R\u00e9publique, Kais Sa\u00efed, a re\u00e7u, lundi, 12 janvier courant, au palais de Carthage, la ministre des Finances, Mechket Slama Khaldi.<\/p>\n<p class=\"story-body-text\" data-para-word-count=\"38\">Selon un communiqu\u00e9, la r\u00e9union a \u00e9t\u00e9 l&#8217;occasion de d\u00e9battre d&#8217;une s\u00e9rie de questions li\u00e9es aux \u00e9quilibres financiers de l&#8217;Etat, dont notamment, la facturation \u00e9lectronique, une mesure qui vient d&#8217;\u00eatre institu\u00e9e par la loi de finances de 2026.<\/p>\n<p class=\"story-body-text\" data-para-word-count=\"55\">Dans ce contexte, le chef de l&#8217;Etat a fustig\u00e9 l&#8217;absence de plateformes \u00e9lectroniques pour de nombreuses petites et moyennes entreprises (PME) et la non-digitalisation de plusieurs activit\u00e9s \u00e9conomiques, appelant \u00e0 ce propos \u00e0 un surcro\u00eet de souplesse et de flexibilit\u00e9 afin d&#8217;\u00e9viter d&#8217;\u00e9ventuelles retomb\u00e9es n\u00e9gatives sur la conjoncture \u00e9conomique du pays. [Source Tunis Afrique Presse]<\/p>\n","protected":false},"excerpt":{"rendered":"CAN Maroc 2025 &#8211; La CAF ouvre une enqu\u00eate apr\u00e8s des incidents lors des quarts de finale La&hellip;\n","protected":false},"author":2,"featured_media":198,"comment_status":"","ping_status":"","sticky":false,"template":"","format":"standard","meta":{"footnotes":""},"categories":[62],"tags":[63,64,1153,83,269,6403,657,265,2185,321,262,1982,649,79,268,965,4049,165,96,322,5310,261,3469,159,1984,264,263,266,174,153,2679,325],"class_list":{"0":"post-21098","1":"post","2":"type-post","3":"status-publish","4":"format-standard","5":"has-post-thumbnail","7":"category-afrique","8":"tag-africa","9":"tag-afrique","10":"tag-burkina-faso","11":"tag-business","12":"tag-business-and-finance","13":"tag-canada-and-africa","14":"tag-central-africa","15":"tag-current-events","16":"tag-debt","17":"tag-east-africa","18":"tag-economy","19":"tag-egypt","20":"tag-external-relations","21":"tag-ghana","22":"tag-governance","23":"tag-mali","24":"tag-middle-east-and-africa","25":"tag-morocco","26":"tag-news","27":"tag-north-africa","28":"tag-petroleum","29":"tag-politics","30":"tag-rwanda","31":"tag-senegal","32":"tag-somalia","33":"tag-sports","34":"tag-trade","35":"tag-travel","36":"tag-tunisia","37":"tag-uganda","38":"tag-united-states","39":"tag-west-africa"},"share_on_mastodon":{"url":"","error":""},"_links":{"self":[{"href":"https:\/\/www.europesays.com\/africa\/wp-json\/wp\/v2\/posts\/21098","targetHints":{"allow":["GET"]}}],"collection":[{"href":"https:\/\/www.europesays.com\/africa\/wp-json\/wp\/v2\/posts"}],"about":[{"href":"https:\/\/www.europesays.com\/africa\/wp-json\/wp\/v2\/types\/post"}],"author":[{"embeddable":true,"href":"https:\/\/www.europesays.com\/africa\/wp-json\/wp\/v2\/users\/2"}],"replies":[{"embeddable":true,"href":"https:\/\/www.europesays.com\/africa\/wp-json\/wp\/v2\/comments?post=21098"}],"version-history":[{"count":0,"href":"https:\/\/www.europesays.com\/africa\/wp-json\/wp\/v2\/posts\/21098\/revisions"}],"wp:featuredmedia":[{"embeddable":true,"href":"https:\/\/www.europesays.com\/africa\/wp-json\/wp\/v2\/media\/198"}],"wp:attachment":[{"href":"https:\/\/www.europesays.com\/africa\/wp-json\/wp\/v2\/media?parent=21098"}],"wp:term":[{"taxonomy":"category","embeddable":true,"href":"https:\/\/www.europesays.com\/africa\/wp-json\/wp\/v2\/categories?post=21098"},{"taxonomy":"post_tag","embeddable":true,"href":"https:\/\/www.europesays.com\/africa\/wp-json\/wp\/v2\/tags?post=21098"}],"curies":[{"name":"wp","href":"https:\/\/api.w.org\/{rel}","templated":true}]}}