{"id":21101,"date":"2026-01-13T16:34:13","date_gmt":"2026-01-13T16:34:13","guid":{"rendered":"https:\/\/www.europesays.com\/africa\/21101\/"},"modified":"2026-01-13T16:34:13","modified_gmt":"2026-01-13T16:34:13","slug":"senegal-egypte-qui-est-pierre-atcho-larbitre-de-la-demi-finale-de-la-can-2025-rappelant-de-mauvais-souvenirs-aux-lions","status":"publish","type":"post","link":"https:\/\/www.europesays.com\/africa\/21101\/","title":{"rendered":"S\u00e9n\u00e9gal-\u00c9gypte\u00a0: qui est Pierre Atcho, l\u2019arbitre de la demi-finale de la CAN 2025 rappelant de mauvais souvenirs aux Lions"},"content":{"rendered":"<p class=\"paragraph text_align_left lp-f-body-02\">Les d\u00e9signations \u00e9taient tr\u00e8s attendues. Pr\u00e8s d\u2019une semaine apr\u00e8s <a href=\"https:\/\/www.leparisien.fr\/sports\/football\/coupe-d-afrique-des-nations\/cameroun-maroc-pourquoi-le-mauritanien-dahane-beida-a-t-il-ete-finalement-ete-designe-au-sifflet-alors-quun-autre-arbitre-etait-attendu-08-01-2026-WFH37X26B5D2BNA2Z7T76WTRBM.php\" target=\"_self\" rel=\"nofollow noopener\">le flou artistique ayant entour\u00e9 la nomination des arbitres<\/a> pour les quarts de finale de la CAN 2025 et <a href=\"https:\/\/www.leparisien.fr\/sports\/football\/coupe-d-afrique-des-nations\/arbitre-escorte-et-poursuivi-jusquaux-vestiaires-declarations-ameres-lalgerie-ne-decolere-pas-et-cible-larbitrage-11-01-2026-HOUFU7VBBNGCDHVA3VWHTQXLYE.php\" target=\"_self\" rel=\"nofollow noopener\">la pol\u00e9mique ayant suivi les prestations des officiels<\/a> en charge de <a href=\"https:\/\/www.leparisien.fr\/sports\/football\/coupe-d-afrique-des-nations\/on-savait-a-quoi-sattendre-la-colere-du-cameroun-contre-larbitrage-apres-un-possible-penalty-non-siffle-contre-le-maroc-09-01-2026-LRWGMKZ4RJHALITCS3NQ6HWK44.php\" target=\"_self\" rel=\"nofollow noopener\">Cameroun-Maroc<\/a> et <a href=\"https:\/\/www.leparisien.fr\/sports\/football\/coupe-d-afrique-des-nations\/algerie-nigeria-0-2-les-fennecs-auraient-ils-du-beneficier-dun-penalty-sur-la-main-dajayi-en-quarts-de-la-can-2025-11-01-2026-CP5IYK2RHFFA7H6VRUXLVHJDKM.php\" target=\"_self\" rel=\"nofollow noopener\">Alg\u00e9rie-Nigeria<\/a>, la CAF (Conf\u00e9d\u00e9ration Africaine de football) a d\u00e9voil\u00e9 ce mardi midi l\u2019identit\u00e9 des deux hommes charg\u00e9s de diriger les demi-finales.<\/p>\n<p class=\"\">Pour le premier choc, qui opposera <a href=\"https:\/\/www.leparisien.fr\/sports\/football\/coupe-d-afrique-des-nations\/can-2025-le-tableau-complet-des-demi-finales-avec-les-dates-et-les-horaires-des-matchs-10-01-2026-GB4CYUUHGZF4RDFVTNUJQRRLKQ.php\" target=\"_self\" rel=\"nofollow noopener\">le S\u00e9n\u00e9gal \u00e0 l\u2019\u00c9gypte ce mercredi 14 janvier \u00e0 Tanger<\/a> (18 heures), l\u2019instance a couch\u00e9 le nom de Pierre Atcho. \u00c2g\u00e9 de 33 ans, le Gabonais est l\u2019un des arbitres les plus exp\u00e9riment\u00e9s du continent. Il a d\u00e9j\u00e0 offici\u00e9 \u00e0 deux reprises durant le tournoi, lors du match de poules entre <a href=\"https:\/\/www.leparisien.fr\/sports\/football\/coupe-d-afrique-des-nations\/algerie-soudan-3-0-riyad-mahrez-porte-les-fennecs-et-entre-dans-lhistoire-24-12-2025-K7Y5BMGOPBC7RCMYOUO6HKX2AQ.php\" target=\"_self\" rel=\"nofollow noopener\">l\u2019Alg\u00e9rie et le Soudan (3-0)<\/a> puis en 8e de finale, o\u00f9 il avait d\u00e9j\u00e0 dirig\u00e9 <a href=\"https:\/\/www.leparisien.fr\/sports\/football\/coupe-d-afrique-des-nations\/egypte-benin-3-1-ap-pousses-en-prolongation-les-pharaons-retrouvent-peniblement-les-quarts-de-la-can-05-01-2026-ZSNIVMCEFNAZ7DX2JATI4BD3QI.php\" target=\"_self\" rel=\"nofollow noopener\">les Pharaons contre le B\u00e9nin<\/a>, le 5 janvier (3-1 a.p.).<\/p>\n<p class=\"\">Si aucune pol\u00e9mique n\u2019a pour l\u2019instant entach\u00e9 la comp\u00e9tition de Pierre Atcho, cette d\u00e9signation rappellera sans doute un mauvais souvenir aux S\u00e9n\u00e9galais. En effet, son arbitrage avait \u00e9t\u00e9 critiqu\u00e9 lorsqu\u2019il avait crois\u00e9 la route des Lions de la Teranga en 8e de finale \u00e0 la CAN 2023.<\/p>\n<p>Tr\u00e8s critiqu\u00e9 par les S\u00e9n\u00e9galais<\/p>\n<p class=\"\"><a href=\"https:\/\/www.leparisien.fr\/sports\/football\/coupe-d-afrique-des-nations\/can-2024-nouveau-miracle-pour-la-cote-divoire-qui-elimine-le-senegal-aux-tirs-au-but-30-01-2024-A2PUEJVVVJHUFOT6LPH4SP735U.php\" target=\"_self\" rel=\"nofollow noopener\">\u00c9limin\u00e9s \u00e0 la surprise g\u00e9n\u00e9rale par une \u00e9quipe de C\u00f4te d\u2019Ivoire alors en grande difficult\u00e9<\/a> (1-1 + 5-4 t.a.b.), Kalidou Koulibaly et ses partenaires estimaient qu\u2019ils auraient d\u00fb b\u00e9n\u00e9ficier d\u2019un p\u00e9nalty peu avant l\u2019heure de jeu suite \u00e0 une faute sur Isma\u00efla Sarr dans la surface de r\u00e9paration. Mais lors de cette rencontre, M. Atcho avait \u00e9galement \u00e9t\u00e9 tanc\u00e9 par le clan ivoirien pour ne pas avoir exclu Sadio Man\u00e9, pourtant auteur d\u2019une vilaine faute sur Ibrahim Sangar\u00e9 en d\u00e9but de rencontre.<\/p>\n<p class=\"\">\u00c0 noter que l\u2019officiel de 33 ans figurait parmi les arbitres VAR lors du quart de finale perdu par l\u2019Alg\u00e9rie face au Nigeria le samedi 10 janvier (0-2). C\u2019est donc lui qui avait choisi de ne pas convoquer Issa Sy, au centre des d\u00e9bats, pour lui permettre de revisionner les images <a href=\"https:\/\/www.leparisien.fr\/sports\/football\/coupe-d-afrique-des-nations\/algerie-nigeria-0-2-le-penalty-non-siffle-pour-les-fennecs-sur-une-main-dajayi-va-faire-polemique-10-01-2026-HPUYRAS2N5BP7ON5JMPFXAUKMM.php\" target=\"_self\" rel=\"nofollow noopener\">apr\u00e8s la main pol\u00e9mique de Junior Ajayi<\/a>, d\u00e9nonc\u00e9e avec vigueur par les Fennecs depuis plusieurs jours.<\/p>\n<p class=\"\">Cet hiver au Maroc, Pierre Atcho participe \u00e0 sa troisi\u00e8me Coupe d\u2019Afrique des nations apr\u00e8s les \u00e9ditions 2021 et 2023. Il a r\u00e9cemment offici\u00e9 lors des \u00e9liminatoires de la zone Afrique en vue de la Coupe du monde 2026 et \u00e0 la Coupe Arabe, remport\u00e9e par le Maroc au Qatar en d\u00e9cembre dernier.<\/p>\n","protected":false},"excerpt":{"rendered":"Les d\u00e9signations \u00e9taient tr\u00e8s attendues. Pr\u00e8s d\u2019une semaine apr\u00e8s le flou artistique ayant entour\u00e9 la nomination des arbitres&hellip;\n","protected":false},"author":2,"featured_media":21102,"comment_status":"","ping_status":"","sticky":false,"template":"","format":"standard","meta":{"footnotes":""},"categories":[48],"tags":[360,311,159,264],"class_list":{"0":"post-21101","1":"post","2":"type-post","3":"status-publish","4":"format-standard","5":"has-post-thumbnail","7":"category-senegal","8":"tag-can","9":"tag-football","10":"tag-senegal","11":"tag-sports"},"share_on_mastodon":{"url":"","error":""},"_links":{"self":[{"href":"https:\/\/www.europesays.com\/africa\/wp-json\/wp\/v2\/posts\/21101","targetHints":{"allow":["GET"]}}],"collection":[{"href":"https:\/\/www.europesays.com\/africa\/wp-json\/wp\/v2\/posts"}],"about":[{"href":"https:\/\/www.europesays.com\/africa\/wp-json\/wp\/v2\/types\/post"}],"author":[{"embeddable":true,"href":"https:\/\/www.europesays.com\/africa\/wp-json\/wp\/v2\/users\/2"}],"replies":[{"embeddable":true,"href":"https:\/\/www.europesays.com\/africa\/wp-json\/wp\/v2\/comments?post=21101"}],"version-history":[{"count":0,"href":"https:\/\/www.europesays.com\/africa\/wp-json\/wp\/v2\/posts\/21101\/revisions"}],"wp:featuredmedia":[{"embeddable":true,"href":"https:\/\/www.europesays.com\/africa\/wp-json\/wp\/v2\/media\/21102"}],"wp:attachment":[{"href":"https:\/\/www.europesays.com\/africa\/wp-json\/wp\/v2\/media?parent=21101"}],"wp:term":[{"taxonomy":"category","embeddable":true,"href":"https:\/\/www.europesays.com\/africa\/wp-json\/wp\/v2\/categories?post=21101"},{"taxonomy":"post_tag","embeddable":true,"href":"https:\/\/www.europesays.com\/africa\/wp-json\/wp\/v2\/tags?post=21101"}],"curies":[{"name":"wp","href":"https:\/\/api.w.org\/{rel}","templated":true}]}}