{"id":21103,"date":"2026-01-13T16:35:07","date_gmt":"2026-01-13T16:35:07","guid":{"rendered":"https:\/\/www.europesays.com\/africa\/21103\/"},"modified":"2026-01-13T16:35:07","modified_gmt":"2026-01-13T16:35:07","slug":"pourquoi-les-pluies-viennent-daugmenter-de-95-au-maroc","status":"publish","type":"post","link":"https:\/\/www.europesays.com\/africa\/21103\/","title":{"rendered":"Pourquoi les pluies viennent d&#8217;augmenter de 95 % au Maroc ?"},"content":{"rendered":"<p>C\u2019est un ouf de soulagement qui a certainement d\u00fb r\u00e9sonner depuis les massifs de l\u2019Atlas jusqu\u2019aux hautes plaines du Rif. Apr\u00e8s sept ann\u00e9es d\u2019une agonie climatique \u00e9touffante, marqu\u00e9e par un grave <a href=\"https:\/\/www.presse-citron.net\/secheresses-inondations-records-de-chaleur-leurope-vit-un-avant-gout-du-chaos-climatique\/\" rel=\"nofollow noopener\" target=\"_blank\">\u00e9pisode de s\u00e9cheresse<\/a> touchant l\u2019ensemble du pays, <a href=\"https:\/\/www.presse-citron.net\/la-france-coupe-le-cordon-avec-le-maroc-les-demarchages-telephoniques-vont-sarreter\/\" rel=\"nofollow noopener\" target=\"_blank\">le Maroc<\/a> semble enfin voir le bout du tunnel. Le royaume ch\u00e9rifien, qui s\u2019\u00e9tait habitu\u00e9 \u00e0 voir ses terres se craqueler sous un soleil de plomb et ses barrages se vider jusqu\u2019\u00e0 l\u2019os, vient d\u2019enregistrer un rebond spectaculaire\u00a0: une hausse des pr\u00e9cipitations de 95\u00a0% par rapport \u00e0 l\u2019ann\u00e9e derni\u00e8re.<\/p>\n<p>Le ciel a \u00e9t\u00e9 tr\u00e8s g\u00e9n\u00e9reux durant l\u2019hiver 2025, lib\u00e9rant ainsi le pays et ses habitants de cette p\u00e9riode cauchemardesque\u00a0: comment un tel d\u00e9luge a-t-il pu se produire\u00a0? Si ces pluies salvatrices ont \u00e9t\u00e9 accueillies avec b\u00e9n\u00e9diction, elles sont tomb\u00e9es du ciel parce que <a href=\"https:\/\/www.presse-citron.net\/rechauffement-climatique-tard-eviter-pire-scenario\/\" rel=\"nofollow noopener\" target=\"_blank\">le climat est compl\u00e8tement chamboul\u00e9<\/a>. Rien de tr\u00e8s rassurant pour ce qui est du long terme, finalement.<\/p>\n<p> Un miracle m\u00e9t\u00e9orologique\u00a0? Oui et non <\/p>\n<p>Ce chiffre spectaculaire pourrait laisser croire \u00e0 un retour \u00e0 la normale pour le Maroc, mais il n\u2019en est rien. Oui, voir les barrages se remplir \u00e0 nouveau jusqu\u2019\u00e0 46\u00a0% de leur capacit\u00e9 moyenne tient effectivement du prodige. Pour le secteur agricole, qui p\u00e8se pour environ 14\u00a0% du PIB national, c\u2019est une bouff\u00e9e d\u2019oxyg\u00e8ne inesp\u00e9r\u00e9e qui vient stopper net l\u2019h\u00e9morragie des emplois et la chute des rendements c\u00e9r\u00e9aliers.<\/p>\n<p>En r\u00e9alit\u00e9, le Maroc, comme tous les autres pays, fait face \u00e0 l\u2019intensification du cycle de l\u2019eau. L\u2019atmosph\u00e8re \u00e9tant plus chaude, elle retient davantage d\u2019humidit\u00e9 et les \u00e9pisodes pluvieux m\u00e9diterran\u00e9ens sont donc beaucoup plus violents et concentr\u00e9s.<\/p>\n<p>La manne d\u2019eau r\u00e9cup\u00e9r\u00e9e est, par cons\u00e9quent, pr\u00e9caire, puisque les sols, cuits par sept ans de stress thermique, sont devenus hydrophobes. Ils sont d\u00e9sormais comme une \u00e9paisse carapace de b\u00e9ton, laissant l\u2019eau ruisseler vers l\u2019oc\u00e9an et la mer, et ne rechargent plus les nappes phr\u00e9atiques. \u00c0 la moindre vague de chaleur, ce stock d\u2019eau expos\u00e9 \u00e0 l\u2019air libre risque de dispara\u00eetre aussi vite qu\u2019il est apparu.<\/p>\n<p>Si la terre boit aujourd\u2019hui \u00e0 sa soif, le pays sait qu\u2019il ne peut plus compter uniquement sur la cl\u00e9mence des cieux, qui est trop impr\u00e9visible. Le gouvernement marocain l\u2019a heureusement compris\u00a0: une hirondelle ne fait pas le printemps et ce n\u2019est pas parce que l\u2019hiver pass\u00e9 a \u00e9t\u00e9 salutaire que la crise structurelle hydrique qu\u2019il traverse depuis 1990 est r\u00e9gl\u00e9e.<\/p>\n<p>Pour ne plus \u00eatre l\u2019otage des caprices du thermom\u00e8tre, Rabat a d\u00e9cid\u00e9 de faire passer la part de l\u2019eau dessal\u00e9e dans la consommation d\u2019eau potable de 25\u00a0% \u00e0 60\u00a0% d\u2019ici 2030. Le pays dessale l\u2019eau de mer d\u00e9j\u00e0 depuis 1970, mais il est grand temps de passer \u00e0 la vitesse sup\u00e9rieure, sa r\u00e9silience en d\u00e9pend. L\u2019oc\u00e9an Atlantique sera ainsi son r\u00e9servoir principal, et le Royaume esp\u00e8re sanctuariser l\u2019eau de ses barrages pour l\u2019irrigation agricole, tout en assurant la survie de ses m\u00e9tropoles.<\/p>\n<p>Mais \u00e0 quel prix cette grande mutation se paiera\u00a0? Un tel projet demande des ressources et une \u00e9nergie colossale, et les stations recracheront des millions de m\u00e8tres cubes de saumure par an dont l\u2019impact environnemental pourrait, \u00e0 terme, fragiliser ces m\u00eames \u00e9cosyst\u00e8mes marins que le pays souhaite aujourd\u2019hui exploiter pour se sauver de l\u2019aridit\u00e9. Sans compter que la col\u00e8re gronde face au gouvernement d\u2019Aziz Akhannouch, souvent d\u00e9peint comme le visage d\u2019un capitalisme de connivence qui priorise les profits de ses propres holdings avant la soif du peuple. Un grand saut dans l\u2019inconnu industriel, qui pourrait tout aussi bien tourner au fiasco : rendez-vous en 2030 pour compter les points.<\/p>\n<p>  Le Maroc a connu une augmentation des pluies de 95\u00a0% par rapport \u00e0 l\u2019ann\u00e9e pr\u00e9c\u00e9dente, apr\u00e8s des ann\u00e9es de s\u00e9cheresse extr\u00eame. Malgr\u00e9 ce soulagement, le pays doit faire face \u00e0 des sols d\u00e9grad\u00e9s qui ne retiennent plus l\u2019eau, rendant la situation hydrique pr\u00e9caire. Le gouvernement pr\u00e9voit de passer \u00e0 60\u00a0% d\u2019eau dessal\u00e9e d\u2019ici 2030 pour garantir l\u2019approvisionnement en eau, mais cela soul\u00e8ve des pr\u00e9occupations environnementales.   <\/p>\n<p class=\"text-base text-neutral-700 dark:text-neutral-300\">\ud83d\udccd Pour ne manquer aucune actualit\u00e9 de Presse-citron, suivez-nous sur <a href=\"https:\/\/news.google.com\/publications\/CAAqBggKMIPiNTC70wU?hl=fr&amp;gl=FR&amp;ceid=FR%3Afr\" target=\"_blank\" rel=\"nofollow noopener\">Google Actualit\u00e9s<\/a> et <a href=\"https:\/\/whatsapp.com\/channel\/0029VaCkGuz4NViitBXbEr0b\" target=\"_blank\" rel=\"nofollow noopener\">WhatsApp<\/a>.<\/p>\n","protected":false},"excerpt":{"rendered":"C\u2019est un ouf de soulagement qui a certainement d\u00fb r\u00e9sonner depuis les massifs de l\u2019Atlas jusqu\u2019aux hautes plaines&hellip;\n","protected":false},"author":2,"featured_media":21104,"comment_status":"","ping_status":"","sticky":false,"template":"","format":"standard","meta":{"footnotes":""},"categories":[41],"tags":[2152,158,2148,759],"class_list":{"0":"post-21103","1":"post","2":"type-post","3":"status-publish","4":"format-standard","5":"has-post-thumbnail","7":"category-maroc","8":"tag-climat","9":"tag-maroc","10":"tag-meteo","11":"tag-science"},"share_on_mastodon":{"url":"","error":""},"_links":{"self":[{"href":"https:\/\/www.europesays.com\/africa\/wp-json\/wp\/v2\/posts\/21103","targetHints":{"allow":["GET"]}}],"collection":[{"href":"https:\/\/www.europesays.com\/africa\/wp-json\/wp\/v2\/posts"}],"about":[{"href":"https:\/\/www.europesays.com\/africa\/wp-json\/wp\/v2\/types\/post"}],"author":[{"embeddable":true,"href":"https:\/\/www.europesays.com\/africa\/wp-json\/wp\/v2\/users\/2"}],"replies":[{"embeddable":true,"href":"https:\/\/www.europesays.com\/africa\/wp-json\/wp\/v2\/comments?post=21103"}],"version-history":[{"count":0,"href":"https:\/\/www.europesays.com\/africa\/wp-json\/wp\/v2\/posts\/21103\/revisions"}],"wp:featuredmedia":[{"embeddable":true,"href":"https:\/\/www.europesays.com\/africa\/wp-json\/wp\/v2\/media\/21104"}],"wp:attachment":[{"href":"https:\/\/www.europesays.com\/africa\/wp-json\/wp\/v2\/media?parent=21103"}],"wp:term":[{"taxonomy":"category","embeddable":true,"href":"https:\/\/www.europesays.com\/africa\/wp-json\/wp\/v2\/categories?post=21103"},{"taxonomy":"post_tag","embeddable":true,"href":"https:\/\/www.europesays.com\/africa\/wp-json\/wp\/v2\/tags?post=21103"}],"curies":[{"name":"wp","href":"https:\/\/api.w.org\/{rel}","templated":true}]}}