{"id":21124,"date":"2026-01-13T16:48:06","date_gmt":"2026-01-13T16:48:06","guid":{"rendered":"https:\/\/www.europesays.com\/africa\/21124\/"},"modified":"2026-01-13T16:48:06","modified_gmt":"2026-01-13T16:48:06","slug":"can-2025-bein-sports-signe-les-deux-meilleures-audiences-de-son-histoire-avec-les-quarts-du-maroc-et-de-lalgerie","status":"publish","type":"post","link":"https:\/\/www.europesays.com\/africa\/21124\/","title":{"rendered":"CAN 2025\u00a0: BeIN Sports signe les deux meilleures audiences de son histoire avec les quarts du Maroc et de l\u2019Alg\u00e9rie"},"content":{"rendered":"<p class=\"paragraph text_align_left lp-f-body-02\">La <a href=\"https:\/\/www.leparisien.fr\/sports\/football\/coupe-d-afrique-des-nations\/\" target=\"_self\" rel=\"nofollow noopener\">Coupe d\u2019Afrique des nations<\/a> rapporte de beaux chiffres \u00e0 BeIN Sports. Plus que \u00e7a, la cha\u00eene du groupe qatarien a sign\u00e9 les deux meilleures audiences de son histoire \u00e0 l\u2019occasion de quarts de la finale de la comp\u00e9tition. Le nombre de t\u00e9l\u00e9spectateurs s\u2019est envol\u00e9 vendredi et samedi dernier.<\/p>\n<p class=\"\">A priori, BeIN peut remercier les supporters du <a href=\"https:\/\/www.leparisien.fr\/sports\/football\/cameroun\/\" target=\"_self\" rel=\"nofollow noopener\">Cameroun<\/a>, du <a href=\"https:\/\/www.leparisien.fr\/sports\/football\/maroc\/\" target=\"_self\" rel=\"nofollow noopener\">Maroc<\/a>, de l\u2019<a href=\"https:\/\/www.leparisien.fr\/sports\/football\/algerie\/\" target=\"_self\" rel=\"nofollow noopener\">Alg\u00e9rie<\/a> et du Nigeria, ainsi que le reste des suiveurs de la CAN 2025. Selon <a href=\"https:\/\/www.lequipe.fr\/Medias\/Actualites\/Bein-sports-realise-ses-deux-meilleures-audiences-historiques-grace-aux-quarts-de-finale-de-la-can-2025\/1633219\" target=\"_self\" rel=\"nofollow noopener\">L\u2019\u00c9quipe<\/a>, la cha\u00eene payante a battu son record gr\u00e2ce au <a href=\"https:\/\/www.leparisien.fr\/sports\/football\/coupe-d-afrique-des-nations\/maroc-cameroun-2-0-au-rendez-vous-de-leur-can-les-marocains-montent-en-puissance-et-sont-en-demi-finales-09-01-2026-DQHXW265DRHSVDAZBTEN26OGYI.php\" target=\"_self\" rel=\"nofollow noopener\">succ\u00e8s des Lions de l\u2019Atlas face aux Lions indomptables (2-0)<\/a>. En moyenne, l\u2019affiche a r\u00e9uni 641 000 personnes, avec un pic \u00e0 784 000, d\u2019apr\u00e8s les chiffres r\u00e9colt\u00e9s par M\u00e9diam\u00e9trie et partag\u00e9s par BeIN Sports.<\/p>\n<p>480 000 pour Alg\u00e9rie-Nigeria<\/p>\n<p class=\"\">Le lendemain, les audiences n\u2019ont pas atteint de tels sommets, mais sont rest\u00e9es \u00e0 un niveau exceptionnel pour le m\u00e9dia. La <a href=\"https:\/\/www.leparisien.fr\/sports\/football\/coupe-d-afrique-des-nations\/can-2025-lalgerie-na-pas-tenu-le-choc-face-au-nigeria-10-01-2026-YJBCN44HNRFPHLR3ZGVMOWZZM4.php\" target=\"_self\" rel=\"nofollow noopener\">d\u00e9faite des Fennecs face aux Super Eagles (2-0)<\/a> a attir\u00e9 480 000 t\u00e9l\u00e9spectateurs en moyenne, le tout couronn\u00e9 d\u2019un pic \u00e0 708 000.<\/p>\n<p class=\"\">Si l\u2019\u00e9quipe alg\u00e9rienne ne s\u2019est pas hiss\u00e9e en demi-finales, le dernier carr\u00e9 promet une nouvelle vague de curieux. Mercredi, le diffuseur fran\u00e7ais de la comp\u00e9tition retransmettra en direct les matchs S\u00e9n\u00e9gal-Egypte (18 heures) et Maroc-Nigeria (21 heures).<\/p>\n","protected":false},"excerpt":{"rendered":"La Coupe d\u2019Afrique des nations rapporte de beaux chiffres \u00e0 BeIN Sports. Plus que \u00e7a, la cha\u00eene du&hellip;\n","protected":false},"author":2,"featured_media":21125,"comment_status":"","ping_status":"","sticky":false,"template":"","format":"standard","meta":{"footnotes":""},"categories":[254],"tags":[255,360,311,264],"class_list":{"0":"post-21124","1":"post","2":"type-post","3":"status-publish","4":"format-standard","5":"has-post-thumbnail","7":"category-algerie","8":"tag-algerie","9":"tag-can","10":"tag-football","11":"tag-sports"},"share_on_mastodon":{"url":"","error":""},"_links":{"self":[{"href":"https:\/\/www.europesays.com\/africa\/wp-json\/wp\/v2\/posts\/21124","targetHints":{"allow":["GET"]}}],"collection":[{"href":"https:\/\/www.europesays.com\/africa\/wp-json\/wp\/v2\/posts"}],"about":[{"href":"https:\/\/www.europesays.com\/africa\/wp-json\/wp\/v2\/types\/post"}],"author":[{"embeddable":true,"href":"https:\/\/www.europesays.com\/africa\/wp-json\/wp\/v2\/users\/2"}],"replies":[{"embeddable":true,"href":"https:\/\/www.europesays.com\/africa\/wp-json\/wp\/v2\/comments?post=21124"}],"version-history":[{"count":0,"href":"https:\/\/www.europesays.com\/africa\/wp-json\/wp\/v2\/posts\/21124\/revisions"}],"wp:featuredmedia":[{"embeddable":true,"href":"https:\/\/www.europesays.com\/africa\/wp-json\/wp\/v2\/media\/21125"}],"wp:attachment":[{"href":"https:\/\/www.europesays.com\/africa\/wp-json\/wp\/v2\/media?parent=21124"}],"wp:term":[{"taxonomy":"category","embeddable":true,"href":"https:\/\/www.europesays.com\/africa\/wp-json\/wp\/v2\/categories?post=21124"},{"taxonomy":"post_tag","embeddable":true,"href":"https:\/\/www.europesays.com\/africa\/wp-json\/wp\/v2\/tags?post=21124"}],"curies":[{"name":"wp","href":"https:\/\/api.w.org\/{rel}","templated":true}]}}