{"id":21128,"date":"2026-01-13T16:50:07","date_gmt":"2026-01-13T16:50:07","guid":{"rendered":"https:\/\/www.europesays.com\/africa\/21128\/"},"modified":"2026-01-13T16:50:07","modified_gmt":"2026-01-13T16:50:07","slug":"meteo-temperatures-en-legere-baisse-ce-mardi-13-janvier-avec-un-temps-froid-sur-les-reliefs","status":"publish","type":"post","link":"https:\/\/www.europesays.com\/africa\/21128\/","title":{"rendered":"M\u00e9t\u00e9o. Temp\u00e9ratures en l\u00e9g\u00e8re baisse ce mardi 13 janvier, avec un temps froid sur les reliefs"},"content":{"rendered":"<p class=\"default__StyledText-sc-10mj2vp-0 CxBBS body-paragraph\">&#8211; Temps assez froid avec gel\u00e9e sur les reliefs, l\u2019Oriental, le Sud-Est et les Hauts plateaux.<\/p>\n<p class=\"default__StyledText-sc-10mj2vp-0 CxBBS body-paragraph\">&#8211; Chutes neige sur le Sud du Haut Atlas.<\/p>\n<p class=\"default__StyledText-sc-10mj2vp-0 CxBBS body-paragraph\">&#8211; Passages nuageux denses avec pluies ou averses avec risque d\u2019orage sur Chiadma, le Souss, l\u2019Anti-Atlas et ses versants Est, Abda, Doukkala et le Sud du Haut Atlas d\u00e8s l\u2019apr\u00e8s-midi.<\/p>\n<p class=\"default__StyledText-sc-10mj2vp-0 CxBBS body-paragraph\">&#8211; Temps peu \u00e0 passag\u00e8rement nuageux sur les plaines nord et centres, les Haut et Moyen Atlas et le Nord des provinces sahariennes avec quelques gouttes de pluies \u00e9parses, la nuit suivante.<\/p>\n<p class=\"default__StyledText-sc-10mj2vp-0 CxBBS body-paragraph\">&#8211; Rafales de vent assez fortes sur l\u2019Oriental, l\u2019Atlas, les c\u00f4tes centres et les provinces sahariennes.<\/p>\n<p class=\"default__StyledText-sc-10mj2vp-0 CxBBS body-paragraph\">&#8211; Temp\u00e9rature minimale de l\u2019ordre de -05\/01\u00b0C sur l\u2019Atlas, de 01\/06\u00b0C sur le Rif, le Sud-Est et l\u2019Oriental, de 11\/18\u00b0C sur le Souss, le Nord des provinces sahariennes et pr\u00e8s des c\u00f4tes et de 06\/11\u00b0C partout ailleurs.<\/p>\n<p class=\"default__StyledText-sc-10mj2vp-0 CxBBS body-paragraph\">&#8211; Temp\u00e9ratures diurnes en l\u00e9g\u00e8re baisse dans l\u2019ensemble.<\/p>\n<p class=\"default__StyledText-sc-10mj2vp-0 CxBBS body-paragraph\">&#8211; Mer belle en M\u00e9diterran\u00e9e, peu agit\u00e9e \u00e0 agit\u00e9e sur le D\u00e9troit, peu agit\u00e9e \u00e0 agit\u00e9e devenant agit\u00e9e \u00e0 forte l\u2019apr\u00e8s-midi entre Tanger et Tan-Tan, localement belle entre Tarfaya et Boujdour, et peu agit\u00e9e \u00e0 agit\u00e9e ailleurs.<\/p>\n<p class=\"default__StyledText-sc-10mj2vp-0 CxBBS body-paragraph\">Temp\u00e9ratures minimales et maximales pr\u00e9vues par la Direction g\u00e9n\u00e9rale de la m\u00e9t\u00e9orologie pour le mardi 13 janvier 2026 :<\/p>\n<p class=\"default__StyledText-sc-10mj2vp-0 CxBBS body-paragraph\">\u2013 Oujda min 6 max 18<\/p>\n<p class=\"default__StyledText-sc-10mj2vp-0 CxBBS body-paragraph\">\u2013 Bouarfa min 3 max 11<\/p>\n<p class=\"default__StyledText-sc-10mj2vp-0 CxBBS body-paragraph\">\u2013 Al Hoceima min 10 max 16<\/p>\n<p class=\"default__StyledText-sc-10mj2vp-0 CxBBS body-paragraph\">\u2013 T\u00e9touan min 11 max 17<\/p>\n<p class=\"default__StyledText-sc-10mj2vp-0 CxBBS body-paragraph\">\u2013 Sebta min 11 max 15<\/p>\n<p class=\"default__StyledText-sc-10mj2vp-0 CxBBS body-paragraph\">\u2013 Mellilia min 9 max 16<\/p>\n<p class=\"default__StyledText-sc-10mj2vp-0 CxBBS body-paragraph\">\u2013 Tanger min 8 max 16<\/p>\n<p class=\"default__StyledText-sc-10mj2vp-0 CxBBS body-paragraph\">\u2013 K\u00e9nitra min 6 max 16<\/p>\n<p class=\"default__StyledText-sc-10mj2vp-0 CxBBS body-paragraph\">\u2013 Rabat min 8 max 16<\/p>\n<p class=\"default__StyledText-sc-10mj2vp-0 CxBBS body-paragraph\">\u2013 Casablanca min 8 max 18<\/p>\n<p class=\"default__StyledText-sc-10mj2vp-0 CxBBS body-paragraph\">\u2013 El Jadida min 8 max 17<\/p>\n<p class=\"default__StyledText-sc-10mj2vp-0 CxBBS body-paragraph\">\u2013 Settat min 6 max 16<\/p>\n<p class=\"default__StyledText-sc-10mj2vp-0 CxBBS body-paragraph\">\u2013 Safi min 8 max 17<\/p>\n<p class=\"default__StyledText-sc-10mj2vp-0 CxBBS body-paragraph\">\u2013 Khouribga min 6 max 16<\/p>\n<p class=\"default__StyledText-sc-10mj2vp-0 CxBBS body-paragraph\">\u2013 B\u00e9ni Mellal min 5 max 19<\/p>\n<p class=\"default__StyledText-sc-10mj2vp-0 CxBBS body-paragraph\">\u2013 Marrakech min 6 max 19<\/p>\n<p class=\"default__StyledText-sc-10mj2vp-0 CxBBS body-paragraph\">\u2013 Mekn\u00e8s min 4 max 17<\/p>\n<p class=\"default__StyledText-sc-10mj2vp-0 CxBBS body-paragraph\">\u2013 F\u00e8s min 4 max 17<\/p>\n<p class=\"default__StyledText-sc-10mj2vp-0 CxBBS body-paragraph\">\u2013 Ifrane min \u20131 max 12<\/p>\n<p class=\"default__StyledText-sc-10mj2vp-0 CxBBS body-paragraph\">\u2013 Taounate min 6 max 18<\/p>\n<p class=\"default__StyledText-sc-10mj2vp-0 CxBBS body-paragraph\">\u2013 Errachidia min 2 max 12<\/p>\n<p class=\"default__StyledText-sc-10mj2vp-0 CxBBS body-paragraph\">\u2013 Ouarzazate min 2 max 16<\/p>\n<p class=\"default__StyledText-sc-10mj2vp-0 CxBBS body-paragraph\">\u2013 Agadir min 6 max 22<\/p>\n<p class=\"default__StyledText-sc-10mj2vp-0 CxBBS body-paragraph\">\u2013 Essaouira min 9 max 19<\/p>\n<p class=\"default__StyledText-sc-10mj2vp-0 CxBBS body-paragraph\">\u2013 La\u00e2youne min 10 max 24<\/p>\n<p class=\"default__StyledText-sc-10mj2vp-0 CxBBS body-paragraph\">\u2013 Es-Semara min 9 max 24<\/p>\n<p class=\"default__StyledText-sc-10mj2vp-0 CxBBS body-paragraph\">\u2013 Dakhla min 14 max 18<\/p>\n<p class=\"default__StyledText-sc-10mj2vp-0 CxBBS body-paragraph\">\u2013 Aousserd min 12 max 25<\/p>\n<p class=\"default__StyledText-sc-10mj2vp-0 CxBBS body-paragraph\">\u2013 Lagouira min 14 max 24<\/p>\n<p class=\"default__StyledText-sc-10mj2vp-0 CxBBS body-paragraph\">\u2013 Midelt min 1 max 13<\/p>\n<p>Par Le360 (avec MAP)<\/p>\n<p>Le 13\/01\/2026 \u00e0 06h03<\/p>\n","protected":false},"excerpt":{"rendered":"&#8211; Temps assez froid avec gel\u00e9e sur les reliefs, l\u2019Oriental, le Sud-Est et les Hauts plateaux. &#8211; Chutes&hellip;\n","protected":false},"author":2,"featured_media":21129,"comment_status":"","ping_status":"","sticky":false,"template":"","format":"standard","meta":{"footnotes":""},"categories":[41],"tags":[2152,2147,158,2148,2149,2150,2151],"class_list":{"0":"post-21128","1":"post","2":"type-post","3":"status-publish","4":"format-standard","5":"has-post-thumbnail","7":"category-maroc","8":"tag-climat","9":"tag-dgm","10":"tag-maroc","11":"tag-meteo","12":"tag-meteorologie","13":"tag-temperatures","14":"tag-vague-de-froid"},"share_on_mastodon":{"url":"","error":""},"_links":{"self":[{"href":"https:\/\/www.europesays.com\/africa\/wp-json\/wp\/v2\/posts\/21128","targetHints":{"allow":["GET"]}}],"collection":[{"href":"https:\/\/www.europesays.com\/africa\/wp-json\/wp\/v2\/posts"}],"about":[{"href":"https:\/\/www.europesays.com\/africa\/wp-json\/wp\/v2\/types\/post"}],"author":[{"embeddable":true,"href":"https:\/\/www.europesays.com\/africa\/wp-json\/wp\/v2\/users\/2"}],"replies":[{"embeddable":true,"href":"https:\/\/www.europesays.com\/africa\/wp-json\/wp\/v2\/comments?post=21128"}],"version-history":[{"count":0,"href":"https:\/\/www.europesays.com\/africa\/wp-json\/wp\/v2\/posts\/21128\/revisions"}],"wp:featuredmedia":[{"embeddable":true,"href":"https:\/\/www.europesays.com\/africa\/wp-json\/wp\/v2\/media\/21129"}],"wp:attachment":[{"href":"https:\/\/www.europesays.com\/africa\/wp-json\/wp\/v2\/media?parent=21128"}],"wp:term":[{"taxonomy":"category","embeddable":true,"href":"https:\/\/www.europesays.com\/africa\/wp-json\/wp\/v2\/categories?post=21128"},{"taxonomy":"post_tag","embeddable":true,"href":"https:\/\/www.europesays.com\/africa\/wp-json\/wp\/v2\/tags?post=21128"}],"curies":[{"name":"wp","href":"https:\/\/api.w.org\/{rel}","templated":true}]}}