{"id":21166,"date":"2026-01-13T17:14:34","date_gmt":"2026-01-13T17:14:34","guid":{"rendered":"https:\/\/www.europesays.com\/africa\/21166\/"},"modified":"2026-01-13T17:14:34","modified_gmt":"2026-01-13T17:14:34","slug":"la-can-est-nee-en-afrique-par-les-africains-elle-nest-pas-un-fait-colonial-il-serait-dommage-de-ne-pas-respecter-cela-previent-charles-moukory-specialiste-du-football-afri","status":"publish","type":"post","link":"https:\/\/www.europesays.com\/africa\/21166\/","title":{"rendered":"\u00ab\u00a0La CAN est n\u00e9e en Afrique par les Africains, elle n&#8217;est pas un fait colonial. Il serait dommage de ne pas respecter cela\u00a0\u00bb, pr\u00e9vient Charles Moukory, sp\u00e9cialiste du football africain"},"content":{"rendered":"<p>Coauteur d\u2019Il \u00e9tait une fois la CAN (Solar, octobre 2025) avec H\u00e9di Hamel et Boniface Murutampunzi, Charles Moukory est sp\u00e9cialiste du football africain. Journaliste franco-camerounais, il a couvert de nombreuses \u00e9ditions pour Afrique Football. \u00c0 l\u2019issue des quarts de finale, <a href=\"https:\/\/www.humanite.fr\/sports\/coupe-dafrique-des-nations\/can-2025-ayoub-el-kaabi-lorfevre-du-but\" rel=\"nofollow noopener\" target=\"_blank\">il livre son regard sur cette Coupe d\u2019Afrique des nations organis\u00e9e au Maroc<\/a>.<\/p>\n<p class=\"wp-block-huma-question\">Quel premier bilan vous faites-vous de cette CAN\u00a0?<\/p>\n<p class=\"t-label-medium debater__name\">Charles Moukory<\/p>\n<p class=\"t-label-small debater__function\">Auteur, journaliste et sp\u00e9cialiste du football africain<\/p>\n<p>Tous les favoris attendus sont bel et bien pr\u00e9sents dans la derni\u00e8re ligne droite. Il n\u2019y a pas eu de grandes surprises, la hi\u00e9rarchie a \u00e9t\u00e9 respect\u00e9e au fil du tournoi. Le dernier carr\u00e9 ne souffre aucune contestation, avec le S\u00e9n\u00e9gal qu\u2019on attendait, l\u2019\u00c9gypte toujours pr\u00e9sente, <a href=\"https:\/\/www.humanite.fr\/sports\/coupe-dafrique-des-nations\/can-2025-ayoub-el-kaabi-lorfevre-du-but\" rel=\"nofollow noopener\" target=\"_blank\">le Maroc, pays organisateur et demi-finaliste de la derni\u00e8re Coupe du monde<\/a>, parfaitement \u00e0 sa place, et enfin le Nigeria, la puissance r\u00e9guli\u00e8re du continent, une des valeurs les plus s\u00fbres de ces vingt derni\u00e8res ann\u00e9es.<\/p>\n<p>\u00c0 la p\u00e9riph\u00e9rie de ces quatre nations, il y avait le Cameroun et l\u2019Alg\u00e9rie. Mais les deux \u00e9quipes sont en reconstruction et n\u2019avaient pas les moyens d\u2019aller plus loin, d\u2019autant que le Cameroun a en plus chang\u00e9 d\u2019entra\u00eeneur, \u00e0 seulement vingt jours de la CAN\u2026<\/p>\n<p class=\"wp-block-huma-question\">La C\u00f4te d\u2019Ivoire, tenante du titre, s\u2019est arr\u00eat\u00e9e en quart de finale face \u00e0 l\u2019\u00c9gypte (3-2). Depuis le tripl\u00e9 r\u00e9alis\u00e9 par les Pharaons (2006, 2008 et 2010), aucune \u00e9quipe n\u2019est parvenue \u00e0 conserver sa couronne ces quinze derni\u00e8res ann\u00e9es. Qu\u2019est-ce que cela traduit\u00a0?<\/p>\n<p>La C\u00f4te d\u2019Ivoire avait une tr\u00e8s belle \u00e9quipe, solide et compl\u00e9mentaire. Elle \u00e9tait partie pour, pourquoi pas, r\u00e9\u00e9diter l\u2019exploit\u2026 Elle avait les moyens, mais elle a \u00e9t\u00e9 battue par le r\u00e9alisme froid des \u00c9gyptiens, toujours aussi redoutables, en quelques actions.<\/p>\n<p>La d\u00e9faite de la C\u00f4te d\u2019Ivoire ob\u00e9it un peu \u00e0 une nouvelle r\u00e8gle qui s\u2019installe, celle d\u2019un nivellement vers le haut, c\u2019est-\u00e0-dire que les meilleurs se neutralisent. <a href=\"https:\/\/www.humanite.fr\/sports\/coupe-dafrique-des-nations\/football-malgre-la-ferveur-populaire-la-coupe-dafrique-des-nations-peine-a-remplir-les-stades\" rel=\"nofollow noopener\" target=\"_blank\">Aucune formation n\u2019arrive \u00e0 asseoir sa domination<\/a> et \u00e7a va \u00eatre compliqu\u00e9 de le refaire, m\u00eame si je pense que l\u2019\u00c9gypte en a les moyens.<\/p>\n<p>Avec sept victoires, un record, la CAN, c\u2019est un peu son tournoi\u2026 Et il y a une constance chez les Pharaons qui sont toujours ou presque quart de finalistes, demi-finalistes ou m\u00eame finalistes.<\/p>\n<p class=\"wp-block-huma-question\">Quel regard portez-vous sur la premi\u00e8re demi-finale, qui opposera mercredi le S\u00e9n\u00e9gal \u00e0 l\u2019\u00c9gypte\u00a0?<\/p>\n<p>Cette demi-finale est un classique. C\u2019est l\u2019affrontement \u00e0 distance entre deux fr\u00e8res\u00a0: Sadio Man\u00e9 et Mohamed Salah. Deux joueurs qui ont port\u00e9 les couleurs de Liverpool, qui \u00e9taient vraiment des complices sur le terrain. En finale de la CAN 2021, alors qu\u2019aucun d\u2019eux ne l\u2019avait jamais gagn\u00e9e, c\u2019est Man\u00e9 qui l\u2019emporte sur l\u2019ultime tir au but (0-0, 4 tirs \u00e0 2) et offre le premier titre au S\u00e9n\u00e9gal.<\/p>\n<p>Cette ann\u00e9e, le S\u00e9n\u00e9gal est tr\u00e8s serein, m\u00eame s\u2019il n\u2019a pas fait montre d\u2019une grande domination. Et de l\u2019autre c\u00f4t\u00e9, on a l\u2019\u00c9gypte, toujours la m\u00eame, qui, si elle n\u2019est pas s\u00e9duisante, finit toujours par passer\u2026<\/p>\n<p class=\"wp-block-huma-question\">Et pour l\u2019autre demi-finale entre le Maroc et le Nigeria\u00a0?<\/p>\n<p>C\u2019est une belle opposition, parce que le Maroc, en plus d\u2019\u00eatre \u00e0 domicile avec un public qui va le porter \u00e0 bout de bras, a vu son \u00e9quipe monter en puissance. Demi-finalistes de la Coupe du monde 2022, les Lions de l\u2019Atlas ont gard\u00e9 le m\u00eame entra\u00eeneur, la m\u00eame l\u2019ossature et poss\u00e8dent d\u00e9sormais <a href=\"https:\/\/www.humanite.fr\/politique\/coupe-dafrique-des-nations\/etre-selectionne-a-la-can-cest-faire-entendre-sa-voix-grace-au-football-rencontre-avec-said-el-abadi-auteur-de-lhistoire-du-football-afric\" rel=\"nofollow noopener\" target=\"_blank\">une exp\u00e9rience des rencontres de tr\u00e8s haut niveau qui leur permet de r\u00e9sister \u00e0 la pression.<\/a><\/p>\n<p>De son c\u00f4t\u00e9, le Nig\u00e9ria, c\u2019est la mitraillette de cette CAN avec la meilleure attaque (14 buts inscrits en 5 matchs) et ses deux stars Victor Osimhen et Ademola Lookman. On ne comprend d\u2019ailleurs pas tr\u00e8s bien comment cette \u00e9quipe n\u2019a pas su se qualifier pour la Coupe du monde\u2026<\/p>\n<p>La question, est de savoir si le Nigeria pourra supporter l\u2019intensit\u00e9, le pressing incessant que vont mettre les Marocains pour le canaliser\u00a0? \u00c7a va \u00eatre une grosse bataille tactique. C\u2019est l\u00e0 tout l\u2019enjeu de cette deuxi\u00e8me demi-finale. Si je devais faire un pronostic, je pense qu\u2019on se dirige vers une finale Maroc-S\u00e9n\u00e9gal.<\/p>\n<p class=\"wp-block-huma-question\">La CAN, c\u2019est aussi une ambiance exceptionnelle. Cette fois, un supporter congolais, Michel Kuka Mboladinga, est devenu une ic\u00f4ne en restant immobile \u00e0 chaque match de la RDC, pour rendre hommage au h\u00e9ros de l\u2019ind\u00e9pendance du Congo\u2026<\/p>\n<p>Il est entr\u00e9 dans l\u2019histoire de cette 35e \u00e9dition en se transformant en statue vivante \u00e0 l\u2019effigie de Patrice Lumumba, le premier ministre congolais assassin\u00e9 en janvier 1961, durant tous les matchs de la RDC avec un bras lev\u00e9 et ses costumes aux couleurs de la RDC, jaune, bleu et rouge.<\/p>\n<p><img loading=\"lazy\" decoding=\"async\" width=\"932\" height=\"582\" data-wp-class--hide=\"state.isContentHidden\" data-wp-class--show=\"state.isContentVisible\" data-wp-init=\"callbacks.setButtonStyles\" data-wp-on--click=\"actions.showLightbox\" data-wp-on--load=\"callbacks.setButtonStyles\" data-wp-on-window--resize=\"callbacks.setButtonStyles\" src=\"https:\/\/www.europesays.com\/africa\/wp-content\/uploads\/2026\/01\/Michel-Kuka-Mboladinga.jpg\" alt=\"\" class=\"wp-image-3407599\"  \/><\/p>\n<p>\t\t Michel Kuka Mboladinga dans les tribunes du match entre l\u2019Alg\u00e9rie et la R\u00e9publique d\u00e9mocratique du Congo au stade du prince Moulay El Hassan Stadium, \u00e0 Rabat le 6 janvier 2026. <br \/>\u00a9Gabriel BOUYS \/ AFP<\/p>\n<p>C\u2019est un peu le symbole du supporter de tous les pays qui ont gagn\u00e9 leur ind\u00e9pendance, parce que j\u2019ai vu ensuite des Alg\u00e9riens le reprendre avec un uniforme aux couleurs de l\u2019Alg\u00e9rie. Des Nig\u00e9rians lui ont aussi rendu hommage avec la m\u00eame posture immobile de statue. Et d\u2019autres pays vont certainement leur embo\u00eeter le pas encore\u2026<\/p>\n<p>J\u2019avais d\u00e9j\u00e0 vu ce supporter s\u2019illustrer de la m\u00eame fa\u00e7on <a href=\"https:\/\/www.humanite.fr\/politique\/coupe-dafrique-des-nations\/etre-selectionne-a-la-can-cest-faire-entendre-sa-voix-grace-au-football-rencontre-avec-said-el-abadi-auteur-de-lhistoire-du-football-afric\" rel=\"nofollow noopener\" target=\"_blank\">pendant les barrages qualificatifs \u00e0 la Coupe du monde 2026<\/a> dans les tribunes. Sa ressemblance physique est assez \u00e9tonnante d\u2019ailleurs avec le personnage historique.<\/p>\n<p>Avec la m\u00e9diatisation de la CAN, cet hommage a pris une autre dimension\u2026 C\u2019est aussi un rappel historique tr\u00e8s int\u00e9ressant, qui a permis \u00e0 des joueurs d\u2019autres \u00e9quipes et des jeunes supporters de prendre conscience de l\u2019histoire de l\u2019ind\u00e9pendance du Congo.<\/p>\n<p class=\"wp-block-huma-question\">\u00c0 la veille de la CAN, la Conf\u00e9d\u00e9ration africaine a annonc\u00e9 que l\u2019\u00e9preuve se jouera d\u00e9sormais tous les quatre ans \u00e0 partir de 2028. Quelle est votre analyse\u00a0?<\/p>\n<p>C\u2019est une catastrophe parce que <a href=\"https:\/\/www.humanite.fr\/politique\/coupe-dafrique-des-nations\/etre-selectionne-a-la-can-cest-faire-entendre-sa-voix-grace-au-football-rencontre-avec-said-el-abadi-auteur-de-lhistoire-du-football-afric\" rel=\"nofollow noopener\" target=\"_blank\">la CAN, c\u2019est vraiment une f\u00eate entre les diff\u00e9rents peuples africains autour du football<\/a>. Sur ce continent, c\u2019est comme au Br\u00e9sil, le football est une religion. C\u2019est terrible, car la CAN est une fiert\u00e9 pour les Africains qui l\u2019ont cr\u00e9\u00e9e eux-m\u00eames.<\/p>\n<p>Elle est n\u00e9e en Afrique par les Africains et n\u2019a pas \u00e9t\u00e9 un fait colonial impos\u00e9 par les puissances \u00e9trang\u00e8res, comme beaucoup de choses sur le continent. Les Africains sont tr\u00e8s fiers d\u2019avoir eux-m\u00eames pris cette initiative et de l\u2019avoir fait grandir \u00e0 tel point qu\u2019elle est reconnue mondialement et qu\u2019elle est devenue aujourd\u2019hui la troisi\u00e8me comp\u00e9tition de football la plus suivie au monde, derri\u00e8re le Mondial et l\u2019Euro, mais avant la Copa America.<\/p>\n<p>Il est dommage que cela se fasse sans respecter cet h\u00e9ritage, sous la pression des grands clubs europ\u00e9ens, qui veulent de moins en moins lib\u00e9rer leurs joueurs africains pour disputer la CAN, de l\u2019UEFA ainsi que de la Fifa qui veut aussi imposer sa Coupe du monde des clubs dans le calendrier.<\/p>\n<p>Oui, on s\u2019en doute\u00a0: vous en avez assez<\/p>\n<p>Voir ces messages d\u2019appel au don, \u00e7a peut \u00eatre p\u00e9nible. Nous le savons. Et on doit bien vous avouer que nous pr\u00e9f\u00e9rerions ne pas avoir \u00e0 les \u00e9crire\u2026<\/p>\n<p>Mais voil\u00e0\u00a0: c\u2019est crucial pour l\u2019Humanit\u00e9. Si ce titre existe toujours aujourd\u2019hui, c\u2019est gr\u00e2ce au financement r\u00e9gulier de nos lectrices et lecteurs.<\/p>\n<p>C\u2019est gr\u00e2ce \u00e0 votre soutien que nous pouvons exercer notre m\u00e9tier avec passion. Nous ne d\u00e9pendons ni des int\u00e9r\u00eats d\u2019un propri\u00e9taire milliardaire, ni de pressions politiques : personne ne nous dicte ce que nous devons dire ou taire.<\/p>\n<p>Votre engagement nous lib\u00e8re aussi de la course aux clics et \u00e0 l\u2019audience. Plut\u00f4t que de chercher \u00e0 capter l\u2019attention \u00e0 tout prix, nous choisissons de traiter les sujets que notre r\u00e9daction juge essentiels\u00a0: parce qu\u2019ils m\u00e9ritent d\u2019\u00eatre lus, compris, partag\u00e9s. Parce que nous estimons qu\u2019ils vous seront utiles<\/p>\n<p>\u00c0 l\u2019heure actuelle, moins d\u2019un quart des lectrices et lecteurs qui viennent plus de 3\u00a0fois sur le site par semaine nous aident \u00e0 financer notre travail, par leur abonnement ou par leurs dons. Si vous voulez prot\u00e9ger le journalisme ind\u00e9pendant, s\u2019il vous pla\u00eet, rejoignez-les.<\/p>\n","protected":false},"excerpt":{"rendered":"Coauteur d\u2019Il \u00e9tait une fois la CAN (Solar, octobre 2025) avec H\u00e9di Hamel et Boniface Murutampunzi, Charles Moukory&hellip;\n","protected":false},"author":2,"featured_media":21167,"comment_status":"","ping_status":"","sticky":false,"template":"","format":"standard","meta":{"footnotes":""},"categories":[62],"tags":[64],"class_list":{"0":"post-21166","1":"post","2":"type-post","3":"status-publish","4":"format-standard","5":"has-post-thumbnail","7":"category-afrique","8":"tag-afrique"},"share_on_mastodon":{"url":"","error":""},"_links":{"self":[{"href":"https:\/\/www.europesays.com\/africa\/wp-json\/wp\/v2\/posts\/21166","targetHints":{"allow":["GET"]}}],"collection":[{"href":"https:\/\/www.europesays.com\/africa\/wp-json\/wp\/v2\/posts"}],"about":[{"href":"https:\/\/www.europesays.com\/africa\/wp-json\/wp\/v2\/types\/post"}],"author":[{"embeddable":true,"href":"https:\/\/www.europesays.com\/africa\/wp-json\/wp\/v2\/users\/2"}],"replies":[{"embeddable":true,"href":"https:\/\/www.europesays.com\/africa\/wp-json\/wp\/v2\/comments?post=21166"}],"version-history":[{"count":0,"href":"https:\/\/www.europesays.com\/africa\/wp-json\/wp\/v2\/posts\/21166\/revisions"}],"wp:featuredmedia":[{"embeddable":true,"href":"https:\/\/www.europesays.com\/africa\/wp-json\/wp\/v2\/media\/21167"}],"wp:attachment":[{"href":"https:\/\/www.europesays.com\/africa\/wp-json\/wp\/v2\/media?parent=21166"}],"wp:term":[{"taxonomy":"category","embeddable":true,"href":"https:\/\/www.europesays.com\/africa\/wp-json\/wp\/v2\/categories?post=21166"},{"taxonomy":"post_tag","embeddable":true,"href":"https:\/\/www.europesays.com\/africa\/wp-json\/wp\/v2\/tags?post=21166"}],"curies":[{"name":"wp","href":"https:\/\/api.w.org\/{rel}","templated":true}]}}