{"id":21172,"date":"2026-01-13T17:17:09","date_gmt":"2026-01-13T17:17:09","guid":{"rendered":"https:\/\/www.europesays.com\/africa\/21172\/"},"modified":"2026-01-13T17:17:09","modified_gmt":"2026-01-13T17:17:09","slug":"le-recit-glacant-des-temoins-du-meurtre-de-ramatoulaye-balde-video","status":"publish","type":"post","link":"https:\/\/www.europesays.com\/africa\/21172\/","title":{"rendered":"Le r\u00e9cit gla\u00e7ant des t\u00e9moins du meurtre de Ramatoulaye Bald\u00e9 (vid\u00e9o)"},"content":{"rendered":"<p class=\"firstp\">Un drame d\u2019une rare violence s\u2019est produit \u00e0 Yarakh. Ramatoulaye Bald\u00e9, une femme en situation de handicap moteur et g\u00e9rante d\u2019un multiservice, a \u00e9t\u00e9 mortellement poignard\u00e9e par un individu qui a ensuite pris la fuite.<\/p>\n<p>Selon des t\u00e9moignages recueillis sur place, la victime avait momentan\u00e9ment quitt\u00e9 son commerce pour effectuer des ablutions dans la maison abritant le magasin. \u00c0 son retour \u00e0 l\u2019int\u00e9rieur, elle aurait \u00e9t\u00e9 attaqu\u00e9e \u00e0 l\u2019arme blanche par son agresseur.\n<\/p>\n<p>Gravement bless\u00e9e et perdant abondamment du sang, <a href=\"https:\/\/www.senenews.com\/actualites\/multimedia\/video\/actualite-video\/yarakh-ramatoulaye-balde-handicapee-et-gerante-de-multiservice-poignardee-a-mort_572480.html\" rel=\"nofollow noopener\" target=\"_blank\">Ramatoulaye Bald\u00e9<\/a> a fait preuve d\u2019un courage bouleversant. Malgr\u00e9 la douleur et son handicap, elle est parvenue \u00e0 sortir du magasin pour alerter les riverains, le couteau encore plant\u00e9 dans la poitrine. Elle s\u2019est effondr\u00e9e quelques instants plus tard et a rendu l\u2019\u00e2me sous les yeux des t\u00e9moins impuissants.<\/p>\n","protected":false},"excerpt":{"rendered":"Un drame d\u2019une rare violence s\u2019est produit \u00e0 Yarakh. Ramatoulaye Bald\u00e9, une femme en situation de handicap moteur&hellip;\n","protected":false},"author":2,"featured_media":21173,"comment_status":"","ping_status":"","sticky":false,"template":"","format":"standard","meta":{"footnotes":""},"categories":[48],"tags":[13175,159,163,239,13176],"class_list":{"0":"post-21172","1":"post","2":"type-post","3":"status-publish","4":"format-standard","5":"has-post-thumbnail","7":"category-senegal","8":"tag-ramatoulaye-balde","9":"tag-senegal","10":"tag-senegal-actualites","11":"tag-societe","12":"tag-yarakh"},"share_on_mastodon":{"url":"","error":""},"_links":{"self":[{"href":"https:\/\/www.europesays.com\/africa\/wp-json\/wp\/v2\/posts\/21172","targetHints":{"allow":["GET"]}}],"collection":[{"href":"https:\/\/www.europesays.com\/africa\/wp-json\/wp\/v2\/posts"}],"about":[{"href":"https:\/\/www.europesays.com\/africa\/wp-json\/wp\/v2\/types\/post"}],"author":[{"embeddable":true,"href":"https:\/\/www.europesays.com\/africa\/wp-json\/wp\/v2\/users\/2"}],"replies":[{"embeddable":true,"href":"https:\/\/www.europesays.com\/africa\/wp-json\/wp\/v2\/comments?post=21172"}],"version-history":[{"count":0,"href":"https:\/\/www.europesays.com\/africa\/wp-json\/wp\/v2\/posts\/21172\/revisions"}],"wp:featuredmedia":[{"embeddable":true,"href":"https:\/\/www.europesays.com\/africa\/wp-json\/wp\/v2\/media\/21173"}],"wp:attachment":[{"href":"https:\/\/www.europesays.com\/africa\/wp-json\/wp\/v2\/media?parent=21172"}],"wp:term":[{"taxonomy":"category","embeddable":true,"href":"https:\/\/www.europesays.com\/africa\/wp-json\/wp\/v2\/categories?post=21172"},{"taxonomy":"post_tag","embeddable":true,"href":"https:\/\/www.europesays.com\/africa\/wp-json\/wp\/v2\/tags?post=21172"}],"curies":[{"name":"wp","href":"https:\/\/api.w.org\/{rel}","templated":true}]}}