{"id":21247,"date":"2026-01-13T18:00:11","date_gmt":"2026-01-13T18:00:11","guid":{"rendered":"https:\/\/www.europesays.com\/africa\/21247\/"},"modified":"2026-01-13T18:00:11","modified_gmt":"2026-01-13T18:00:11","slug":"can-2025-le-titre-seule-option-pour-walid-regragui-et-le-maroc","status":"publish","type":"post","link":"https:\/\/www.europesays.com\/africa\/21247\/","title":{"rendered":"CAN 2025: Le titre, seule option pour Walid Regragui et le Maroc"},"content":{"rendered":"<p class=\"a-paragraph a-paragraph--lead\" data-t-name=\"Paragraph\">Autant critiqu\u00e9e qu&#8217;adul\u00e9e, la s\u00e9lection marocaine men\u00e9e par Walid Regragui semble dans l&#8217;obligation de d\u00e9crocher un titre de champion d&#8217;Afrique qui \u00e9chappe au royaume depuis 50 ans. Les Lions de l&#8217;Atlas affrontent mercredi (21h00) le Nig\u00e9ria en demi-finale de \u00ableur\u00bb CAN \u00e0 Rabat.<\/p>\n<p>  <img decoding=\"async\" class=\"m-image-and-caption__image lazyload\" src=\"https:\/\/www.europesays.com\/africa\/wp-content\/uploads\/2026\/01\/a6f1215c-fb9b-4b33-8340-d9523e0a224a.png\"  data- alt=\"La s\u00e9lection marocaine men\u00e9e par Walid Regragui semble dans l'obligation de d\u00e9crocher un titre de champion d'Afrique.\"\/><\/p>\n<p>      La s\u00e9lection marocaine men\u00e9e par Walid Regragui semble dans l&#8217;obligation de d\u00e9crocher un titre de champion d&#8217;Afrique.<\/p>\n<p>        ats\n      <\/p>\n<p class=\"a-paragraph\" data-t-name=\"Paragraph\">Les conf\u00e9rences de presse du technicien de 50 ans sont un spectacle que personne ne veut manquer. Mardi \u00e0 la veille de ce qui est peut-\u00eatre \u00able match le plus important de l&#8217;histoire du Maroc\u00bb, comme il l&#8217;a qualifi\u00e9 lui-m\u00eame, au moins 200 journalistes se sont serr\u00e9s dans l&#8217;immense salle qui les accueille \u00e0 c\u00f4t\u00e9 du stade Moulay Abdellah de la capitale.<\/p>\n<p class=\"a-paragraph\" data-t-name=\"Paragraph\">Regragui, n\u00e9 \u00e0 Corbeil-Essonnes en France, y r\u00e9pond sans d\u00e9tour aux questions parfois incisives des journalistes locaux, jamais tendres \u00e0 son \u00e9gard. Il y parle tactique, fait passer ses messages personnels \u2013 comme cet hommage appuy\u00e9 \u00e0 Rolland Courbis, son entra\u00eeneur lorsqu&#8217;il \u00e9voluait \u00e0 Ajaccio et d\u00e9c\u00e9d\u00e9 lundi -, et s&#8217;y fait l&#8217;ardent d\u00e9fenseur du football africain.<\/p>\n<p class=\"a-paragraph\" data-t-name=\"Paragraph\">Il manie l&#8217;humour et la l\u00e9g\u00e8ret\u00e9 aussi alors m\u00eame qu&#8217;il vit avec la pression de remporter un troph\u00e9e qui \u00e9chappe au Maroc depuis 1976, l&#8217;ann\u00e9e de son dernier, et unique, sacre continental. \u00abJ&#8217;ai une bonne nouvelle\u00bb, a-t-il par exemple lanc\u00e9 mardi. \u00abAzzedine Ounahi va jouer demain!&#8230; Non, je d\u00e9conne.\u00bb Son milieu de terrain bless\u00e9 en phase de groupes est bel et bien forfait pour le reste de la comp\u00e9tition, mais Regragui n&#8217;est pas m\u00e9content d&#8217;avoir d\u00e9tendu l&#8217;atmosph\u00e8re.<\/p>\n<p class=\"a-paragraph\" data-t-name=\"Paragraph\">Orateur hors pair, l&#8217;ancien arri\u00e8re droit ne se d\u00e9brouille pas si mal non plus dans son domaine de pr\u00e9dilection, le terrain. Ses joueurs, dont le peuple marocain ne supporterait pas autre chose qu&#8217;une victoire en finale, y ont altern\u00e9 le bon et le moins bon durant \u00ableur\u00bb CAN.<\/p>\n<p>Pas de droit \u00e0 l&#8217;erreur<\/p>\n<p class=\"a-paragraph\" data-t-name=\"Paragraph\">Regragui lui a fait \u00e9talage de son sens tactique face au Cameroun en quarts de finale o\u00f9 il a foment\u00e9 un plan prenant les Lions indomptables \u00e0 leur propre jeu pour mieux les museler (2-0). Il devra encore se creuser les m\u00e9ninges pour trouver une parade \u00e0 l&#8217;armada offensive des Super Eagles nig\u00e9rians (14 buts en cinq matches). Et rien ne lui sera pardonn\u00e9.<\/p>\n<p class=\"a-paragraph\" data-t-name=\"Paragraph\">Depuis l&#8217;\u00e9chec du Maroc en 8es lors de la pr\u00e9c\u00e9dente CAN en C\u00f4te d&#8217;Ivoire et plus encore depuis le d\u00e9but de l&#8217;\u00e9dition marocaine, Regragui, en poste depuis l&#8217;\u00e9t\u00e9 2022, est celui qui concentre les critiques. Car depuis qu&#8217;il a emmen\u00e9 le Maroc en demi-finale du Mondial 2022, une performance in\u00e9dite pour une nation africaine, hiss\u00e9 les Lions au 11e rang du classement FIFA, faisant d&#8217;eux la meilleure nation africaine, ses compatriotes journalistes ne lui passent plus rien.<\/p>\n<p class=\"a-paragraph\" data-t-name=\"Paragraph\">Ils lui reprochent un jeu trop restrictif, pas assez flamboyant. Ergotent sur chacun de ses choix tactiques. Pensent l&#8217;herbe plus verte ailleurs. Souhaitent voir Tarik Sektioui, vainqueur de la Coupe arabe quelques semaines avant la CAN avec l&#8217;\u00e9quipe marocaine A&#8217;, prendre du galon et donc sa place.<\/p>\n<p>\u00abAu Maroc, c&#8217;est diff\u00e9rent\u00bb<\/p>\n<p class=\"a-paragraph\" data-t-name=\"Paragraph\">Devant leurs confr\u00e8res \u00e9trangers qui s&#8217;\u00e9tonnent de leur manque de consid\u00e9ration pour celui qui empile succ\u00e8s, victoires et records en tout genre, Regragui se veut fataliste. \u00abQuand vous ne conc\u00e9dez que quatre d\u00e9faites en trois ans et demi, que vous amenez le Maroc en demi-finale de la Coupe du monde et en demi-finale de la Coupe d&#8217;Afrique, normalement personne ne devrait rien dire\u00bb, a-t-il expliqu\u00e9.<\/p>\n<p class=\"a-paragraph\" data-t-name=\"Paragraph\">\u00abMais au Maroc, c&#8217;est diff\u00e9rent. On gagne, mais il y a des critiques, c&#8217;est comme \u00e7a, il faut accepter, travailler dur, se battre pour son pays. Esp\u00e9rer aussi que le prochain s\u00e9lectionneur fera mieux que moi\u00bb, a-t-il ajout\u00e9 profond\u00e9ment sinc\u00e8re, non sans une pointe de malice.<\/p>\n<p class=\"a-paragraph\" data-t-name=\"Paragraph\">Regragui se bat sur tous les fronts: en plus des critiques de l&#8217;int\u00e9rieur, il doit aussi g\u00e9rer celles provenant des autres nations soup\u00e7onnant le Maroc de b\u00e9n\u00e9ficier d&#8217;un arbitrage maison. \u00abLes pol\u00e9miques sur l&#8217;arbitrage sont toujours dommageables\u00bb, se lance-t-il en d\u00e9pla\u00e7ant le d\u00e9bat: \u00abLa seule chose que nous ma\u00eetrisons, c&#8217;est de bien jouer au football, de parler sur le terrain en gagnant nos matches\u00bb.<\/p>\n","protected":false},"excerpt":{"rendered":"Autant critiqu\u00e9e qu&#8217;adul\u00e9e, la s\u00e9lection marocaine men\u00e9e par Walid Regragui semble dans l&#8217;obligation de d\u00e9crocher un titre de&hellip;\n","protected":false},"author":2,"featured_media":21248,"comment_status":"","ping_status":"","sticky":false,"template":"","format":"standard","meta":{"footnotes":""},"categories":[41],"tags":[158],"class_list":{"0":"post-21247","1":"post","2":"type-post","3":"status-publish","4":"format-standard","5":"has-post-thumbnail","7":"category-maroc","8":"tag-maroc"},"share_on_mastodon":{"url":"","error":""},"_links":{"self":[{"href":"https:\/\/www.europesays.com\/africa\/wp-json\/wp\/v2\/posts\/21247","targetHints":{"allow":["GET"]}}],"collection":[{"href":"https:\/\/www.europesays.com\/africa\/wp-json\/wp\/v2\/posts"}],"about":[{"href":"https:\/\/www.europesays.com\/africa\/wp-json\/wp\/v2\/types\/post"}],"author":[{"embeddable":true,"href":"https:\/\/www.europesays.com\/africa\/wp-json\/wp\/v2\/users\/2"}],"replies":[{"embeddable":true,"href":"https:\/\/www.europesays.com\/africa\/wp-json\/wp\/v2\/comments?post=21247"}],"version-history":[{"count":0,"href":"https:\/\/www.europesays.com\/africa\/wp-json\/wp\/v2\/posts\/21247\/revisions"}],"wp:featuredmedia":[{"embeddable":true,"href":"https:\/\/www.europesays.com\/africa\/wp-json\/wp\/v2\/media\/21248"}],"wp:attachment":[{"href":"https:\/\/www.europesays.com\/africa\/wp-json\/wp\/v2\/media?parent=21247"}],"wp:term":[{"taxonomy":"category","embeddable":true,"href":"https:\/\/www.europesays.com\/africa\/wp-json\/wp\/v2\/categories?post=21247"},{"taxonomy":"post_tag","embeddable":true,"href":"https:\/\/www.europesays.com\/africa\/wp-json\/wp\/v2\/tags?post=21247"}],"curies":[{"name":"wp","href":"https:\/\/api.w.org\/{rel}","templated":true}]}}