{"id":2126,"date":"2026-01-04T06:21:04","date_gmt":"2026-01-04T06:21:04","guid":{"rendered":"https:\/\/www.europesays.com\/africa\/2126\/"},"modified":"2026-01-04T06:21:04","modified_gmt":"2026-01-04T06:21:04","slug":"afrique-du-sud-cameroun-sur-quelle-chaine-et-a-quelle-heure-voir-le-match-de-la-can-en-direct","status":"publish","type":"post","link":"https:\/\/www.europesays.com\/africa\/2126\/","title":{"rendered":"Afrique du Sud &#8211; Cameroun : Sur quelle cha\u00eene et \u00e0 quelle heure voir le match de la CAN en direct ?"},"content":{"rendered":"<p>\n    Les deux nations r\u00eavent d\u2019un rendez-vous de gala face au Maroc lors du tour suivant. Afrique du Sud &#8211; Cameroun, voici ce qu\u2019il faut savoir sur la rencontre.<\/p>\n<p class=\"fig-paragraph\">La journ\u00e9e du dimanche s\u2019ach\u00e8ve avec un match tr\u00e8s all\u00e9chant entre l\u2019Afrique du Sud et le Cameroun. Les Bafana Bafana peuvent se targuer d\u2019\u00eatre l\u2019une des rares formations du continent \u00e0 poss\u00e9der un bilan positif face au Cameroun\u00a0: 2 victoires et 3 matchs nuls en 5 rencontres. Jamais les Lions Indomptables ne sont parvenus \u00e0 s\u2019extirper du pi\u00e8ge sud-africain. Pour pouvoir r\u00eaver d\u2019un choc (tr\u00e8s probable) face au Maroc en quart de finale, il faudra donc r\u00e9ussir l\u00e0 o\u00f9 les g\u00e9n\u00e9rations pr\u00e9c\u00e9dentes ont \u00e9chou\u00e9. Le Cameroun a livr\u00e9 une phase de poule solide avec 2 victoires et un nul contre la C\u00f4te d\u2019Ivoire. Les quintuple champions d\u2019Afrique sont l\u00e9g\u00e8rement favoris sur le papier, probablement aussi de part leur palmar\u00e8s et leur histoire dans la comp\u00e9tition. Mais ce Afrique du Sud &#8211; Cameroun est sans aucun doute parmi les matchs les plus attendus de ces 8e de finale.<\/p>\n<p class=\"fig-paragraph\"><a href=\"https:\/\/ad.doubleclick.net\/ddm\/trackclk\/N6600.270462.LEFIGARO1\/B32944843.435660604;dc_trk_aid=629064979;dc_trk_cid=228480032;dc_lat=;dc_rdid=;tag_for_child_directed_treatment=;tfua=;gdpr=%24%7BGDPR%7D;gdpr_consent=%24%7BGDPR_CONSENT_755%7D;ltd=;dc_tdv=1\" target=\"_blank\" rel=\"sponsored noopener nofollow\" data-gtm-custom-categorie=\"navigation\" data-gtm-custom-action=\"crossclick\" data-gtm-custom-label=\"Contextuel\" data-gtm-event=\"customEventSPE\">Voir le match Afrique du Sud &#8211; Cameroun en direct ici<\/a><\/p>\n<p>                                            <a class=\"fig-a11y-skip\" href=\"#fig-a11y-skip-main-inarticle\" data-module=\"a11y-skip\" data-context=\"was @visible\"><br \/>\n    Passer la publicit\u00e9<br \/>\n<\/a>            <\/p>\n<p>                                            \u00c0 quelle heure et sur quelle cha\u00eene regarder en direct le match Afrique du Sud contre le Cameroun\u00a0?<\/p>\n<p class=\"fig-paragraph\">Afrique du Sud &#8211; Cameroun d\u00e9bute le dimanche 4 janvier. Le coup d\u2019envoi est pr\u00e9vu pour 20h00, en direct du Al Barid Stadium de Rabat. Pour regarder le match en direct, cela se passe sur beIN SPORTS 1. Poss\u00e9der un abonnement payant \u00e0 beIN SPORTS permet de suivre les temps forts du calendrier sportif tout au long de l\u2019ann\u00e9e. Ligue 2, Liga, Bundesliga, Coupe de France\u2026 Le meilleur du football rythmera vos week-ends. Le basketball dispose \u00e9galement d\u2019une place centrale au sein du groupe avec les rencontres r\u00e9guli\u00e8res mais aussi le All Star-Game et l\u2019int\u00e9gralit\u00e9 des Playoffs. beIN SPORTS accompagne \u00e9galement les fans de tennis f\u00e9minin avec le circuit WTA ou encore Wimbledon masculin au mois de juillet. Les fans de rugby ou de handball ne sont pas mis de c\u00f4t\u00e9 avec la Champions Cup et la D1.<\/p>\n<p class=\"fig-paragraph\"><a href=\"https:\/\/ad.doubleclick.net\/ddm\/trackclk\/N6600.270462.LEFIGARO1\/B32944843.435660604;dc_trk_aid=629064979;dc_trk_cid=228480032;dc_lat=;dc_rdid=;tag_for_child_directed_treatment=;tfua=;gdpr=%24%7BGDPR%7D;gdpr_consent=%24%7BGDPR_CONSENT_755%7D;ltd=;dc_tdv=1\" target=\"_blank\" rel=\"sponsored noopener nofollow\" data-gtm-custom-categorie=\"navigation\" data-gtm-custom-action=\"crossclick\" data-gtm-custom-label=\"Contextuel\" data-gtm-event=\"customEventSPE\">Voir l\u2019offre beIN SPORTS CONNECT via CANAL+<\/a><\/p>\n<p class=\"fig-paragraph\">Contenu con\u00e7u et propos\u00e9 par nos Experts Shopping Sport. L\u2019\u00e9quipe Shopping du Figaro est ind\u00e9pendante de la r\u00e9daction.\u00a0<\/p>\n<p>Les prix mentionn\u00e9s dans cet article le sont \u00e0 titre indicatif. Lorsque vous achetez via nos liens de vente, nous pouvons percevoir une commission d\u2019affiliation.<\/p>\n","protected":false},"excerpt":{"rendered":"Les deux nations r\u00eavent d\u2019un rendez-vous de gala face au Maroc lors du tour suivant. Afrique du Sud&hellip;\n","protected":false},"author":2,"featured_media":2127,"comment_status":"","ping_status":"","sticky":false,"template":"","format":"standard","meta":{"footnotes":""},"categories":[62],"tags":[64,940],"class_list":{"0":"post-2126","1":"post","2":"type-post","3":"status-publish","4":"format-standard","5":"has-post-thumbnail","7":"category-afrique","8":"tag-afrique","9":"tag-coupe-dafrique-des-nations"},"share_on_mastodon":{"url":"","error":""},"_links":{"self":[{"href":"https:\/\/www.europesays.com\/africa\/wp-json\/wp\/v2\/posts\/2126","targetHints":{"allow":["GET"]}}],"collection":[{"href":"https:\/\/www.europesays.com\/africa\/wp-json\/wp\/v2\/posts"}],"about":[{"href":"https:\/\/www.europesays.com\/africa\/wp-json\/wp\/v2\/types\/post"}],"author":[{"embeddable":true,"href":"https:\/\/www.europesays.com\/africa\/wp-json\/wp\/v2\/users\/2"}],"replies":[{"embeddable":true,"href":"https:\/\/www.europesays.com\/africa\/wp-json\/wp\/v2\/comments?post=2126"}],"version-history":[{"count":0,"href":"https:\/\/www.europesays.com\/africa\/wp-json\/wp\/v2\/posts\/2126\/revisions"}],"wp:featuredmedia":[{"embeddable":true,"href":"https:\/\/www.europesays.com\/africa\/wp-json\/wp\/v2\/media\/2127"}],"wp:attachment":[{"href":"https:\/\/www.europesays.com\/africa\/wp-json\/wp\/v2\/media?parent=2126"}],"wp:term":[{"taxonomy":"category","embeddable":true,"href":"https:\/\/www.europesays.com\/africa\/wp-json\/wp\/v2\/categories?post=2126"},{"taxonomy":"post_tag","embeddable":true,"href":"https:\/\/www.europesays.com\/africa\/wp-json\/wp\/v2\/tags?post=2126"}],"curies":[{"name":"wp","href":"https:\/\/api.w.org\/{rel}","templated":true}]}}