{"id":21267,"date":"2026-01-13T18:12:10","date_gmt":"2026-01-13T18:12:10","guid":{"rendered":"https:\/\/www.europesays.com\/africa\/21267\/"},"modified":"2026-01-13T18:12:10","modified_gmt":"2026-01-13T18:12:10","slug":"les-precisions-du-patron-de-la-marque-allemande","status":"publish","type":"post","link":"https:\/\/www.europesays.com\/africa\/21267\/","title":{"rendered":"les pr\u00e9cisions du patron de la marque allemande"},"content":{"rendered":"<p style=\"font-weight: 400;\">Le constructeur automobile allemand Opel a choisi l\u2019Alg\u00e9rie pour son nouveau site de production hors d\u2019Europe . <a href=\"https:\/\/www.tsa-algerie.com\/automobile-stellantis-annonce-limplantation-dune-usine-opel-en-algerie\/\" target=\"_blank\" rel=\"noopener nofollow\" data-saferedirecturl=\"https:\/\/www.google.com\/url?q=https:\/\/www.tsa-algerie.com\/automobile-stellantis-annonce-limplantation-dune-usine-opel-en-algerie\/&amp;source=gmail&amp;ust=1768404502561000&amp;usg=AOvVaw3s2hgREdlbfcCaFMIi7BBw\">L\u2019annonce<\/a>\u00a0a \u00e9t\u00e9 faite ce mardi 13 janvier par Samir Charfan, directeur du groupe Stellantis pour l\u2019Afrique et le Moyen-Orient.<\/p>\n<p style=\"font-weight: 400;\">Florian Huettl, patron de la marque allemande du g\u00e9ant automobile franco-italo-am\u00e9ricain a donn\u00e9 quelques pr\u00e9cisions sur le projet.<\/p>\n<p class=\"a-lire-box\" style=\"&#13;&#10;                    margin:20px 0;&#13;&#10;                    padding:12px 0;&#13;&#10;                    border-top:1px solid #ddd;&#13;&#10;                    border-bottom:1px solid #ddd;&#13;&#10;                    line-height:1.8;&#13;&#10;                 \">&#13;<br \/>\n                    A lire aussi :&#13;<br \/>\n                    <a href=\"https:\/\/www.tsa-algerie.com\/air-algerie-casse-les-prix-avec-une-nouvelle-promotion\/\" class=\"a-lire-link\" style=\"color:#000;text-decoration:none;font-weight:600;\" rel=\"nofollow noopener\" target=\"_blank\">&#13;<br \/>\n                        Air Alg\u00e9rie casse les prix avec une nouvelle promotion&#13;<br \/>\n                    <\/a>&#13;\n                <\/p>\n<p style=\"font-weight: 400;\">Sur LinkedIn, il a expliqu\u00e9 que cette \u00e9tape marque une \u00ab\u00a0expansion significative\u00a0\u00bb de la pr\u00e9sence internationale d\u2019Opel dans la r\u00e9gion du Moyen-Orient et de l\u2019Afrique et \u00ab\u00a0renforce notre engagement \u00e0 long terme envers une croissance r\u00e9gionale durable\u00a0\u00bb.<\/p>\n<p class=\"a-lire-box\" style=\"&#13;&#10;                    margin:20px 0;&#13;&#10;                    padding:12px 0;&#13;&#10;                    border-top:1px solid #ddd;&#13;&#10;                    border-bottom:1px solid #ddd;&#13;&#10;                    line-height:1.8;&#13;&#10;                 \">&#13;<br \/>\n                    A lire aussi :&#13;<br \/>\n                    <a href=\"https:\/\/www.tsa-algerie.com\/algerie-la-galere-des-importateurs-de-vehicules\/\" class=\"a-lire-link\" style=\"color:#000;text-decoration:none;font-weight:600;\" rel=\"nofollow noopener\" target=\"_blank\">&#13;<br \/>\n                        Alg\u00e9rie : la gal\u00e8re des importateurs de v\u00e9hicules&#13;<br \/>\n                    <\/a>&#13;\n                <\/p>\n<p style=\"font-weight: 400;\">L\u2019Alg\u00e9rie a \u00e9t\u00e9 un domaine \u00ab\u00a0d\u2019attention particulier pour nous ces deux derni\u00e8res ann\u00e9es\u00a0\u00bb, ajoute le PDG de ce constructeur automobile depuis 1899.<\/p>\n<p style=\"font-weight: 400;\">\u00ab\u00a0Le renforcement progressif de nos partenariats a d\u00e9sormais conduit \u00e0 une \u00e9tape claire suivante : une unit\u00e9 de production d\u00e9di\u00e9e en Alg\u00e9rie, con\u00e7ue pour servir les clients alg\u00e9riens et compl\u00e9ter le r\u00e9seau europ\u00e9en \u00e9tabli d\u2019Opel\u00a0\u00bb, a d\u00e9velopp\u00e9 Florian Huettl.<\/p>\n<p class=\"a-lire-box\" style=\"&#13;&#10;                    margin:20px 0;&#13;&#10;                    padding:12px 0;&#13;&#10;                    border-top:1px solid #ddd;&#13;&#10;                    border-bottom:1px solid #ddd;&#13;&#10;                    line-height:1.8;&#13;&#10;                 \">&#13;<br \/>\n                    A lire aussi :&#13;<br \/>\n                    <a href=\"https:\/\/www.tsa-algerie.com\/la-france-sinteresse-a-la-pomme-de-terre-algerienne\/\" class=\"a-lire-link\" style=\"color:#000;text-decoration:none;font-weight:600;\" rel=\"nofollow noopener\" target=\"_blank\">&#13;<br \/>\n                        La France s\u2019int\u00e9resse \u00e0 la pomme de terre alg\u00e9rienne\u00a0&#13;<br \/>\n                    <\/a>&#13;\n                <\/p>\n<p style=\"font-weight: 400;\">Fond\u00e9e en 1862 en Allemagne par Adam Opel, cette marque a fait longtemps partie du g\u00e9ant automobile am\u00e9ricain General Motors (1929-2017), avant de passer sous le giron du groupe fran\u00e7ais PSA (Peugeot-Citro\u00ebn) et rejoindre <a href=\"https:\/\/www.tsa-algerie.com\/stellantis-veut-produire-opel-et-alfa-romeo-en-algerie\/\" target=\"_blank\" rel=\"noopener nofollow\" data-saferedirecturl=\"https:\/\/www.google.com\/url?q=https:\/\/www.tsa-algerie.com\/stellantis-veut-produire-opel-et-alfa-romeo-en-algerie\/&amp;source=gmail&amp;ust=1768404502561000&amp;usg=AOvVaw0tqO_poyaGmwIhL-aW5ibu\">l\u2019alliance Stellantis<\/a>\u00a0en 2021.<\/p>\n<p>\u00ab\u00a0Orientation strat\u00e9gique d\u2019Opel\u00a0\u00bb<\/p>\n<p style=\"font-weight: 400;\">\u00ab\u00a0R\u00e9cemment, j\u2019ai eu l\u2019honneur d\u2019\u00eatre accueilli lors d\u2019une s\u00e9ance de travail en Alg\u00e9rie avec Samir Cherfan, directeur des op\u00e9rations Moyen-Orient &amp; Afrique et membre du Comit\u00e9 ex\u00e9cutif de notre Groupe. Nos discussions se sont concentr\u00e9es sur le d\u00e9veloppement du nouveau site et l\u2019int\u00e9gration de mod\u00e8les Opel suppl\u00e9mentaires dans l\u2019\u00e9cosyst\u00e8me industriel du pays\u00a0\u00bb, explique encore Florian Huettl.<\/p>\n<p style=\"font-weight: 400;\">Pour lui, la d\u00e9cision d\u2019implanter une usine en Alg\u00e9rie \u00ab\u00a0refl\u00e8te l\u2019orientation strat\u00e9gique\u00a0\u00bb d\u2019Opel. \u00ab\u00a0La production locale, l\u2019int\u00e9gration industrielle et l\u2019investissement \u00e0 long terme sont des moteurs essentiels d\u2019une croissance durable \u2014 pour les clients, les partenaires et l\u2019industrie locale. Et nous restons engag\u00e9s \u00e0 offrir la renomm\u00e9e qualit\u00e9 de l\u2019ing\u00e9nierie allemande \u2014 fi\u00e8rement produite en Alg\u00e9rie\u00a0\u00bb, a-t-il ajout\u00e9, sans donner de d\u00e9tails sur la capacit\u00e9 de l\u2019usine, les investissements qui seront consentis et la date de son entr\u00e9e en production.<\/p>\n<p>Apr\u00e8s Fiat, Opel, une usine Alfa Romeo bient\u00f4t en Alg\u00e9rie\u00a0?<\/p>\n<p style=\"font-weight: 400;\">Opel sera la deuxi\u00e8me marque du groupe Stellantis qui va s\u2019implanter en Alg\u00e9rie apr\u00e8s Fiat dont l\u2019usine de Tafraoui pr\u00e8s d\u2019Oran a entam\u00e9 la production en d\u00e9cembre 2023. Comme la marque italienne, Opel a effectu\u00e9 son retour en Alg\u00e9rie en mars 2023 et a lanc\u00e9 ses\u00a0<a href=\"https:\/\/www.tsa-algerie.com\/algerie-opel-devoile-ses-modeles-et-les-prix\/\" target=\"_blank\" rel=\"noopener nofollow\" data-saferedirecturl=\"https:\/\/www.google.com\/url?q=https:\/\/www.tsa-algerie.com\/algerie-opel-devoile-ses-modeles-et-les-prix\/&amp;source=gmail&amp;ust=1768404502561000&amp;usg=AOvVaw2KuS_WCXG3aRZZA-XeRG0F\">activit\u00e9s en novembre<\/a>\u00a0de la m\u00eame ann\u00e9e avec la commercialisation de trois mod\u00e8les: Corsa et Mokka, Grandland.<\/p>\n<p style=\"font-weight: 400;\">En plus de Fiat et Opel, le groupe Stellantis a indiqu\u00e9 par la voix de Samir Cherfan en mai dernier,qu\u2019il envisageait d\u2019assembler des voitures de la marque italienne Alfa Romeo en Alg\u00e9rie.<\/p>\n","protected":false},"excerpt":{"rendered":"Le constructeur automobile allemand Opel a choisi l\u2019Alg\u00e9rie pour son nouveau site de production hors d\u2019Europe . L\u2019annonce\u00a0a&hellip;\n","protected":false},"author":2,"featured_media":21268,"comment_status":"","ping_status":"","sticky":false,"template":"","format":"standard","meta":{"footnotes":""},"categories":[254],"tags":[255],"class_list":{"0":"post-21267","1":"post","2":"type-post","3":"status-publish","4":"format-standard","5":"has-post-thumbnail","7":"category-algerie","8":"tag-algerie"},"share_on_mastodon":{"url":"","error":""},"_links":{"self":[{"href":"https:\/\/www.europesays.com\/africa\/wp-json\/wp\/v2\/posts\/21267","targetHints":{"allow":["GET"]}}],"collection":[{"href":"https:\/\/www.europesays.com\/africa\/wp-json\/wp\/v2\/posts"}],"about":[{"href":"https:\/\/www.europesays.com\/africa\/wp-json\/wp\/v2\/types\/post"}],"author":[{"embeddable":true,"href":"https:\/\/www.europesays.com\/africa\/wp-json\/wp\/v2\/users\/2"}],"replies":[{"embeddable":true,"href":"https:\/\/www.europesays.com\/africa\/wp-json\/wp\/v2\/comments?post=21267"}],"version-history":[{"count":0,"href":"https:\/\/www.europesays.com\/africa\/wp-json\/wp\/v2\/posts\/21267\/revisions"}],"wp:featuredmedia":[{"embeddable":true,"href":"https:\/\/www.europesays.com\/africa\/wp-json\/wp\/v2\/media\/21268"}],"wp:attachment":[{"href":"https:\/\/www.europesays.com\/africa\/wp-json\/wp\/v2\/media?parent=21267"}],"wp:term":[{"taxonomy":"category","embeddable":true,"href":"https:\/\/www.europesays.com\/africa\/wp-json\/wp\/v2\/categories?post=21267"},{"taxonomy":"post_tag","embeddable":true,"href":"https:\/\/www.europesays.com\/africa\/wp-json\/wp\/v2\/tags?post=21267"}],"curies":[{"name":"wp","href":"https:\/\/api.w.org\/{rel}","templated":true}]}}