{"id":21271,"date":"2026-01-13T18:14:12","date_gmt":"2026-01-13T18:14:12","guid":{"rendered":"https:\/\/www.europesays.com\/africa\/21271\/"},"modified":"2026-01-13T18:14:12","modified_gmt":"2026-01-13T18:14:12","slug":"le-president-de-la-chambre-des-conseillers-sentretient-avec-le-president-du-conseil-consultatif-bahreini","status":"publish","type":"post","link":"https:\/\/www.europesays.com\/africa\/21271\/","title":{"rendered":"le pr\u00e9sident de la Chambre des conseillers s\u2019entretient avec le pr\u00e9sident du Conseil consultatif bahre\u00efni"},"content":{"rendered":"<p>Le pr\u00e9sident de la Chambre des conseillers, Mohamed Ould Errachid, s\u2019est entretenu, mardi \u00e0 Manama, avec le pr\u00e9sident du Conseil consultatif du Royaume de Bahre\u00efn, Ali bin Saleh Al Saleh.<\/p>\n<p>Lors de ces entretiens, les deux parties ont soulign\u00e9 la profondeur des relations maroco-bahre\u00efnies, examin\u00e9 les perspectives de la coop\u00e9ration parlementaire commune et pass\u00e9 en revue les moyens de renforcer la coordination et la concertation parlementaire entre les deux pays, rapporte l\u2019Agence de presse bahre\u00efnie (BNA).<\/p>\n<p>\u00c0 cette occasion, le pr\u00e9sident de la Chambre des conseillers a affirm\u00e9 que l\u2019\u00e9volution soutenue que connaissent les relations maroco-bahre\u00efnies dans divers domaines illustre l\u2019appui et la haute sollicitude des dirigeants des deux Royaumes fr\u00e8res, saluant, \u00e0 cet \u00e9gard, les positions constantes du Royaume de Bahre\u00efn et son soutien permanent au Royaume du Maroc, notamment son appui \u00e0 la marocanit\u00e9 du Sahara, ainsi que l\u2019initiative hautement appr\u00e9ci\u00e9e consistant en l\u2019ouverture d\u2019un consulat g\u00e9n\u00e9ral du Royaume de Bahre\u00efn dans la ville de La\u00e2youne, faisant de Bahre\u00efn le premier pays \u00e0 ouvrir une repr\u00e9sentation consulaire dans cette ville du Sahara marocain.<\/p>\n<p>M. Ould Errachid a \u00e9galement mis en avant le d\u00e9veloppement des voies de coop\u00e9ration parlementaire entre la Chambre des conseillers et le Conseil consultatif bahre\u00efni, soulignant la volont\u00e9 commune des deux institutions d\u2019intensifier la coordination et la concertation, ainsi que l\u2019\u00e9change de visites et d\u2019expertises, \u00e0 m\u00eame de promouvoir la diplomatie parlementaire, de soutenir l\u2019action parlementaire arabe commune et de r\u00e9pondre aux aspirations des deux Royaumes fr\u00e8res \u00e0 davantage de progr\u00e8s et de prosp\u00e9rit\u00e9.<\/p>\n<p>Il a, par ailleurs, salu\u00e9 l\u2019engagement du Royaume de Bahre\u00efn en faveur du renforcement de l\u2019action l\u00e9gislative arabe commune et du soutien aux partenariats constructifs entre les diff\u00e9rents parlements, mettant en exergue l\u2019exp\u00e9rience r\u00e9ussie du Conseil consultatif bahre\u00efni dans le domaine de la transformation num\u00e9rique et technologique. De m\u00eame, il a insist\u00e9 sur la n\u00e9cessit\u00e9 de poursuivre la coop\u00e9ration et l\u2019\u00e9change d\u2019expertises en mati\u00e8re d\u2019adoption des meilleures pratiques et outils parlementaires.<\/p>\n<p>De son c\u00f4t\u00e9, M. Ali bin Saleh Al Saleh a soulign\u00e9 l\u2019importance de poursuivre le d\u00e9veloppement de la coop\u00e9ration parlementaire entre les deux pays, de renforcer l\u2019\u00e9change d\u2019exp\u00e9riences et d\u2019expertises l\u00e9gislatives, ainsi que d\u2019intensifier la coordination au sein des instances parlementaires r\u00e9gionales et internationales, afin de soutenir les causes arabes communes et de consolider les fondements de la s\u00e9curit\u00e9, de la stabilit\u00e9 et du d\u00e9veloppement.<\/p>\n<p>Dans ce sens, il a salu\u00e9 le r\u00f4le de premier plan jou\u00e9 par le Royaume du Maroc dans l\u2019accueil et l\u2019organisation de dialogues et de forums parlementaires, ainsi que ses efforts appr\u00e9ciables visant \u00e0 raffermir la coop\u00e9ration entre les parlements arabes et africains, estimant que ces initiatives t\u00e9moignent de la place de choix qu\u2019occupe le Royaume du Maroc et contribuent \u00e0 renforcer l\u2019action parlementaire commune et \u00e0 promouvoir la culture du dialogue et de l\u2019int\u00e9gration entre les peuples.<\/p>\n<p>Le Pr\u00e9sident du Conseil consultatif bahre\u00efni a \u00e9galement mis en exergue le d\u00e9veloppement et le progr\u00e8s que conna\u00eet le Royaume du Maroc, ainsi que les potentialit\u00e9s et capacit\u00e9s dont il dispose, lesquelles confortent sa position et favorisent le d\u00e9veloppement dans tous les domaines.<\/p>\n<p>Par ailleurs, M. Al Saleh a affirm\u00e9 que les liens fraternels solides unissant le Royaume de Bahre\u00efn et le Royaume du Maroc ne cessent de se renforcer conform\u00e9ment aux visions communes des deux Royaumes fr\u00e8res, constituant un mod\u00e8le singulier des relations historiques solides, gr\u00e2ce au soutien et \u00e0 la haute sollicitude de Sa Majest\u00e9 le Roi Hamad bin Issa Al Khalifa et de son fr\u00e8re Sa Majest\u00e9 le Roi Mohammed VI.<\/p>\n<p>Il a ajout\u00e9 que le niveau \u00e9lev\u00e9 de coordination et de coop\u00e9ration bilat\u00e9rales refl\u00e8te la profondeur des relations historiques et du partenariat durable entre les deux Royaumes fr\u00e8res.<\/p>\n<p>Dans le m\u00eame contexte, il s\u2019est f\u00e9licit\u00e9 de l\u2019\u00e9volution des relations bahre\u00efno-marocaines et des succ\u00e8s et r\u00e9alisations communes enregistr\u00e9s au cours des derni\u00e8res d\u00e9cennies, soulignant que les deux Royaumes poursuivent, dans un esprit fraternel et avec de hautes ambitions, le renforcement des voies de coop\u00e9ration et d\u2019action commune, ainsi que l\u2019approfondissement des partenariats strat\u00e9giques au service des int\u00e9r\u00eats des deux pays et de leurs peuples fr\u00e8res.<\/p>\n<p>Le responsable bahre\u00efni n\u2019a pas manqu\u00e9 de r\u00e9affirmer la position constante du Royaume de Bahre\u00efn, son soutien ferme et sa solidarit\u00e9 ind\u00e9fectible avec le Royaume du Maroc concernant la question du Sahara marocain, ainsi que son appui continu aux initiatives et mesures prises par le Maroc pour pr\u00e9server sa souverainet\u00e9 nationale et son int\u00e9grit\u00e9 territoriale, conform\u00e9ment aux liens fraternels solides unissant les deux pays et \u00e0 l\u2019approche du Royaume de Bahre\u00efn fond\u00e9e sur le respect de l\u2019unit\u00e9 et de la souverainet\u00e9 des \u00c9tats.<\/p>\n<p>\u00a0<\/p>\n","protected":false},"excerpt":{"rendered":"Le pr\u00e9sident de la Chambre des conseillers, Mohamed Ould Errachid, s\u2019est entretenu, mardi \u00e0 Manama, avec le pr\u00e9sident&hellip;\n","protected":false},"author":2,"featured_media":21272,"comment_status":"","ping_status":"","sticky":false,"template":"","format":"standard","meta":{"footnotes":""},"categories":[41],"tags":[3869,3874,3873,3870,3872,158,3871],"class_list":{"0":"post-21271","1":"post","2":"type-post","3":"status-publish","4":"format-standard","5":"has-post-thumbnail","7":"category-maroc","8":"tag-actualite-maroc","9":"tag-akhbar","10":"tag-journal","11":"tag-journal-maroc","12":"tag-lavieeco","13":"tag-maroc","14":"tag-press-maroc"},"share_on_mastodon":{"url":"","error":""},"_links":{"self":[{"href":"https:\/\/www.europesays.com\/africa\/wp-json\/wp\/v2\/posts\/21271","targetHints":{"allow":["GET"]}}],"collection":[{"href":"https:\/\/www.europesays.com\/africa\/wp-json\/wp\/v2\/posts"}],"about":[{"href":"https:\/\/www.europesays.com\/africa\/wp-json\/wp\/v2\/types\/post"}],"author":[{"embeddable":true,"href":"https:\/\/www.europesays.com\/africa\/wp-json\/wp\/v2\/users\/2"}],"replies":[{"embeddable":true,"href":"https:\/\/www.europesays.com\/africa\/wp-json\/wp\/v2\/comments?post=21271"}],"version-history":[{"count":0,"href":"https:\/\/www.europesays.com\/africa\/wp-json\/wp\/v2\/posts\/21271\/revisions"}],"wp:featuredmedia":[{"embeddable":true,"href":"https:\/\/www.europesays.com\/africa\/wp-json\/wp\/v2\/media\/21272"}],"wp:attachment":[{"href":"https:\/\/www.europesays.com\/africa\/wp-json\/wp\/v2\/media?parent=21271"}],"wp:term":[{"taxonomy":"category","embeddable":true,"href":"https:\/\/www.europesays.com\/africa\/wp-json\/wp\/v2\/categories?post=21271"},{"taxonomy":"post_tag","embeddable":true,"href":"https:\/\/www.europesays.com\/africa\/wp-json\/wp\/v2\/tags?post=21271"}],"curies":[{"name":"wp","href":"https:\/\/api.w.org\/{rel}","templated":true}]}}