{"id":2134,"date":"2026-01-04T06:25:15","date_gmt":"2026-01-04T06:25:15","guid":{"rendered":"https:\/\/www.europesays.com\/africa\/2134\/"},"modified":"2026-01-04T06:25:15","modified_gmt":"2026-01-04T06:25:15","slug":"avec-la-can-a-domicile-le-fils-du-roi-du-maroc-moulay-el-hassan-saffirme-de-plus-en-plus-pour-la-succession","status":"publish","type":"post","link":"https:\/\/www.europesays.com\/africa\/2134\/","title":{"rendered":"Avec la CAN \u00e0 domicile, le fils du roi du Maroc, Moulay El Hassan, s\u2019affirme de plus en plus pour la succession"},"content":{"rendered":"<p>        <img decoding=\"async\" loading=\"lazy\" src=\"https:\/\/www.europesays.com\/africa\/wp-content\/uploads\/2026\/01\/f952c16_upload-1-8hifmxatamts-afp-20251221-88t984g-v1-highres-fblafr2025match01marcom.jpg\"  width=\"728\" height=\"410\" alt=\"Le prince h\u00e9ritier du Maroc, Moulay El Hassan, posant avec les joueurs de la s\u00e9lection nationale avant le match de la CAN contre les Comores, \u00e0 Rabat, le 21\u00a0d\u00e9cembre 2025. \"\/>  <\/p>\n<p>SEBASTIEN BOZON \/ AFP<\/p>\n<p>Le prince h\u00e9ritier du Maroc, Moulay El Hassan, posant avec les joueurs de la s\u00e9lection nationale avant le match de la CAN contre les Comores, \u00e0 Rabat, le 21\u00a0d\u00e9cembre 2025. <\/p>\n<p>      EN BREF \u2022 Moulay El Hassan, prince h\u00e9ritier du Maroc, s\u2019affirme comme successeur potentiel de son p\u00e8re, le roi Mohammed VI, malade depuis 2023. <br \/>\u2022 Le jeune prince gagne en visibilit\u00e9 lors de la CAN 2025, repr\u00e9sentant officiellement la famille royale et participant activement aux \u00e9v\u00e9nements. <br \/>\u2022 Malgr\u00e9 son ascension, des doutes subsistent sur sa jeunesse et son inexp\u00e9rience, certains pr\u00e9f\u00e9rant son oncle Moulay Rachid.                         <\/p>\n<p class=\"asset asset-text\">Doucement mais s\u00fbrement, la succession \u00e0 la t\u00eate de la famille royale marocaine se dessine ces derniers mois. Le prince h\u00e9ritier Moulay El Hassan, \u00e2g\u00e9 de 22\u00a0ans, est en effet appel\u00e9 \u00e0 prendre le pouvoir apr\u00e8s son p\u00e8re, le roi Mohammed VI. Le sujet est devenu d\u2019autant plus pr\u00e9gnant en d\u00e9cembre, avec l\u2019absence tr\u00e8s remarqu\u00e9e de ce dernier lors du match inaugural de la Coupe d\u2019Afrique des nations (CAN), organis\u00e9e dans le pays.<\/p>\n<p class=\"asset asset-text\"><a href=\"https:\/\/www.leparisien.fr\/international\/maroc-quest-ce-que-la-sarcoidose-maladie-dont-souffre-le-roi-mohammed-vi-11-09-2023-J2IWGOAKUBDSFMBLLB62DKON5U.php#:~:text=Pendant%20que%20le%20pays%20%C3%A9tait,qui%20affecte%20le%20syst%C3%A8me%20immunitaire.&amp;text=Son%20silence%20a%20fait%20grand%20bruit.\" target=\"_blank\" rel=\"noopener nofollow\" title=\"Nouvelle fen\u00eatre\">Atteint depuis 2023\u00a0par la\u00a0sarco\u00efdose<\/a>, une maladie inflammatoire rare qui touche le syst\u00e8me immunitaire, Mohammed VI appara\u00eet d\u00e9sormais de plus en plus rarement en public, lui qui a d\u00fb se rendre \u00e0 plusieurs reprises en France pour recevoir des soins sp\u00e9cialis\u00e9s. Sa derni\u00e8re prise de parole devant des cam\u00e9ras remonte maintenant au 10\u00a0octobre\u00a02025, <a href=\"https:\/\/www.france24.com\/fr\/afrique\/20251010-maroc-roi-appelle-acc%C3%A9l%C3%A9rer-r%C3%A9formes-sociales-alors-que-jeunes-sont-dans-rue?utm_source=chatgpt.com\" target=\"_blank\" rel=\"noopener nofollow\" title=\"Nouvelle fen\u00eatre\">lors d\u2019un discours devant le Parlement<\/a>.<\/p>\n<p class=\"asset asset-text\">Si bien que le prince Moulay El Hassan prend de plus en plus d\u2019espace au sein du pays. On devrait le voir ce dimanche 4\u00a0janvier dans les tribunes du stade Moulay Abdellah de Rabat pour le huiti\u00e8me de finale du Maroc face \u00e0 la Tanzanie (17h).<\/p>\n<p class=\"asset asset-text\">Pour le match inaugural le 21\u00a0d\u00e9cembre, Maroc-Comores, c\u2019est bien lui qui repr\u00e9sentait officiellement la famille royale. Un cap de franchi pour le jeune prince, tant l\u2019\u00e9v\u00e9nement rev\u00eat d\u2019importance au Maroc, h\u00f4te d\u2019une CAN tr\u00e8s scrut\u00e9e et grand favori \u00e0 la victoire finale. Sur la pelouse du stade flambant neuf de Rabat, les images de Moulay El Hassan, apparaissant droit, solennel et souriant, sous une pluie battante mais sans parapluie, <a href=\"https:\/\/www.beinsports.com\/en-us\/soccer\/africa-cup-of-nations\/articles\/the-gesture-by-the-crown-prince-of-morocco-at-afcon-2025-that-has-won-the-hearts-of-all-fans-2025-12-22?utm_source=chatgpt.com\" target=\"_blank\" rel=\"noopener nofollow\" title=\"Nouvelle fen\u00eatre\">ont beaucoup marqu\u00e9<\/a> dans le pays.<\/p>\n<p>    Un vrai supporter    <\/p>\n<p class=\"asset asset-text\">Nullement d\u00e9contenanc\u00e9, le jeune homme a calmement serr\u00e9 les mains des joueurs, \u00e9quipe adverse comprise, avant de prendre la pose au milieu de la s\u00e9lection marocaine (voir la photo en t\u00eate d\u2019article), puis d\u2019effectuer seul dans le rond central une \u00ab\u00a0louche\u00a0\u00bb avec le ballon du match sous les acclamations des 60\u00a0000\u00a0spectateurs pr\u00e9sents (voir la vid\u00e9o ci-dessous).<\/p>\n<p> La lecture de ce contenu est susceptible d\u2019entra\u00eener un d\u00e9p\u00f4t de cookies de la part de l\u2019op\u00e9rateur tiers qui l\u2019h\u00e9berge. Compte-tenu des choix que vous avez exprim\u00e9s en mati\u00e8re de d\u00e9p\u00f4t de cookies, nous avons bloqu\u00e9 l\u2019affichage de ce contenu. Si vous souhaitez y acc\u00e9der, vous devez accepter la cat\u00e9gorie de cookies \u201cContenus tiers\u201d en cliquant sur le bouton ci-dessous. <\/p>\n<p> Lire la Vid\u00e9o        <\/p>\n<p class=\"asset asset-text\">En vrai supporter, pendant la rencontre, il a aussi c\u00e9l\u00e9br\u00e9 avec un enthousiasme non feint <a href=\"https:\/\/www.huffingtonpost.fr\/sport\/article\/can-2025-ce-retourne-acrobatique-magnifique-qui-permet-au-maroc-de-lancer-sereinement-son-tournoi_258481.html\" rel=\"nofollow noopener\" target=\"_blank\">l\u2019ouverture du score de Brahim Diaz<\/a>. La vid\u00e9o de la sc\u00e8ne (\u00e0 voir ci-dessous) s\u2019est rapidement propag\u00e9e sur les r\u00e9seaux sociaux.<\/p>\n<p> La lecture de ce contenu est susceptible d\u2019entra\u00eener un d\u00e9p\u00f4t de cookies de la part de l\u2019op\u00e9rateur tiers qui l\u2019h\u00e9berge. Compte-tenu des choix que vous avez exprim\u00e9s en mati\u00e8re de d\u00e9p\u00f4t de cookies, nous avons bloqu\u00e9 l\u2019affichage de ce contenu. Si vous souhaitez y acc\u00e9der, vous devez accepter la cat\u00e9gorie de cookies \u201cContenus tiers\u201d en cliquant sur le bouton ci-dessous. <\/p>\n<p> Lire la Vid\u00e9o        <\/p>\n<p class=\"asset asset-text\">Il faut dire que depuis plusieurs mois, Moulay El Hassan prend du galon. En ao\u00fbt dernier, il avait ainsi \u00e9t\u00e9 promu au grade prestigieux de\u00a0Colonel-Major\u00a0au sein des Forces Arm\u00e9es Royales (FAR), <a href=\"https:\/\/fr.le7tv.ma\/2025\/08\/01\/un-symbole-fort-de-la-releve-royal-la-montee-en-grade-du-prince-heritier-moulay-el-hassan-incarne-lavenir-des-forces-armees\/?utm_source=chatgpt.com\" target=\"_blank\" rel=\"noopener nofollow\" title=\"Nouvelle fen\u00eatre\">rapportait le m\u00e9dia marocain Le 7\u00a0TV<\/a>. Une reconnaissance hi\u00e9rarchique au sein de l\u2019institution militaire intervenant dans le cadre des c\u00e9l\u00e9brations officielles marquant le 26e anniversaire de l\u2019accession au tr\u00f4ne du roi Mohammed VI.<\/p>\n<p class=\"asset asset-text\">D\u00e9but octobre, <a href=\"https:\/\/www.maroc.ma\/en\/news\/hrh-crown-prince-moulay-el-hassan-chairs-el-jadida-award-ceremony-hm-king-mohammed-vi-grand-prix-show?utm_source=chatgpt.com\" target=\"_blank\" rel=\"noopener nofollow\" title=\"Nouvelle fen\u00eatre\">il avait pr\u00e9sid\u00e9 la c\u00e9r\u00e9monie de remise des prix<\/a> d\u2019un concours international de saut d\u2019obstacles. Deux semaines plus tard, c&#8217;est encore lui qui recevait au Palais Royal de Rabat <a href=\"https:\/\/www.maroc.ma\/en\/news\/high-instructions-hm-king-hrh-crown-prince-moulay-el-hassan-chairs-ceremony-offered-sovereign-honor-u?utm_source=chatgpt.com\" target=\"_blank\" rel=\"noopener nofollow\" title=\"Nouvelle fen\u00eatre\">l\u2019\u00e9quipe nationale de football des moins de 20\u00a0ans<\/a>, apr\u00e8s sa victoire lors du Mondial organis\u00e9 au Chili.<\/p>\n<p>    L\u2019ombre du fr\u00e8re de Mohammed VI    <\/p>\n<p class=\"asset asset-text\">Si sa jeunesse &#8211; il \u00e9tudie actuellement les sciences politiques et les relations internationales dans un cycle doctoral &#8211; et sa pr\u00e9sence sur les r\u00e9seaux sociaux, o\u00f9 il est suivi massivement, sont vues d\u2019un bon \u0153il par une majorit\u00e9 de Marocains, d\u2019autres voix restent pour le moment moins enthousiastes. \u00ab\u00a0Certains craignent que le pays ne soit pas pr\u00eat a accueillir un monarque aussi jeune et inexp\u00e9riment\u00e9, et il ne serait pas surprenant qu\u2019une solution plus pragmatique soit recherch\u00e9e\u00a0\u00bb, \u00e9crivait ainsi le journal espagnol El Economista en mars dernier <a href=\"https:\/\/www.courrierinternational.com\/article\/politique-maroc-des-questions-recurrentes-autour-de-la-sante-de-mohammed-vi-et-de-sa-succession_234685?utm_source=chatgpt.com\" target=\"_blank\" rel=\"noopener nofollow\" title=\"Nouvelle fen\u00eatre\">comme le relevait Courrier international<\/a>, \u00e9voquant \u00e0 la place le fr\u00e8re du roi Mohammed VI, Moulay Rachid, \u00e2g\u00e9 de 55\u00a0ans et deuxi\u00e8me dans l\u2019ordre de succession.<\/p>\n<p class=\"asset asset-text\">En attendant, le prince Moulay El Hassan vit clairement un bapt\u00eame de feu avec <a href=\"https:\/\/www.huffingtonpost.fr\/sport\/article\/la-can-2025-va-prouver-le-dynamisme-du-football-africain-tribune_258447.html\" target=\"_blank\" rel=\"noopener nofollow\" title=\"Nouvelle fen\u00eatre\">cette CAN \u00e0 domicile<\/a>, une comp\u00e9tition <a href=\"https:\/\/www.theguardian.com\/football\/2025\/dec\/27\/morocco-no-longer-continental-pariah-as-afcon-showcases-its-global-standing?utm_source=chatgpt.com\" target=\"_blank\" rel=\"noopener nofollow\" title=\"Nouvelle fen\u00eatre\">qui doit agir comme un\u00a0acc\u00e9l\u00e9rateur d\u2019investissements<\/a> dans les infrastructures &#8211;\u00a0stades, transports, h\u00f4tellerie, services urbains&#8230; &#8211; en vue de la co-organisation de la Coupe du monde 2030 (avec l\u2019Espagne et le Portugal).<\/p>\n<p class=\"asset asset-text\">\u00ab\u00a0Gr\u00e2ce \u00e0 la vision du roi, on rayonne sur le plan \u00e9conomique, et je pense qu\u2019il va suivre les pas de son p\u00e8re\u00a0\u00bb, anticipe un Marocain <a href=\"https:\/\/www.leparisien.fr\/sports\/football\/coupe-d-afrique-des-nations\/le-plus-beau-moment-de-la-can-lapparition-du-prince-heritier-lors-du-match-douverture-enflamme-le-maroc-25-12-2025-BPPCEG3HLVDEDFUY5QVD2OARIU.php\" target=\"_blank\" rel=\"noopener nofollow\" title=\"Nouvelle fen\u00eatre\">interrog\u00e9 par Le Parisien dans le cadre d\u2019un reportage pendant cette CAN<\/a>.<\/p>\n<p class=\"asset asset-text\">Une victoire finale du pays organisateur dans ce tournoi, le 18\u00a0janvier \u00e0 Rabat, pourrait aussi permettre d\u2019apaiser un peu plus les tensions avec la jeunesse marocaine, dont une partie &#8211; <a href=\"https:\/\/www.huffingtonpost.fr\/international\/article\/au-maroc-pourquoi-la-genz-se-mobilise-dans-des-manifestations-marquees-par-les-violences_255498.html\" rel=\"nofollow noopener\" target=\"_blank\">la Gen Z<\/a> &#8211; s\u2019\u00e9tait soulev\u00e9e d\u00e9but octobre, protestant notamment contre la corruption et les conditions de vie de la population. Depuis, le gouvernement a affirm\u00e9 son\u00a0engagement en faveur de r\u00e9formes sociales\u00a0et annonc\u00e9\u00a0une augmentation des d\u00e9penses dans les secteurs de la sant\u00e9 et de l\u2019\u00e9ducation.<\/p>\n","protected":false},"excerpt":{"rendered":"SEBASTIEN BOZON \/ AFP Le prince h\u00e9ritier du Maroc, Moulay El Hassan, posant avec les joueurs de la&hellip;\n","protected":false},"author":2,"featured_media":2135,"comment_status":"","ping_status":"","sticky":false,"template":"","format":"standard","meta":{"footnotes":""},"categories":[41],"tags":[311,1409,1521,158,310],"class_list":{"0":"post-2134","1":"post","2":"type-post","3":"status-publish","4":"format-standard","5":"has-post-thumbnail","7":"category-maroc","8":"tag-football","9":"tag-international","10":"tag-maghreb","11":"tag-maroc","12":"tag-sport"},"share_on_mastodon":{"url":"","error":""},"_links":{"self":[{"href":"https:\/\/www.europesays.com\/africa\/wp-json\/wp\/v2\/posts\/2134","targetHints":{"allow":["GET"]}}],"collection":[{"href":"https:\/\/www.europesays.com\/africa\/wp-json\/wp\/v2\/posts"}],"about":[{"href":"https:\/\/www.europesays.com\/africa\/wp-json\/wp\/v2\/types\/post"}],"author":[{"embeddable":true,"href":"https:\/\/www.europesays.com\/africa\/wp-json\/wp\/v2\/users\/2"}],"replies":[{"embeddable":true,"href":"https:\/\/www.europesays.com\/africa\/wp-json\/wp\/v2\/comments?post=2134"}],"version-history":[{"count":0,"href":"https:\/\/www.europesays.com\/africa\/wp-json\/wp\/v2\/posts\/2134\/revisions"}],"wp:featuredmedia":[{"embeddable":true,"href":"https:\/\/www.europesays.com\/africa\/wp-json\/wp\/v2\/media\/2135"}],"wp:attachment":[{"href":"https:\/\/www.europesays.com\/africa\/wp-json\/wp\/v2\/media?parent=2134"}],"wp:term":[{"taxonomy":"category","embeddable":true,"href":"https:\/\/www.europesays.com\/africa\/wp-json\/wp\/v2\/categories?post=2134"},{"taxonomy":"post_tag","embeddable":true,"href":"https:\/\/www.europesays.com\/africa\/wp-json\/wp\/v2\/tags?post=2134"}],"curies":[{"name":"wp","href":"https:\/\/api.w.org\/{rel}","templated":true}]}}