{"id":21391,"date":"2026-01-13T19:24:06","date_gmt":"2026-01-13T19:24:06","guid":{"rendered":"https:\/\/www.europesays.com\/africa\/21391\/"},"modified":"2026-01-13T19:24:06","modified_gmt":"2026-01-13T19:24:06","slug":"senegal-egypte-les-compositions-probables-chaine-tv-et-heure","status":"publish","type":"post","link":"https:\/\/www.europesays.com\/africa\/21391\/","title":{"rendered":"S\u00e9n\u00e9gal &#8211; \u00c9gypte : les compositions probables, cha\u00eene TV et heure"},"content":{"rendered":"<p>\t\tLe S\u00e9n\u00e9gal affronte l\u2019\u00c9gypte ce mercredi 14 janvier \u00e0 18h, pour le compte des demi-finales de la CAN. Forme des \u00e9quipes, absences, compositions probables\u2026 on fait le point.<\/p>\n<p style=\"text-align: justify\">Qui ira en finale de la CAN 2025 ? Le S\u00e9n\u00e9gal et l\u2019\u00c9gypte pr\u00e9tendent \u00e0 cette place et pour se d\u00e9partager, ils s\u2019affronteront ce mercredi 14 janvier pour une demi-finale d\u2019anthologie.<\/p>\n<p>Le S\u00e9n\u00e9gal et l\u2019\u00c9gypte invaincus<\/p>\n<p style=\"text-align: justify\">Aucune \u00e9quipe n\u2019a effray\u00e9 les hommes de Pape Thiaw dans cette CAN. Depuis les phases finales, les S\u00e9n\u00e9galais se sont impos\u00e9s face au Soudan (3-1) puis ont encha\u00een\u00e9 contre le Mali (0-1) afin de s\u2019offrir un billet en demi-finale. Voici les Lions de la Teranga contre l\u2019\u00c9gypte avec un bilan de 4 succ\u00e8s pour 1 nul.<\/p>\n<p style=\"text-align: justify\">Dans cette phase \u00e0 \u00e9limination directe, les Pharaons ont d\u00fb ass\u00e9ner le K.O final en prolongation au B\u00e9nin (3-1 ap), puis ont pris le meilleur contre la C\u00f4te d\u2019Ivoire (3-2), tenant du titre. Ils n\u2019ont \u00e9galement pas perdu pendant les poules.<\/p>\n<p>Les compositions probables<\/p>\n<p style=\"text-align: justify\">Au sein du collectif qu\u2019il a appel\u00e9, Pape Thiaw devrait pouvoir compter sur l\u2019ensemble de ses joueurs.<\/p>\n<p>La composition probable du S\u00e9n\u00e9gal (4-3-3) : Mendy \u2013 Diatta, Koulibaly, Niakhat\u00e9, Diouf \u2013 Diarra, I. Gueye, P. Gueye \u2013 I. Ndiaye, Diallo, Man\u00e9.<\/p>\n<p style=\"text-align: justify\">Du c\u00f4t\u00e9 de l\u2019\u00c9gypte, seul le taulier d\u00e9fensif Hamdi, victime d\u2019une importante blessure en 8es de finale serait absent.<\/p>\n<p>La composition probable de l\u2019\u00c9gypte (3-5-2) : M. El Shenawy \u2013 Abdelmaguid, Ibrahim, Rabia \u2013 Hany, Fathy, Attia, Fatouh \u2013 Ashour \u2013 Salah, Marmoush.<\/p>\n<p>O\u00f9 et quand voir cette rencontre ?<\/p>\n<p style=\"text-align: justify\">Le match sera \u00e0 suivre ce mercredi 14 janvier \u00e0 partir de 18h sur beIN Sports 1, diffuseur officiel de la comp\u00e9tition. Le\u00a0<a href=\"https:\/\/www.befoot.net\/programme-tv-foot\/\" rel=\"nofollow noopener\" target=\"_blank\">programme TV complet du jour est \u00e0 retrouver ici<\/a>.<\/p>\n<p style=\"text-align: justify\">Le vainqueur retrouvera celui de l\u2019affiche entre le Maroc et le Nig\u00e9ria.<\/p>\n<p>Suivez toute l\u2019actualit\u00e9 de la CAN sur notre\u00a0<a href=\"http:\/\/www.befoot.net\/\" rel=\"nofollow noopener\" target=\"_blank\">site internet<\/a>\u00a0et sur notre\u00a0compte\u00a0<a href=\"http:\/\/twitter.com\/_befootball\" target=\"_blank\" rel=\"noopener nofollow\">X<\/a>.<\/p>\n<p>\t<script async src=\"https:\/\/platform.twitter.com\/widgets.js\" charset=\"utf-8\"><\/script><\/p>\n","protected":false},"excerpt":{"rendered":"Le S\u00e9n\u00e9gal affronte l\u2019\u00c9gypte ce mercredi 14 janvier \u00e0 18h, pour le compte des demi-finales de la CAN.&hellip;\n","protected":false},"author":2,"featured_media":21392,"comment_status":"","ping_status":"","sticky":false,"template":"","format":"standard","meta":{"footnotes":""},"categories":[48],"tags":[159],"class_list":{"0":"post-21391","1":"post","2":"type-post","3":"status-publish","4":"format-standard","5":"has-post-thumbnail","7":"category-senegal","8":"tag-senegal"},"share_on_mastodon":{"url":"","error":""},"_links":{"self":[{"href":"https:\/\/www.europesays.com\/africa\/wp-json\/wp\/v2\/posts\/21391","targetHints":{"allow":["GET"]}}],"collection":[{"href":"https:\/\/www.europesays.com\/africa\/wp-json\/wp\/v2\/posts"}],"about":[{"href":"https:\/\/www.europesays.com\/africa\/wp-json\/wp\/v2\/types\/post"}],"author":[{"embeddable":true,"href":"https:\/\/www.europesays.com\/africa\/wp-json\/wp\/v2\/users\/2"}],"replies":[{"embeddable":true,"href":"https:\/\/www.europesays.com\/africa\/wp-json\/wp\/v2\/comments?post=21391"}],"version-history":[{"count":0,"href":"https:\/\/www.europesays.com\/africa\/wp-json\/wp\/v2\/posts\/21391\/revisions"}],"wp:featuredmedia":[{"embeddable":true,"href":"https:\/\/www.europesays.com\/africa\/wp-json\/wp\/v2\/media\/21392"}],"wp:attachment":[{"href":"https:\/\/www.europesays.com\/africa\/wp-json\/wp\/v2\/media?parent=21391"}],"wp:term":[{"taxonomy":"category","embeddable":true,"href":"https:\/\/www.europesays.com\/africa\/wp-json\/wp\/v2\/categories?post=21391"},{"taxonomy":"post_tag","embeddable":true,"href":"https:\/\/www.europesays.com\/africa\/wp-json\/wp\/v2\/tags?post=21391"}],"curies":[{"name":"wp","href":"https:\/\/api.w.org\/{rel}","templated":true}]}}