{"id":21540,"date":"2026-01-13T21:08:06","date_gmt":"2026-01-13T21:08:06","guid":{"rendered":"https:\/\/www.europesays.com\/africa\/21540\/"},"modified":"2026-01-13T21:08:06","modified_gmt":"2026-01-13T21:08:06","slug":"le-maroc-ouvre-son-marche-aux-exportateurs-equatoriens","status":"publish","type":"post","link":"https:\/\/www.europesays.com\/africa\/21540\/","title":{"rendered":"Le Maroc ouvre son march\u00e9 aux exportateurs \u00e9quatoriens"},"content":{"rendered":"<p>Selon le pr\u00e9sident ex\u00e9cutif de Fedexpor, Xavier Rosero, cet accord ouvre des perspectives concr\u00e8tes aux entreprises \u00e9quatoriennes, en particulier aux petites et moyennes structures, d\u00e9sireuses de p\u00e9n\u00e9trer le march\u00e9 marocain. Il offre \u00e9galement un cadre propice \u00e0 l\u2019attraction de technologies et de nouveaux capitaux marocains vers des secteurs productifs cl\u00e9s de l\u2019\u00e9conomie \u00e9quatorienne. <br \/>\u00a0 <br \/>Le m\u00e9morandum pr\u00e9voit la cr\u00e9ation d\u2019un Conseil d\u2019affaires Maroc\u2013\u00c9quateur, con\u00e7u comme une plateforme permanente de mise en relation entre op\u00e9rateurs \u00e9conomiques. Cette instance devra permettre le lancement d\u2019initiatives conjointes, telles que des missions d\u2019affaires, des ateliers sp\u00e9cialis\u00e9s, ainsi que la participation \u00e0 des salons professionnels et \u00e0 des rencontres sectorielles. <br \/>\u00a0 <br \/>Xavier Rosero a, par ailleurs, indiqu\u00e9 qu\u2019une visite prochaine au Maroc est envisag\u00e9e afin de mieux appr\u00e9hender les sp\u00e9cificit\u00e9s culturelles et \u00e9conomiques du pays, dans l\u2019objectif de positionner au mieux les produits \u00e9quatoriens sur ce march\u00e9. <br \/>\u00a0 <br \/>La c\u00e9r\u00e9monie de signature s\u2019est d\u00e9roul\u00e9e en pr\u00e9sence de la ministre \u00e9quatorienne des affaires \u00e9trang\u00e8res et de la Mobilit\u00e9 humaine, Gabriela Sommerfeld, qui a r\u00e9affirm\u00e9 l\u2019engagement de son gouvernement \u00e0 soutenir les initiatives du secteur priv\u00e9 contribuant au renforcement des exportations. <br \/>\u00a0 <br \/>Pour Fedexpor, cet accord marque l\u2019ouverture d\u2019un nouveau front \u00e9conomique en Afrique, jusque-l\u00e0 peu explor\u00e9. Le Maroc est ainsi per\u00e7u comme une plateforme strat\u00e9gique de distribution des produits \u00e9quatoriens, traditionnels et non traditionnels, notamment vers le nord du continent africain.<\/p>\n","protected":false},"excerpt":{"rendered":"Selon le pr\u00e9sident ex\u00e9cutif de Fedexpor, Xavier Rosero, cet accord ouvre des perspectives concr\u00e8tes aux entreprises \u00e9quatoriennes, en&hellip;\n","protected":false},"author":2,"featured_media":21541,"comment_status":"","ping_status":"","sticky":false,"template":"","format":"standard","meta":{"footnotes":""},"categories":[41],"tags":[554,553,555,556,563,565,560,567,561,557,162,566,564,558,559,158,562,248,239,310,568],"class_list":{"0":"post-21540","1":"post","2":"type-post","3":"status-publish","4":"format-standard","5":"has-post-thumbnail","7":"category-maroc","8":"tag-actualites","9":"tag-actualites-et-infos-au-maroc","10":"tag-actualites-et-infos-mondiale","11":"tag-actualites-marocaines-du-jour","12":"tag-alimentation","13":"tag-analyses","14":"tag-art-de-vivre","15":"tag-chronique","16":"tag-consommation-et-bien-etre","17":"tag-culture","18":"tag-economie","19":"tag-edito","20":"tag-etudes","21":"tag-insolite","22":"tag-loisirs","23":"tag-maroc","24":"tag-mode","25":"tag-politique","26":"tag-societe","27":"tag-sport","28":"tag-tribune"},"share_on_mastodon":{"url":"","error":""},"_links":{"self":[{"href":"https:\/\/www.europesays.com\/africa\/wp-json\/wp\/v2\/posts\/21540","targetHints":{"allow":["GET"]}}],"collection":[{"href":"https:\/\/www.europesays.com\/africa\/wp-json\/wp\/v2\/posts"}],"about":[{"href":"https:\/\/www.europesays.com\/africa\/wp-json\/wp\/v2\/types\/post"}],"author":[{"embeddable":true,"href":"https:\/\/www.europesays.com\/africa\/wp-json\/wp\/v2\/users\/2"}],"replies":[{"embeddable":true,"href":"https:\/\/www.europesays.com\/africa\/wp-json\/wp\/v2\/comments?post=21540"}],"version-history":[{"count":0,"href":"https:\/\/www.europesays.com\/africa\/wp-json\/wp\/v2\/posts\/21540\/revisions"}],"wp:featuredmedia":[{"embeddable":true,"href":"https:\/\/www.europesays.com\/africa\/wp-json\/wp\/v2\/media\/21541"}],"wp:attachment":[{"href":"https:\/\/www.europesays.com\/africa\/wp-json\/wp\/v2\/media?parent=21540"}],"wp:term":[{"taxonomy":"category","embeddable":true,"href":"https:\/\/www.europesays.com\/africa\/wp-json\/wp\/v2\/categories?post=21540"},{"taxonomy":"post_tag","embeddable":true,"href":"https:\/\/www.europesays.com\/africa\/wp-json\/wp\/v2\/tags?post=21540"}],"curies":[{"name":"wp","href":"https:\/\/api.w.org\/{rel}","templated":true}]}}