{"id":2160,"date":"2026-01-04T06:39:07","date_gmt":"2026-01-04T06:39:07","guid":{"rendered":"https:\/\/www.europesays.com\/africa\/2160\/"},"modified":"2026-01-04T06:39:07","modified_gmt":"2026-01-04T06:39:07","slug":"meteo-temps-pluvieux-sur-plusieurs-provinces-du-royaume-ce-dimanche-4-janvier-avec-des-temperatures-en-baisse","status":"publish","type":"post","link":"https:\/\/www.europesays.com\/africa\/2160\/","title":{"rendered":"M\u00e9t\u00e9o. Temps pluvieux sur plusieurs provinces du Royaume ce dimanche 4 janvier, avec des temp\u00e9ratures en baisse"},"content":{"rendered":"<p class=\"default__StyledText-sc-10mj2vp-0 CxBBS body-paragraph\">Chute de neige sur le Haut et le Moyen Atlas.<\/p>\n<p class=\"default__StyledText-sc-10mj2vp-0 CxBBS body-paragraph\">\u2013 Temps pluvieux avec averses parfois orageuses sur la r\u00e9gion de Tanger, les plaines nord et centre, le Rif, le Souss, l\u2019Atlas et ses r\u00e9gions voisines, les plateaux de Phosphates et d\u2019Oulm\u00e8s ainsi que les Chiadma.<\/p>\n<p class=\"default__StyledText-sc-10mj2vp-0 CxBBS body-paragraph\">\u2013 Temps passag\u00e8rement nuageux avec faibles pluies \u00e9parses sur l\u2019Oriental, la M\u00e9diterran\u00e9e, le Sa\u00efss et le nord des provinces sahariennes.<\/p>\n<p class=\"default__StyledText-sc-10mj2vp-0 CxBBS body-paragraph\">\u2013 Rafales de vent assez fortes \u00e0 fortes sur le Nord-Ouest, les plaines nord et centre, l\u2019Atlas et ses r\u00e9gions voisines, l\u2019Oriental, le Sud-Est et le Sud.<\/p>\n<p class=\"default__StyledText-sc-10mj2vp-0 CxBBS body-paragraph\">\u2013 Temp\u00e9rature minimale de l\u2019ordre de \u201304\/02\u00b0C sur les reliefs de l\u2019Atlas, de 04\/08\u00b0C sur le Rif, les Hauts plateaux et les versants sud-est, de 14\/18\u00b0C pr\u00e8s des c\u00f4tes et de 08\/14\u00b0C partout ailleurs.<\/p>\n<p class=\"default__StyledText-sc-10mj2vp-0 CxBBS body-paragraph\">\u2013 Temp\u00e9ratures diurnes en hausse sur le Sud-Est et en l\u00e9g\u00e8re baisse ailleurs.<\/p>\n<p class=\"default__StyledText-sc-10mj2vp-0 CxBBS body-paragraph\">\u2013 Mer peu agit\u00e9e \u00e0 agit\u00e9e, localement agit\u00e9e \u00e0 forte en M\u00e9diterran\u00e9e, forte \u00e0 tr\u00e8s forte sur le D\u00e9troit, devenant agit\u00e9e le soir, forte \u00e0 tr\u00e8s forte entre Cap Spartel et Tan-Tan, et agit\u00e9e \u00e0 forte ailleurs.<\/p>\n<p class=\"interstitial-link block-margin-bottom\">Lire aussi : <a href=\"https:\/\/fr.le360.ma\/societe\/alerte-meteo-fortes-pluies-parfois-orageuses-fortes-rafales-de-vent-et-chutes-de-neige-de-samedi-a_YU3DLHH7ENFUPMJDOWSDBM3BH4\/\" aria-label=\"Ouvrir un article associ\u00e9\" class=\"default__StyledLink-sc-10mj2vp-1 kkYPzd\" rel=\"nofollow noopener\" target=\"_blank\">Alerte m\u00e9t\u00e9o. Fortes pluies parfois orageuses, fortes rafales de vent et chutes de neige, de samedi \u00e0 lundi, dans plusieurs provinces<\/a><\/p>\n<p class=\"default__StyledText-sc-10mj2vp-0 CxBBS body-paragraph\">Temp\u00e9ratures minimales et maximales pr\u00e9vues par la Direction g\u00e9n\u00e9rale de la m\u00e9t\u00e9orologie pour dimanche 4 janvier 2026:<\/p>\n<p class=\"default__StyledText-sc-10mj2vp-0 CxBBS body-paragraph\">\u2013 Oujda min 12 max 16<\/p>\n<p class=\"default__StyledText-sc-10mj2vp-0 CxBBS body-paragraph\">\u2013 Bouarfa min 09 max 12<\/p>\n<p class=\"default__StyledText-sc-10mj2vp-0 CxBBS body-paragraph\">\u2013 Al Hoceima min 12 max 15<\/p>\n<p class=\"default__StyledText-sc-10mj2vp-0 CxBBS body-paragraph\">\u2013 T\u00e9touan min 12 max 15<\/p>\n<p class=\"default__StyledText-sc-10mj2vp-0 CxBBS body-paragraph\">\u2013 Sebta min 14 max 16<\/p>\n<p class=\"default__StyledText-sc-10mj2vp-0 CxBBS body-paragraph\">\u2013 Mellilia min 14 max 18<\/p>\n<p class=\"default__StyledText-sc-10mj2vp-0 CxBBS body-paragraph\">\u2013 Tanger min 14 max 16<\/p>\n<p class=\"default__StyledText-sc-10mj2vp-0 CxBBS body-paragraph\">\u2013 K\u00e9nitra min 14 max 17<\/p>\n<p class=\"default__StyledText-sc-10mj2vp-0 CxBBS body-paragraph\">\u2013 Rabat min 15 max 17<\/p>\n<p class=\"default__StyledText-sc-10mj2vp-0 CxBBS body-paragraph\">\u2013 Casablanca min 15 max 17<\/p>\n<p class=\"default__StyledText-sc-10mj2vp-0 CxBBS body-paragraph\">\u2013 El Jadida min 15 max 18<\/p>\n<p class=\"default__StyledText-sc-10mj2vp-0 CxBBS body-paragraph\">\u2013 Settat min 12 max 14<\/p>\n<p class=\"default__StyledText-sc-10mj2vp-0 CxBBS body-paragraph\">\u2013 Safi min 15 max 17<\/p>\n<p class=\"default__StyledText-sc-10mj2vp-0 CxBBS body-paragraph\">\u2013 Khouribga min 10 max 12<\/p>\n<p class=\"default__StyledText-sc-10mj2vp-0 CxBBS body-paragraph\">\u2013 B\u00e9ni Mellal min 12 max 15<\/p>\n<p class=\"default__StyledText-sc-10mj2vp-0 CxBBS body-paragraph\">\u2013 Marrakech min 14 max 17<\/p>\n<p class=\"default__StyledText-sc-10mj2vp-0 CxBBS body-paragraph\">\u2013 Mekn\u00e8s min 12 max 14<\/p>\n<p class=\"default__StyledText-sc-10mj2vp-0 CxBBS body-paragraph\">\u2013 F\u00e8s min 12 max 15<\/p>\n<p class=\"default__StyledText-sc-10mj2vp-0 CxBBS body-paragraph\">\u2013 Ifrane min 04 max 05<\/p>\n<p class=\"default__StyledText-sc-10mj2vp-0 CxBBS body-paragraph\">\u2013 Taounate min 10 max 12<\/p>\n<p class=\"default__StyledText-sc-10mj2vp-0 CxBBS body-paragraph\">\u2013 Errachidia min 08 max 14<\/p>\n<p class=\"default__StyledText-sc-10mj2vp-0 CxBBS body-paragraph\">\u2013 Ouarzazate min 09 max 16<\/p>\n<p class=\"default__StyledText-sc-10mj2vp-0 CxBBS body-paragraph\">\u2013 Agadir min 15 max 18<\/p>\n<p class=\"default__StyledText-sc-10mj2vp-0 CxBBS body-paragraph\">\u2013 Essaouira min 16 max 17<\/p>\n<p class=\"default__StyledText-sc-10mj2vp-0 CxBBS body-paragraph\">\u2013 La\u00e2youne min 14 max 16<\/p>\n<p class=\"default__StyledText-sc-10mj2vp-0 CxBBS body-paragraph\">\u2013 Es-Semara min 15 max 22<\/p>\n<p class=\"default__StyledText-sc-10mj2vp-0 CxBBS body-paragraph\">\u2013 Dakhla min 18 max 21<\/p>\n<p class=\"default__StyledText-sc-10mj2vp-0 CxBBS body-paragraph\">\u2013 Aousserd min 14 max 24<\/p>\n<p class=\"default__StyledText-sc-10mj2vp-0 CxBBS body-paragraph\">\u2013 Lagouira min 18 max 24<\/p>\n<p class=\"default__StyledText-sc-10mj2vp-0 CxBBS body-paragraph\">\u2013 Midelt min 06 max 08.<\/p>\n<p>Par Le360 (avec MAP)<\/p>\n<p>Le 04\/01\/2026 \u00e0 06h00<\/p>\n","protected":false},"excerpt":{"rendered":"Chute de neige sur le Haut et le Moyen Atlas. \u2013 Temps pluvieux avec averses parfois orageuses sur&hellip;\n","protected":false},"author":2,"featured_media":2161,"comment_status":"","ping_status":"","sticky":false,"template":"","format":"standard","meta":{"footnotes":""},"categories":[41],"tags":[2152,2147,158,2148,2149,393,2150,2151],"class_list":{"0":"post-2160","1":"post","2":"type-post","3":"status-publish","4":"format-standard","5":"has-post-thumbnail","7":"category-maroc","8":"tag-climat","9":"tag-dgm","10":"tag-maroc","11":"tag-meteo","12":"tag-meteorologie","13":"tag-pluies","14":"tag-temperatures","15":"tag-vague-de-froid"},"share_on_mastodon":{"url":"","error":""},"_links":{"self":[{"href":"https:\/\/www.europesays.com\/africa\/wp-json\/wp\/v2\/posts\/2160","targetHints":{"allow":["GET"]}}],"collection":[{"href":"https:\/\/www.europesays.com\/africa\/wp-json\/wp\/v2\/posts"}],"about":[{"href":"https:\/\/www.europesays.com\/africa\/wp-json\/wp\/v2\/types\/post"}],"author":[{"embeddable":true,"href":"https:\/\/www.europesays.com\/africa\/wp-json\/wp\/v2\/users\/2"}],"replies":[{"embeddable":true,"href":"https:\/\/www.europesays.com\/africa\/wp-json\/wp\/v2\/comments?post=2160"}],"version-history":[{"count":0,"href":"https:\/\/www.europesays.com\/africa\/wp-json\/wp\/v2\/posts\/2160\/revisions"}],"wp:featuredmedia":[{"embeddable":true,"href":"https:\/\/www.europesays.com\/africa\/wp-json\/wp\/v2\/media\/2161"}],"wp:attachment":[{"href":"https:\/\/www.europesays.com\/africa\/wp-json\/wp\/v2\/media?parent=2160"}],"wp:term":[{"taxonomy":"category","embeddable":true,"href":"https:\/\/www.europesays.com\/africa\/wp-json\/wp\/v2\/categories?post=2160"},{"taxonomy":"post_tag","embeddable":true,"href":"https:\/\/www.europesays.com\/africa\/wp-json\/wp\/v2\/tags?post=2160"}],"curies":[{"name":"wp","href":"https:\/\/api.w.org\/{rel}","templated":true}]}}