{"id":21641,"date":"2026-01-13T22:17:09","date_gmt":"2026-01-13T22:17:09","guid":{"rendered":"https:\/\/www.europesays.com\/africa\/21641\/"},"modified":"2026-01-13T22:17:09","modified_gmt":"2026-01-13T22:17:09","slug":"la-liberte-de-la-presse-variable-dajustement-diplomatique","status":"publish","type":"post","link":"https:\/\/www.europesays.com\/africa\/21641\/","title":{"rendered":"la libert\u00e9 de la presse, variable d&#8217;ajustement diplomatique"},"content":{"rendered":"<p><img decoding=\"async\" src=\"https:\/\/www.europesays.com\/africa\/wp-content\/uploads\/2026\/01\/bdb075_1731c55f45124ca58cfb7b7f97713aec~mv2.png\" alt=\"\" style=\"width:100%;height:100%;object-fit:cover;object-position:50% 50%;max-width:100%;position:absolute;left:0;top:0\" data-pin-url=\"https:\/\/www.laradiodessansvoix.org\/post\/alg\u00e9rie-france-la-libert\u00e9-de-la-presse-variable-d-ajustement-diplomatique\" data-pin-media=\"https:\/\/static.wixstatic.com\/media\/bdb075_1731c55f45124ca58cfb7b7f97713aec~mv2.png\/v1\/fill\/w_1000,h_562,al_c,q_90\/bdb075_1731c55f45124ca58cfb7b7f97713aec~mv2.png\" draggable=\"false\"\/><\/p>\n<p class=\"DFnp0 WloJR SLuLS _6qLM3\" dir=\"auto\" id=\"viewer-1fr1q268\">Tandis que Paris et Alger affichent leur volont\u00e9 de renouer le dialogue, le sort du journaliste fran\u00e7ais d\u00e9tenu en Alg\u00e9rie reste suspendu aux calculs g\u00e9opolitiques. Les d\u00e9clarations de l&#8217;ambassadeur St\u00e9phane Romatet \u00e0 RFI r\u00e9v\u00e8lent une hi\u00e9rarchie des priorit\u00e9s o\u00f9 les droits fondamentaux peinent \u00e0 trouver leur place. \u00a0<\/p>\n<p class=\"DFnp0 WloJR SLuLS _6qLM3\" dir=\"auto\" id=\"viewer-bogl93\">\u201cUn signal, un contre-signal.\u201d C&#8217;est ainsi que l&#8217;ambassadeur de France en Alg\u00e9rie r\u00e9sume la situation des ressortissants fran\u00e7ais d\u00e9tenus par Alger. Boualem Sansal lib\u00e9r\u00e9 le 12 novembre, Christophe Gleizes toujours derri\u00e8re les barreaux. Dans cette arithm\u00e9tique diplomatique, les individus deviennent des monnaies d&#8217;\u00e9change, leurs libert\u00e9s conditionn\u00e9es aux avanc\u00e9es ou aux blocages entre chancelleries. \u00a0<\/p>\n<p class=\"DFnp0 WloJR SLuLS _6qLM3\" dir=\"auto\" id=\"viewer-etu1u7\">St\u00e9phane Romatet a confirm\u00e9 sur RFI la reprise des contacts entre Paris et Alger apr\u00e8s trois mois de discussions discr\u00e8tes. Une normalisation qui se dessine, mais dont les contours inqui\u00e8tent. Car si la lib\u00e9ration de l&#8217;\u00e9crivain franco-alg\u00e9rien a \u00e9t\u00e9 salu\u00e9e comme un geste d&#8217;apaisement, le maintien en d\u00e9tention du journaliste Christophe Gleizes illustre une r\u00e9alit\u00e9 plus sombre : le sort des personnes incarc\u00e9r\u00e9es d\u00e9pend moins du droit que des rapports de force entre \u00c9tats. \u00a0<\/p>\n<p class=\"DFnp0 WloJR SLuLS _6qLM3\" dir=\"auto\" id=\"viewer-22s0z9\">Cette instrumentalisation des d\u00e9tenus n&#8217;est pas nouvelle dans les relations franco-alg\u00e9riennes, mais elle prend aujourd&#8217;hui une dimension particuli\u00e8rement pr\u00e9occupante. L&#8217;ambassadeur lui-m\u00eame admet que la d\u00e9tention de Gleizes constitue un obstacle au rapprochement, reconnaissant implicitement que la lib\u00e9ration de journalistes fait d\u00e9sormais partie des marchandages diplomatiques. Une logique qui r\u00e9duit les d\u00e9fenseurs de l&#8217;information \u00e0 de simples leviers de n\u00e9gociation. \u00a0<\/p>\n<p class=\"DFnp0 WloJR SLuLS _6qLM3\" dir=\"auto\" id=\"viewer-qo0nf11\">Parall\u00e8lement, l&#8217;adoption par Alger d&#8217;une l\u00e9gislation criminalisant le colonialisme fran\u00e7ais soul\u00e8ve d&#8217;autres interrogations. Si le travail de m\u00e9moire sur les crimes coloniaux demeure l\u00e9gitime, ce texte pourrait servir de base juridique \u00e0 de nouvelles poursuites contre des voix critiques, journalistes ou intellectuels. L&#8217;ambassadeur fran\u00e7ais qualifie cette loi de \u201cforme d&#8217;hostilit\u00e9\u201d. \u00a0<\/p>\n<p class=\"DFnp0 WloJR SLuLS _6qLM3\" dir=\"auto\" id=\"viewer-77wut13\">Au c\u0153ur des discussions entre Alger et Paris figurent d\u00e9sormais les questions s\u00e9curitaires et migratoires. La visite d&#8217;Anne-Marie Desc\u00f4tes \u00e0 Alger le 20 novembre, suivie d&#8217;une possible venue du ministre de l&#8217;Int\u00e9rieur Laurent Nu\u00f1ez, confirme les priorit\u00e9s fran\u00e7aises : coop\u00e9ration antiterroriste au Sahel et reprise des reconduites de ressortissants alg\u00e9riens. Des enjeux qui, manifestement, priment sur le plaidoyer pour la lib\u00e9ration des journalistes emprisonn\u00e9s. \u00a0<\/p>\n<p class=\"DFnp0 WloJR SLuLS _6qLM3\" dir=\"auto\" id=\"viewer-vah6y17\">L&#8217;ambassadeur Romatet appelle \u00e0 \u00e9viter les d\u00e9clarations \u00a0\u201cstigmatisantes\u201d envers le peuple alg\u00e9rien et \u00e0 privil\u00e9gier les canaux diplomatiques. Un appel \u00e0 la retenue qui, s&#8217;il peut se comprendre sur le plan des relations internationales, ne saurait justifier le silence sur les atteintes aux libert\u00e9s fondamentales. Car la diplomatie discr\u00e8te a ses limites lorsque des journalistes croupissent en prison pour avoir exerc\u00e9 leur m\u00e9tier. \u00a0<\/p>\n","protected":false},"excerpt":{"rendered":"Tandis que Paris et Alger affichent leur volont\u00e9 de renouer le dialogue, le sort du journaliste fran\u00e7ais d\u00e9tenu&hellip;\n","protected":false},"author":2,"featured_media":21642,"comment_status":"","ping_status":"","sticky":false,"template":"","format":"standard","meta":{"footnotes":""},"categories":[254],"tags":[255],"class_list":{"0":"post-21641","1":"post","2":"type-post","3":"status-publish","4":"format-standard","5":"has-post-thumbnail","7":"category-algerie","8":"tag-algerie"},"share_on_mastodon":{"url":"","error":""},"_links":{"self":[{"href":"https:\/\/www.europesays.com\/africa\/wp-json\/wp\/v2\/posts\/21641","targetHints":{"allow":["GET"]}}],"collection":[{"href":"https:\/\/www.europesays.com\/africa\/wp-json\/wp\/v2\/posts"}],"about":[{"href":"https:\/\/www.europesays.com\/africa\/wp-json\/wp\/v2\/types\/post"}],"author":[{"embeddable":true,"href":"https:\/\/www.europesays.com\/africa\/wp-json\/wp\/v2\/users\/2"}],"replies":[{"embeddable":true,"href":"https:\/\/www.europesays.com\/africa\/wp-json\/wp\/v2\/comments?post=21641"}],"version-history":[{"count":0,"href":"https:\/\/www.europesays.com\/africa\/wp-json\/wp\/v2\/posts\/21641\/revisions"}],"wp:featuredmedia":[{"embeddable":true,"href":"https:\/\/www.europesays.com\/africa\/wp-json\/wp\/v2\/media\/21642"}],"wp:attachment":[{"href":"https:\/\/www.europesays.com\/africa\/wp-json\/wp\/v2\/media?parent=21641"}],"wp:term":[{"taxonomy":"category","embeddable":true,"href":"https:\/\/www.europesays.com\/africa\/wp-json\/wp\/v2\/categories?post=21641"},{"taxonomy":"post_tag","embeddable":true,"href":"https:\/\/www.europesays.com\/africa\/wp-json\/wp\/v2\/tags?post=21641"}],"curies":[{"name":"wp","href":"https:\/\/api.w.org\/{rel}","templated":true}]}}