{"id":21643,"date":"2026-01-13T22:18:06","date_gmt":"2026-01-13T22:18:06","guid":{"rendered":"https:\/\/www.europesays.com\/africa\/21643\/"},"modified":"2026-01-13T22:18:06","modified_gmt":"2026-01-13T22:18:06","slug":"umoa-titres-la-guinee-bissau-arrache-15-milliards-fcfa-a-un-marche-prudent","status":"publish","type":"post","link":"https:\/\/www.europesays.com\/africa\/21643\/","title":{"rendered":"UMOA-Titres | La Guin\u00e9e-Bissau arrache 15 milliards FCFA \u00e0 un march\u00e9 prudent"},"content":{"rendered":"<p>L\u2019\u00c9tat de la\u00a0Guin\u00e9e-Bissau\u00a0a lev\u00e9, ce mardi 13 janvier 2026,\u00a015 milliards de FCFA\u00a0sur le march\u00e9 financier de l\u2019Union Mon\u00e9taire Ouest Africaine, au terme d\u2019une\u00a0adjudication simultan\u00e9e\u00a0combinant des\u00a0bons assimilables du Tr\u00e9sor (BAT)\u00a0de\u00a091 et 364 jours\u00a0et des\u00a0obligations assimilables du Tr\u00e9sor (OAT)\u00a0de\u00a03 ans. Face \u00e0 une\u00a0offre cibl\u00e9e de 15 milliards, la demande a atteint\u00a026,785 milliards de FCFA, soit un\u00a0taux de\u2026&#8230; <\/p>\n<p>Ce contenu est r\u00e9serv\u00e9 aux membres du niveau Premium, Semestriel, Trimestriel, Mensuel, Hebdomadaire, Un jour, et T\u00e9l\u00e9charger un MAGAZINE (PDF) uniquement.<br \/><a href=\"https:\/\/www.financialafrik.com\/compte-dadherent\/niveaux-dadhesion\/\" rel=\"nofollow noopener\" target=\"_blank\">Adh\u00e9rer<\/a><\/p>\n","protected":false},"excerpt":{"rendered":"L\u2019\u00c9tat de la\u00a0Guin\u00e9e-Bissau\u00a0a lev\u00e9, ce mardi 13 janvier 2026,\u00a015 milliards de FCFA\u00a0sur le march\u00e9 financier de l\u2019Union Mon\u00e9taire&hellip;\n","protected":false},"author":2,"featured_media":21644,"comment_status":"","ping_status":"","sticky":false,"template":"","format":"standard","meta":{"footnotes":""},"categories":[48],"tags":[13443,159],"class_list":{"0":"post-21643","1":"post","2":"type-post","3":"status-publish","4":"format-standard","5":"has-post-thumbnail","7":"category-senegal","8":"tag-guinee-bissau","9":"tag-senegal"},"share_on_mastodon":{"url":"","error":""},"_links":{"self":[{"href":"https:\/\/www.europesays.com\/africa\/wp-json\/wp\/v2\/posts\/21643","targetHints":{"allow":["GET"]}}],"collection":[{"href":"https:\/\/www.europesays.com\/africa\/wp-json\/wp\/v2\/posts"}],"about":[{"href":"https:\/\/www.europesays.com\/africa\/wp-json\/wp\/v2\/types\/post"}],"author":[{"embeddable":true,"href":"https:\/\/www.europesays.com\/africa\/wp-json\/wp\/v2\/users\/2"}],"replies":[{"embeddable":true,"href":"https:\/\/www.europesays.com\/africa\/wp-json\/wp\/v2\/comments?post=21643"}],"version-history":[{"count":0,"href":"https:\/\/www.europesays.com\/africa\/wp-json\/wp\/v2\/posts\/21643\/revisions"}],"wp:featuredmedia":[{"embeddable":true,"href":"https:\/\/www.europesays.com\/africa\/wp-json\/wp\/v2\/media\/21644"}],"wp:attachment":[{"href":"https:\/\/www.europesays.com\/africa\/wp-json\/wp\/v2\/media?parent=21643"}],"wp:term":[{"taxonomy":"category","embeddable":true,"href":"https:\/\/www.europesays.com\/africa\/wp-json\/wp\/v2\/categories?post=21643"},{"taxonomy":"post_tag","embeddable":true,"href":"https:\/\/www.europesays.com\/africa\/wp-json\/wp\/v2\/tags?post=21643"}],"curies":[{"name":"wp","href":"https:\/\/api.w.org\/{rel}","templated":true}]}}