{"id":21660,"date":"2026-01-13T22:29:23","date_gmt":"2026-01-13T22:29:23","guid":{"rendered":"https:\/\/www.europesays.com\/africa\/21660\/"},"modified":"2026-01-13T22:29:23","modified_gmt":"2026-01-13T22:29:23","slug":"can-la-finale-de-la-coupe-dafrique-des-nations-sera-diffusee-en-clair-a-la-television","status":"publish","type":"post","link":"https:\/\/www.europesays.com\/africa\/21660\/","title":{"rendered":"CAN. La finale de la Coupe d\u2019Afrique des Nations sera diffus\u00e9e en clair \u00e0 la t\u00e9l\u00e9vision ."},"content":{"rendered":"<p>La finale de la <a href=\"https:\/\/www.ouest-france.fr\/sport\/football\/coupe-d-afrique-des-nations\/calendrier-resultats\/\" target=\"_blank\" rel=\"nofollow noopener\">CAN 2025<\/a> sera diffus\u00e9e en direct et en clair dimanche 18\u00a0janvier, \u00e0 20h. Selon les informations du journal <a href=\"https:\/\/www.lequipe.fr\/Medias\/Actualites\/La-finale-de-la-can-2025-diffusee-en-clair-sur-le-groupe-m6\/1633281\" target=\"_blank\" rel=\"nofollow noopener\">L\u2019Equipe<\/a>, le diffuseur principal de la comp\u00e9tition beIN Sports a conclu un accord de sous-licence avec le groupe M6\u00a0pour une codiffusion de l\u2019\u00e9v\u00e9nement.<\/p>\n<p>Le match sera donc diffus\u00e9 sur M6 ou W9\u00a0parall\u00e8lement \u00e0 sa retransmission sur la cha\u00eene sportive qatarie. Cette rencontre sera comment\u00e9e par Xavier Domergue tandis que Julien Chaput et Robert Malm seront au micro sur beIN Sports.<\/p>\n<p>Lire aussi\u00a0:<a href=\"https:\/\/rennes.maville.com\/sport\/detail_-can.-il-dechire-des-billets-marocains-en-plein-match-un-supporter-algerien-risque-la-prison-_54135-7142915_actu.Htm?utm_source=troove&amp;utm_medium=site\" target=\"_blank\" rel=\"nofollow noopener\"> CAN. Il d\u00e9chire des billets marocains en plein match, un supporter alg\u00e9rien risque la prison<\/a><\/p>\n<p>Pour rappel, les demi-finales de la CAN opposent <a href=\"https:\/\/www.ouest-france.fr\/sport\/football\/coupe-d-afrique-des-nations\/video-can-personne-ne-veut-gagner-ce-trophee-plus-que-moi-lance-salah-apres-la-qualification-en-demi-finales-59bd3e64-d1d3-4a93-91fb-bd0b4355c2bf\" target=\"_blank\" rel=\"nofollow noopener\">le S\u00e9n\u00e9gal \u00e0 l\u2019Egypte<\/a> ce mercredi 14\u00a0janvier \u00e0 18h et le <a href=\"https:\/\/rennes.maville.com\/sport\/detail_-maroc-nigeria.-horaire-diffusion-tv-enjeu...-tout-savoir-de-l-allechante-demi-finale-de-la-can-_54135-7142876_actu.Htm?utm_source=troove&amp;utm_medium=site\" target=\"_blank\" rel=\"nofollow noopener\">Maroc au Nigeria<\/a> dans la deuxi\u00e8me affiche du dernier carr\u00e9 de l\u2019\u00e9preuve, ce mercredi \u00e0 21h.<\/p>\n<p>\u00a0<\/p>\n","protected":false},"excerpt":{"rendered":"La finale de la CAN 2025 sera diffus\u00e9e en direct et en clair dimanche 18\u00a0janvier, \u00e0 20h. Selon&hellip;\n","protected":false},"author":2,"featured_media":21661,"comment_status":"","ping_status":"","sticky":false,"template":"","format":"standard","meta":{"footnotes":""},"categories":[62],"tags":[2272,64,10983,2273,559,2148,96,10984,10981,10980,10982,13478],"class_list":{"0":"post-21660","1":"post","2":"type-post","3":"status-publish","4":"format-standard","5":"has-post-thumbnail","7":"category-afrique","8":"tag-actu","9":"tag-afrique","10":"tag-annonces","11":"tag-info","12":"tag-loisirs","13":"tag-meteo","14":"tag-news","15":"tag-quotidien","16":"tag-restaurants","17":"tag-sortir","18":"tag-spectacles","19":"tag-vannes"},"share_on_mastodon":{"url":"","error":""},"_links":{"self":[{"href":"https:\/\/www.europesays.com\/africa\/wp-json\/wp\/v2\/posts\/21660","targetHints":{"allow":["GET"]}}],"collection":[{"href":"https:\/\/www.europesays.com\/africa\/wp-json\/wp\/v2\/posts"}],"about":[{"href":"https:\/\/www.europesays.com\/africa\/wp-json\/wp\/v2\/types\/post"}],"author":[{"embeddable":true,"href":"https:\/\/www.europesays.com\/africa\/wp-json\/wp\/v2\/users\/2"}],"replies":[{"embeddable":true,"href":"https:\/\/www.europesays.com\/africa\/wp-json\/wp\/v2\/comments?post=21660"}],"version-history":[{"count":0,"href":"https:\/\/www.europesays.com\/africa\/wp-json\/wp\/v2\/posts\/21660\/revisions"}],"wp:featuredmedia":[{"embeddable":true,"href":"https:\/\/www.europesays.com\/africa\/wp-json\/wp\/v2\/media\/21661"}],"wp:attachment":[{"href":"https:\/\/www.europesays.com\/africa\/wp-json\/wp\/v2\/media?parent=21660"}],"wp:term":[{"taxonomy":"category","embeddable":true,"href":"https:\/\/www.europesays.com\/africa\/wp-json\/wp\/v2\/categories?post=21660"},{"taxonomy":"post_tag","embeddable":true,"href":"https:\/\/www.europesays.com\/africa\/wp-json\/wp\/v2\/tags?post=21660"}],"curies":[{"name":"wp","href":"https:\/\/api.w.org\/{rel}","templated":true}]}}