{"id":21683,"date":"2026-01-13T22:43:22","date_gmt":"2026-01-13T22:43:22","guid":{"rendered":"https:\/\/www.europesays.com\/africa\/21683\/"},"modified":"2026-01-13T22:43:22","modified_gmt":"2026-01-13T22:43:22","slug":"afrique-francophonie-kigali-renouvelle-son-soutien-a-louise-mushikiwabo-pour-un-troisieme-mandat","status":"publish","type":"post","link":"https:\/\/www.europesays.com\/africa\/21683\/","title":{"rendered":"Afrique: Francophonie &#8211; Kigali renouvelle son soutien \u00e0 Louise Mushikiwabo pour un troisi\u00e8me mandat"},"content":{"rendered":"<p class=\"story-body-text\" data-para-word-count=\"29\"> Le Rwanda a officiellement annonc\u00e9, ce lundi, la candidature de Louise\u00a0 Mushikiwabo \u00a0\u00e0 un troisi\u00e8me mandat \u00e0 la t\u00eate de l&#8217;Organisation internationale de la Francophonie (OIF). \u00a0 <\/p>\n<p class=\"story-body-text\" data-para-word-count=\"18\">Cette d\u00e9cision intervient \u00e0 dix mois du XXe Sommet de la Francophonie pr\u00e9vu \u00e0 Phnom Penh (Cambodge) .<\/p>\n<p class=\"story-body-text\" data-para-word-count=\"11\"> Un soutien fond\u00e9 sur un bilan jug\u00e9 positif \u00a0 <\/p>\n<p class=\"story-body-text\" data-para-word-count=\"27\">Alors que le second mandat de l&#8217;actuelle secr\u00e9taire g\u00e9n\u00e9rale de l&#8217;OIF Louise\u00a0 Mushikiwabo \u00a0arrive \u00e0 terme cette ann\u00e9e, elle est salu\u00e9e par Kigali pour son bilan positif.<\/p>\n<p class=\"story-body-text\" style=\"text-align: center;\">\n<p>Suivez-nous sur <a href=\"https:\/\/whatsapp.com\/channel\/0029Vae09IP4inotqC0BUQ2V\" target=\"_blank\" rel=\"nofollow noopener\">WhatsApp<\/a> | <a href=\"https:\/\/www.linkedin.com\/company\/allafrica\/\" target=\"_blank\" rel=\"nofollow noopener\">LinkedIn<\/a> pour les derniers titres<\/p>\n<p class=\"story-body-text\" data-para-word-count=\"39\">\u00c9lue une premi\u00e8re fois en octobre 2018 \u00e0 Erevan, en Arm\u00e9nie, puis r\u00e9\u00e9lue en novembre 2022 \u00e0 Djerba, en Tunisie, Louise\u00a0 Mushikiwabo \u00a0s&#8217;est impos\u00e9e comme une figure centrale de la diplomatie francophone avec un parcours diplomatique et acad\u00e9mique reconnu.<\/p>\n<p class=\"story-body-text\" data-para-word-count=\"40\">En novembre dernier, en marge de la conf\u00e9rence minist\u00e9rielle de l&#8217;organisation, l&#8217;ancienne ministre des Affaires \u00e9trang\u00e8res rwandaise avait affirm\u00e9 que plusieurs pays l&#8217;avaient d\u00e9j\u00e0 sollicit\u00e9e, lui demandant de se pr\u00e9senter de nouveau au poste de secr\u00e9taire g\u00e9n\u00e9rale de la Francophonie.<\/p>\n<p class=\"story-body-text\" data-para-word-count=\"44\">Pour le ministre des Affaires \u00e9trang\u00e8res, Olivier\u00a0 Nduhungirehe , le bilan \u00ab\u00a0 largement reconnu et salu\u00e9 \u00a0\u00bb de Louise\u00a0 Mushikiwabo \u00a0\u00e0 la t\u00eate de l&#8217;Organisation internationale de la Francophonie justifie le soutien du gouvernement \u00e0 sa nouvelle candidature, rapporte nos confr\u00e8res d&#8217; Afriqueinfos .<\/p>\n<p class=\"story-body-text\" data-para-word-count=\"12\"> Le principe strict de rotation g\u00e9ographique point\u00e9 du doigt \u00a0 <\/p>\n<p class=\"story-body-text\" data-para-word-count=\"39\">Cette candidature pour un troisi\u00e8me mandat ravive toutefois le d\u00e9bat sur l&#8217;alternance \u00e0 la t\u00eate de l&#8217;OIF. Quand bien m\u00eame, la rotation g\u00e9ographique n&#8217;ait jamais \u00e9t\u00e9 un principe formel, certains analystes soul\u00e8vent la question de la rel\u00e8ve \u00e0 l&#8217;OIF.<\/p>\n<p class=\"story-body-text\" data-para-word-count=\"48\">D&#8217;apr\u00e8s\u00a0 Africanews , Mabiala \u00a0Ma-Umba, ancien directeur de l&#8217;\u00e9ducation et de la jeunesse de l&#8217;organisation, estimait que la R\u00e9publique d\u00e9mocratique du Congo pourrait l\u00e9gitimement pr\u00e9tendre \u00e0 ce poste, \u00e0 condition de proposer une candidature cr\u00e9dible et dot\u00e9e d&#8217;un rayonnement international, dans une tribune publi\u00e9e en juillet 2025 .<\/p>\n<p class=\"story-body-text\" data-para-word-count=\"33\">Plusieurs observateurs soulignent que l&#8217;avenir d\u00e9mographique et strat\u00e9gique de la francophonie se trouve \u00a0en Afrique, particuli\u00e8rement en RDC, ce qui pourrait influencer les prochaines \u00e9ch\u00e9ances et ouvrir la voie \u00e0 de nouvelles ambitions.\u202f<\/p>\n","protected":false},"excerpt":{"rendered":"Le Rwanda a officiellement annonc\u00e9, ce lundi, la candidature de Louise\u00a0 Mushikiwabo \u00a0\u00e0 un troisi\u00e8me mandat \u00e0 la&hellip;\n","protected":false},"author":2,"featured_media":21684,"comment_status":"","ping_status":"","sticky":false,"template":"","format":"standard","meta":{"footnotes":""},"categories":[62],"tags":[63,64,83,657,265,321,262,7801,649,268,653,96,261,3469,264,263,266],"class_list":{"0":"post-21683","1":"post","2":"type-post","3":"status-publish","4":"format-standard","5":"has-post-thumbnail","7":"category-afrique","8":"tag-africa","9":"tag-afrique","10":"tag-business","11":"tag-central-africa","12":"tag-current-events","13":"tag-east-africa","14":"tag-economy","15":"tag-europe-and-africa","16":"tag-external-relations","17":"tag-governance","18":"tag-international-organizations-and-africa","19":"tag-news","20":"tag-politics","21":"tag-rwanda","22":"tag-sports","23":"tag-trade","24":"tag-travel"},"share_on_mastodon":{"url":"","error":""},"_links":{"self":[{"href":"https:\/\/www.europesays.com\/africa\/wp-json\/wp\/v2\/posts\/21683","targetHints":{"allow":["GET"]}}],"collection":[{"href":"https:\/\/www.europesays.com\/africa\/wp-json\/wp\/v2\/posts"}],"about":[{"href":"https:\/\/www.europesays.com\/africa\/wp-json\/wp\/v2\/types\/post"}],"author":[{"embeddable":true,"href":"https:\/\/www.europesays.com\/africa\/wp-json\/wp\/v2\/users\/2"}],"replies":[{"embeddable":true,"href":"https:\/\/www.europesays.com\/africa\/wp-json\/wp\/v2\/comments?post=21683"}],"version-history":[{"count":0,"href":"https:\/\/www.europesays.com\/africa\/wp-json\/wp\/v2\/posts\/21683\/revisions"}],"wp:featuredmedia":[{"embeddable":true,"href":"https:\/\/www.europesays.com\/africa\/wp-json\/wp\/v2\/media\/21684"}],"wp:attachment":[{"href":"https:\/\/www.europesays.com\/africa\/wp-json\/wp\/v2\/media?parent=21683"}],"wp:term":[{"taxonomy":"category","embeddable":true,"href":"https:\/\/www.europesays.com\/africa\/wp-json\/wp\/v2\/categories?post=21683"},{"taxonomy":"post_tag","embeddable":true,"href":"https:\/\/www.europesays.com\/africa\/wp-json\/wp\/v2\/tags?post=21683"}],"curies":[{"name":"wp","href":"https:\/\/api.w.org\/{rel}","templated":true}]}}