{"id":21687,"date":"2026-01-13T22:45:12","date_gmt":"2026-01-13T22:45:12","guid":{"rendered":"https:\/\/www.europesays.com\/africa\/21687\/"},"modified":"2026-01-13T22:45:12","modified_gmt":"2026-01-13T22:45:12","slug":"abdelmadjid-tebboune-propose-de-reprendre-certains-ressortissants-algeriens-en-france","status":"publish","type":"post","link":"https:\/\/www.europesays.com\/africa\/21687\/","title":{"rendered":"Abdelmadjid Tebboune propose de \u00abreprendre\u00bb certains ressortissants alg\u00e9riens en France"},"content":{"rendered":"<p class=\"intro \">Dans la lign\u00e9e de la strat\u00e9gie d&#8217;apaisement d&#8217;Emmanuel Macron, le pr\u00e9sident alg\u00e9rien, Abdelmadjid Tebboune, envisage de rapatrier certains de ses ressortissants pr\u00e9sents en France. En excluant cependant les criminels et les trafiquants de l&#8217;\u00e9quation.<\/p>\n<p>C&#8217;est un signal fort et plut\u00f4t inattendu, apr\u00e8s des mois de <a href=\"https:\/\/www.europe1.fr\/politique\/criminalisation-de-la-colonisation-votee-en-algerie-une-provocation-pour-la-droite-francaise-876451\" rel=\"nofollow noopener\" target=\"_blank\">tensions diplomatiques<\/a> entre la France et l&#8217;Alg\u00e9rie. Alger veut aider ses ressortissants les plus pr\u00e9caires \u00e0 revenir dans leur pays, plut\u00f4t que les laisser \u00e0 l&#8217;abandon dans les rues fran\u00e7aises. Une initiative qui permet de sortir les deux pays de l&#8217;impasse.<\/p>\n<p>    La suite apr\u00e8s cette publicit\u00e9<\/p>\n<p>    La suite apr\u00e8s cette publicit\u00e9<\/p>\n<p>R\u00e9tablir l&#8217;image de l&#8217;Alg\u00e9rie<\/p>\n<p>En revanche, les auteurs de crimes de sang, de trafic de drogues, d&#8217;armes, ainsi que les personnes ayant collabor\u00e9 avec des services de s\u00e9curit\u00e9 \u00e9trangers sont exclus de ce rapatriement, et resteront donc en France. Selon les m\u00e9dias locaux, une des motivations du pr\u00e9sident Tebboune est de r\u00e9tablir l&#8217;image de l&#8217;Alg\u00e9rie. Car selon eux, les mauvais comportements de ces clandestins &#8220;salissaient l&#8217;image du pays&#8221;.<\/p>\n<p>Pour Paris, cette annonce est une petite victoire car depuis des mois, le dialogue est bloqu\u00e9 sur la question migratoire. Mais depuis la d\u00e9mission de Bruno Retailleau du minist\u00e8re de l&#8217;Int\u00e9rieur, <a href=\"https:\/\/www.europe1.fr\/dossiers\/emmanuel-macron\" rel=\"nofollow noopener\" target=\"_blank\">Emmanuel Macron<\/a> multiplie les gestes d&#8217;apaisement et acc\u00e9l\u00e8re la repentance fran\u00e7aise sur la colonisation en Alg\u00e9rie.<\/p>\n","protected":false},"excerpt":{"rendered":"Dans la lign\u00e9e de la strat\u00e9gie d&#8217;apaisement d&#8217;Emmanuel Macron, le pr\u00e9sident alg\u00e9rien, Abdelmadjid Tebboune, envisage de rapatrier certains&hellip;\n","protected":false},"author":2,"featured_media":21688,"comment_status":"","ping_status":"","sticky":false,"template":"","format":"standard","meta":{"footnotes":""},"categories":[254],"tags":[255],"class_list":{"0":"post-21687","1":"post","2":"type-post","3":"status-publish","4":"format-standard","5":"has-post-thumbnail","7":"category-algerie","8":"tag-algerie"},"share_on_mastodon":{"url":"","error":""},"_links":{"self":[{"href":"https:\/\/www.europesays.com\/africa\/wp-json\/wp\/v2\/posts\/21687","targetHints":{"allow":["GET"]}}],"collection":[{"href":"https:\/\/www.europesays.com\/africa\/wp-json\/wp\/v2\/posts"}],"about":[{"href":"https:\/\/www.europesays.com\/africa\/wp-json\/wp\/v2\/types\/post"}],"author":[{"embeddable":true,"href":"https:\/\/www.europesays.com\/africa\/wp-json\/wp\/v2\/users\/2"}],"replies":[{"embeddable":true,"href":"https:\/\/www.europesays.com\/africa\/wp-json\/wp\/v2\/comments?post=21687"}],"version-history":[{"count":0,"href":"https:\/\/www.europesays.com\/africa\/wp-json\/wp\/v2\/posts\/21687\/revisions"}],"wp:featuredmedia":[{"embeddable":true,"href":"https:\/\/www.europesays.com\/africa\/wp-json\/wp\/v2\/media\/21688"}],"wp:attachment":[{"href":"https:\/\/www.europesays.com\/africa\/wp-json\/wp\/v2\/media?parent=21687"}],"wp:term":[{"taxonomy":"category","embeddable":true,"href":"https:\/\/www.europesays.com\/africa\/wp-json\/wp\/v2\/categories?post=21687"},{"taxonomy":"post_tag","embeddable":true,"href":"https:\/\/www.europesays.com\/africa\/wp-json\/wp\/v2\/tags?post=21687"}],"curies":[{"name":"wp","href":"https:\/\/api.w.org\/{rel}","templated":true}]}}