{"id":21689,"date":"2026-01-13T22:46:07","date_gmt":"2026-01-13T22:46:07","guid":{"rendered":"https:\/\/www.europesays.com\/africa\/21689\/"},"modified":"2026-01-13T22:46:07","modified_gmt":"2026-01-13T22:46:07","slug":"le-directeur-general-de-la-sante-cite-dans-une-affaire-de-harcelement","status":"publish","type":"post","link":"https:\/\/www.europesays.com\/africa\/21689\/","title":{"rendered":"Le Directeur G\u00e9n\u00e9ral de la Sant\u00e9 cit\u00e9 dans une affaire de harc\u00e8lement"},"content":{"rendered":"<p style=\"font-family: Arial, Helvetica, sans-serif; margin: 0px; font-size: 17px; line-height: normal; font-size-adjust: none; font-kerning: auto; font-variant-alternates: normal; font-variant-numeric: normal; font-variant-east-asian: normal; font-feature-settings: normal; color: rgb(0, 0, 0);\">Le Pr Ousmane Ciss\u00e9, Directeur G\u00e9n\u00e9ral de la Sant\u00e9 du S\u00e9n\u00e9gal et responsable politique de Pastef compara\u00eet ce mardi 13 janvier 2026 devant le Tribunal d\u2019Instance Hors Classe de Dakar dans une affaire impliquant des accusations de harc\u00e8lement et de voies de fait. <\/p>\n<p style=\"font-family: Arial, Helvetica, sans-serif; margin: 0px; font-size: 17px; line-height: normal; font-size-adjust: none; font-kerning: auto; font-variant-alternates: normal; font-variant-numeric: normal; font-variant-east-asian: normal; font-feature-settings: normal; min-height: 22px; color: rgb(0, 0, 0);\">\u00a0 <\/p>\n<p style=\"font-family: Arial, Helvetica, sans-serif; margin: 0px; font-size: 17px; line-height: normal; font-size-adjust: none; font-kerning: auto; font-variant-alternates: normal; font-variant-numeric: normal; font-variant-east-asian: normal; font-feature-settings: normal; color: rgb(0, 0, 0);\">L\u2019affaire d\u00e9bute en juin 2024 lorsque le Dr Hadji Mansour Diop, administrateur d\u2019une clinique priv\u00e9e situ\u00e9e \u00e0 Zac Mbao, re\u00e7oit des messages anonymes contenant injures, diffamation et menaces. Une plainte contre X est d\u00e9pos\u00e9e. <\/p>\n<p style=\"font-family: Arial, Helvetica, sans-serif; margin: 0px; font-size: 17px; line-height: normal; font-size-adjust: none; font-kerning: auto; font-variant-alternates: normal; font-variant-numeric: normal; font-variant-east-asian: normal; font-feature-settings: normal; color: rgb(0, 0, 0);\">\u00a0 <\/p>\n<p style=\"font-family: Arial, Helvetica, sans-serif; margin: 0px; font-size: 17px; line-height: normal; font-size-adjust: none; font-kerning: auto; font-variant-alternates: normal; font-variant-numeric: normal; font-variant-east-asian: normal; font-feature-settings: normal; color: rgb(0, 0, 0);\">L\u2019enqu\u00eate men\u00e9e par les services de police du Point E a proc\u00e9d\u00e9 \u00e0 des r\u00e9quisitions t\u00e9l\u00e9phoniques et au tra\u00e7age de l\u2019appareil utilis\u00e9. Selon les \u00e9l\u00e9ments de l\u2019enqu\u00eate, le t\u00e9l\u00e9phone ayant servi \u00e0 l\u2019envoi des messages aurait \u00e9t\u00e9 acquis par le Pr Ciss\u00e9 avant d\u2019\u00eatre confi\u00e9 \u00e0 un groupe de personnes. L\u2019enqu\u00eate a ainsi dur\u00e9 six mois. <\/p>\n<p style=\"font-family: Arial, Helvetica, sans-serif; margin: 0px; font-size: 17px; line-height: normal; font-size-adjust: none; font-kerning: auto; font-variant-alternates: normal; font-variant-numeric: normal; font-variant-east-asian: normal; font-feature-settings: normal; min-height: 22px; color: rgb(0, 0, 0);\">\u00a0 <\/p>\n<p style=\"font-family: Arial, Helvetica, sans-serif; margin: 0px; font-size: 17px; line-height: normal; font-size-adjust: none; font-kerning: auto; font-variant-alternates: normal; font-variant-numeric: normal; font-variant-east-asian: normal; font-feature-settings: normal; color: rgb(0, 0, 0);\">Le Pr Ousmane Ciss\u00e9 est poursuivi aux c\u00f4t\u00e9s de Pape Ibrahima Thiam pour violences et voies de fait dat\u00e9es du 1er janvier injures non publiques dat\u00e9es du 2 janvier. Les infractions invoqu\u00e9es rel\u00e8vent des articles 296, 45 et 46 du Code p\u00e9nal s\u00e9n\u00e9galais, ainsi que de l\u2019article 11-1 du Code de la Communication. <\/p>\n<p style=\"font-family: Arial, Helvetica, sans-serif; margin: 0px; font-size: 17px; line-height: normal; font-size-adjust: none; font-kerning: auto; font-variant-alternates: normal; font-variant-numeric: normal; font-variant-east-asian: normal; font-feature-settings: normal; min-height: 22px; color: rgb(0, 0, 0);\">\u00a0 <\/p>\n<p style=\"font-family: Arial, Helvetica, sans-serif; margin: 0px; font-size: 17px; line-height: normal; font-size-adjust: none; font-kerning: auto; font-variant-alternates: normal; font-variant-numeric: normal; font-variant-east-asian: normal; font-feature-settings: normal; color: rgb(0, 0, 0);\">Le dossier en \u00e9tat, a \u00e9t\u00e9 retenu en s\u00e9ance pl\u00e9ni\u00e8re de ce 13 janvier 2026 et la d\u00e9fense a demand\u00e9 un renvoi ferme au 10 f\u00e9vrier 2026 accord\u00e9 par le juge. <\/p>\n","protected":false},"excerpt":{"rendered":"Le Pr Ousmane Ciss\u00e9, Directeur G\u00e9n\u00e9ral de la Sant\u00e9 du S\u00e9n\u00e9gal et responsable politique de Pastef compara\u00eet ce&hellip;\n","protected":false},"author":2,"featured_media":21690,"comment_status":"","ping_status":"","sticky":false,"template":"","format":"standard","meta":{"footnotes":""},"categories":[48],"tags":[64,274,279,273,277,278,271,281,283,272,280,276,275,159,282],"class_list":{"0":"post-21689","1":"post","2":"type-post","3":"status-publish","4":"format-standard","5":"has-post-thumbnail","7":"category-senegal","8":"tag-afrique","9":"tag-aliou-cisse","10":"tag-amadou-ba","11":"tag-apr","12":"tag-bassirou-diomaye-faye","13":"tag-bathelemy-dias","14":"tag-dakar","15":"tag-el-malick-ndiaye","16":"tag-guy-marius-sagna","17":"tag-macky-sall","18":"tag-madiambal-diagne","19":"tag-ousmane-sonko","20":"tag-pastef","21":"tag-senegal","22":"tag-ziguinchor"},"share_on_mastodon":{"url":"","error":""},"_links":{"self":[{"href":"https:\/\/www.europesays.com\/africa\/wp-json\/wp\/v2\/posts\/21689","targetHints":{"allow":["GET"]}}],"collection":[{"href":"https:\/\/www.europesays.com\/africa\/wp-json\/wp\/v2\/posts"}],"about":[{"href":"https:\/\/www.europesays.com\/africa\/wp-json\/wp\/v2\/types\/post"}],"author":[{"embeddable":true,"href":"https:\/\/www.europesays.com\/africa\/wp-json\/wp\/v2\/users\/2"}],"replies":[{"embeddable":true,"href":"https:\/\/www.europesays.com\/africa\/wp-json\/wp\/v2\/comments?post=21689"}],"version-history":[{"count":0,"href":"https:\/\/www.europesays.com\/africa\/wp-json\/wp\/v2\/posts\/21689\/revisions"}],"wp:featuredmedia":[{"embeddable":true,"href":"https:\/\/www.europesays.com\/africa\/wp-json\/wp\/v2\/media\/21690"}],"wp:attachment":[{"href":"https:\/\/www.europesays.com\/africa\/wp-json\/wp\/v2\/media?parent=21689"}],"wp:term":[{"taxonomy":"category","embeddable":true,"href":"https:\/\/www.europesays.com\/africa\/wp-json\/wp\/v2\/categories?post=21689"},{"taxonomy":"post_tag","embeddable":true,"href":"https:\/\/www.europesays.com\/africa\/wp-json\/wp\/v2\/tags?post=21689"}],"curies":[{"name":"wp","href":"https:\/\/api.w.org\/{rel}","templated":true}]}}