{"id":21709,"date":"2026-01-13T23:00:07","date_gmt":"2026-01-13T23:00:07","guid":{"rendered":"https:\/\/www.europesays.com\/africa\/21709\/"},"modified":"2026-01-13T23:00:07","modified_gmt":"2026-01-13T23:00:07","slug":"senegal-egypte-les-compositions-probables-de-la-demi-finale-de-la-can-2025-avec-salah-et-mane-titulaires","status":"publish","type":"post","link":"https:\/\/www.europesays.com\/africa\/21709\/","title":{"rendered":"S\u00e9n\u00e9gal-\u00c9gypte\u00a0: les compositions probables de la demi-finale de la CAN 2025 avec Salah et Man\u00e9 titulaires"},"content":{"rendered":"<p class=\"paragraph text_align_left lp-f-body-02\">Un remake pour une place en finale. Le S\u00e9n\u00e9gal et l\u2019\u00c9gypte, <a href=\"https:\/\/www.leparisien.fr\/sports\/football\/can-2022-grace-a-mendy-son-gardien-le-senegal-sacre-pour-la-premiere-fois-au-bout-du-suspense-06-02-2022-RE7VRG6QBND6BMJ7LRKRZYRHIE.php\" target=\"_self\" rel=\"nofollow noopener\">adversaires pour le titre lors de la CAN 2022<\/a>, se retrouvent quatre ans apr\u00e8s, cette fois-ci dans le dernier carr\u00e9 de <a href=\"https:\/\/www.leparisien.fr\/sports\/football\/coupe-d-afrique-des-nations\/\" target=\"_self\" rel=\"nofollow noopener\">l\u2019\u00e9dition 2025 au Maroc<\/a>. D\u2019un c\u00f4t\u00e9, une nation \u00e9mergente, devenue au fil des ann\u00e9es l\u2019une des meilleures \u00e9quipes d\u2019Afrique. De l\u2019autre, le roi incontest\u00e9 du continent, <a href=\"https:\/\/www.leparisien.fr\/sports\/football\/coupe-d-afrique-des-nations\/can-2025-decouvrez-le-palmares-complet-de-la-competition-20-12-2025-H53T6PVTLFF6ZOWMI6VZJYXU7A.php\" target=\"_self\" rel=\"nofollow noopener\">qui tr\u00f4ne tout en haut du palmar\u00e8s de la comp\u00e9tition<\/a> avec 7 sacres.<\/p>\n<p class=\"\">Pour ce choc au sommet, programm\u00e9 ce mercredi au <a href=\"https:\/\/www.leparisien.fr\/sports\/football\/coupe-d-afrique-des-nations\/can-2025-rabat-tanger-casablanca-la-liste-complete-des-stades-de-la-competition-21-12-2025-YGODZLPOCVAM7IVGX6HS2S5JTY.php\" target=\"_self\" rel=\"nofollow noopener\">Stade Ibn-Batouta de Tanger<\/a> (18 heures), les deux s\u00e9lectionneurs ne devraient pas entamer de r\u00e9volution dans leurs compositions respectives. C\u00f4t\u00e9 s\u00e9n\u00e9galais, <a href=\"https:\/\/www.leparisien.fr\/sports\/football\/coupe-d-afrique-des-nations\/les-gens-disent-quon-est-favoris-sorti-du-piege-malien-le-senegal-ne-cache-plus-ses-ambitions-a-la-can-09-01-2026-OFIHVZQYZVD2VPEVBXNE32WUEQ.php\" target=\"_self\" rel=\"nofollow noopener\">Pape Thiaw <\/a>pourrait reconduire le m\u00eame onze que <a href=\"https:\/\/www.leparisien.fr\/sports\/football\/coupe-d-afrique-des-nations\/mali-senegal-0-1-dans-un-match-debride-les-lions-de-la-teranga-simposent-et-verront-les-demies-09-01-2026-QG45TSTF4VDFLGEFAIPVUF55BM.php\" target=\"_self\" rel=\"nofollow noopener\">celui victorieux contre le Mali (0-1)<\/a>, \u00e0 une exception pr\u00e8s : le retour probable de Nicolas Jackson \u00e0 la pointe de l\u2019attaque.<\/p>\n<p class=\"\">Rempla\u00e7ant face aux Aigles apr\u00e8s son match rat\u00e9 <a href=\"https:\/\/www.leparisien.fr\/sports\/football\/coupe-d-afrique-des-nations\/senegal-soudan-3-1-le-pied-gauche-de-lancien-marseillais-pape-gueye-envoie-les-senegalais-en-quarts-de-la-can-2025-03-01-2026-B5R2ATKNKNGDHO547BW4ISOXOE.php\" target=\"_self\" rel=\"nofollow noopener\">en 8es de finale contre le Soudan (3-1)<\/a>, l\u2019attaquant du Bayern Munich avait \u00e9galement d\u00e9\u00e7u par son individualisme. Son s\u00e9lectionneur avait donc d\u00e9cid\u00e9 de le sanctionner en lui pr\u00e9f\u00e9rant Habib Diallo en quarts de finale. Ce dernier n\u2019ayant pas crev\u00e9 l\u2019\u00e9cran, Jackson pourrait retrouver son poste, son explosivit\u00e9 et sa vitesse risquant d\u2019\u00eatre utiles face \u00e0 la robuste d\u00e9fense \u00e9gyptienne.<\/p>\n<p class=\"\">Information importante du c\u00f4t\u00e9 des Lions de la Teranga, sept joueurs sont sous le coup d\u2019une suspension pour une \u00e9ventuelle finale en cas de carton jaune mercredi soir : Habib Diallo, Ibrahim Mbaye, Pape Gueye, Habib Diarra, Kalidou Koulibaly, Nicolas Jackson et Ismail Jakobs.<\/p>\n<p>Salah et Marmoush pour mener l\u2019\u00c9gypte<\/p>\n<p class=\"\">Une notion qui ne devrait toutefois pas avoir d\u2019impact sur la composition d\u2019\u00e9quipe de Pape Thiaw : \u00ab On ne va pas calculer par rapport aux cartons et aux menaces de suspension \u00bb, a-t-il affirm\u00e9 en conf\u00e9rence de presse de veille de match. \u00ab L\u2019effectif est l\u00e0. Ils vont jouer \u00e0 fond et ils ne penseront pas \u00e0 \u00e7a. Le plus important, c\u2019est de gagner ce match contre l\u2019\u00c9gypte. \u00bb<\/p>\n<p>Les compositions probables de S\u00e9n\u00e9gal &#8211; \u00c9gypte<\/p>\n<p class=\"\">S\u00e9n\u00e9gal : E.Mendy &#8211; Diatta, Koulibaly (cap.), Niakhat\u00e9, EHM.Diouf &#8211; I.Gueye, Diarra, P.Gueye &#8211; Ndiaye, N.Jackson, Man\u00e9<\/p>\n<p class=\"\">\u00c9gypte : El Shenawy &#8211; Ibrahim, Abdelmaguid, Rabia &#8211; Hany, Attia, Fathi, Fatouh &#8211; Ashour &#8211; Salah (cap.), Marmoush<\/p>\n<p class=\"\">De leur c\u00f4t\u00e9, les Pharaons devraient se pr\u00e9senter dans le m\u00eame syst\u00e8me et avec les m\u00eames joueurs que <a href=\"https:\/\/www.leparisien.fr\/sports\/football\/coupe-d-afrique-des-nations\/egypte-cote-divoire-3-2-les-pharaons-simposent-et-affronteront-le-senegal-en-demi-finale-10-01-2026-AJGX5BQ4BBBWPB6WPOYQRYZUX4.php\" target=\"_self\" rel=\"nofollow noopener\">contre la C\u00f4te d\u2019Ivoire (3-2)<\/a>. En quart de finale, <a href=\"https:\/\/www.leparisien.fr\/sports\/football\/coupe-d-afrique-des-nations\/rien-a-envier-a-leurope-le-selectionneur-egyptien-hossam-hassan-vante-a-son-tour-lorganisation-de-la-can-2025-par-le-maroc-13-01-2026-MFXWXSXKWNHIHF2DW7FBWLI5II.php\" target=\"_self\" rel=\"nofollow noopener\">les hommes d\u2019Hossam Hassan<\/a> avaient r\u00e9ussi leur meilleur match du tournoi en \u00e9liminant les champions en titre. Alors que l\u2019habituel lat\u00e9ral gauche Mohamed Hamdy est forfait pour le reste de la CAN en raison d\u2019une rupture du ligament crois\u00e9 ant\u00e9rieur du genou gauche subie contre le B\u00e9nin en 8es (3-1 a.p.), Ahmed Fatouh devrait \u00e0 nouveau occuper le poste.<\/p>\n<p class=\"\">Auteur de deux passes d\u00e9cisives face aux \u00c9l\u00e9phants, Emam Ashour devrait \u00e0 nouveau occuper le poste de milieu offensif, en soutien du duo cinq \u00e9toiles form\u00e9 par Mohamed Salah et Omar Marmoush.<\/p>\n","protected":false},"excerpt":{"rendered":"Un remake pour une place en finale. Le S\u00e9n\u00e9gal et l\u2019\u00c9gypte, adversaires pour le titre lors de la&hellip;\n","protected":false},"author":2,"featured_media":21710,"comment_status":"","ping_status":"","sticky":false,"template":"","format":"standard","meta":{"footnotes":""},"categories":[48],"tags":[360,311,159,264],"class_list":{"0":"post-21709","1":"post","2":"type-post","3":"status-publish","4":"format-standard","5":"has-post-thumbnail","7":"category-senegal","8":"tag-can","9":"tag-football","10":"tag-senegal","11":"tag-sports"},"share_on_mastodon":{"url":"","error":""},"_links":{"self":[{"href":"https:\/\/www.europesays.com\/africa\/wp-json\/wp\/v2\/posts\/21709","targetHints":{"allow":["GET"]}}],"collection":[{"href":"https:\/\/www.europesays.com\/africa\/wp-json\/wp\/v2\/posts"}],"about":[{"href":"https:\/\/www.europesays.com\/africa\/wp-json\/wp\/v2\/types\/post"}],"author":[{"embeddable":true,"href":"https:\/\/www.europesays.com\/africa\/wp-json\/wp\/v2\/users\/2"}],"replies":[{"embeddable":true,"href":"https:\/\/www.europesays.com\/africa\/wp-json\/wp\/v2\/comments?post=21709"}],"version-history":[{"count":0,"href":"https:\/\/www.europesays.com\/africa\/wp-json\/wp\/v2\/posts\/21709\/revisions"}],"wp:featuredmedia":[{"embeddable":true,"href":"https:\/\/www.europesays.com\/africa\/wp-json\/wp\/v2\/media\/21710"}],"wp:attachment":[{"href":"https:\/\/www.europesays.com\/africa\/wp-json\/wp\/v2\/media?parent=21709"}],"wp:term":[{"taxonomy":"category","embeddable":true,"href":"https:\/\/www.europesays.com\/africa\/wp-json\/wp\/v2\/categories?post=21709"},{"taxonomy":"post_tag","embeddable":true,"href":"https:\/\/www.europesays.com\/africa\/wp-json\/wp\/v2\/tags?post=21709"}],"curies":[{"name":"wp","href":"https:\/\/api.w.org\/{rel}","templated":true}]}}