{"id":21728,"date":"2026-01-13T23:16:17","date_gmt":"2026-01-13T23:16:17","guid":{"rendered":"https:\/\/www.europesays.com\/africa\/21728\/"},"modified":"2026-01-13T23:16:17","modified_gmt":"2026-01-13T23:16:17","slug":"un-sexagenaire-arrete-en-pleine-nuit-pour-acte-contre-nature-sur-un-enfant","status":"publish","type":"post","link":"https:\/\/www.europesays.com\/africa\/21728\/","title":{"rendered":"un sexag\u00e9naire arr\u00eat\u00e9 en pleine nuit pour acte contre-nature sur un enfant"},"content":{"rendered":"<p data-originalcomputedfontsize=\"16\" data-removefontsize=\"true\" style=\"font-size: 1rem; -webkit-text-size-adjust: auto; caret-color: rgb(212, 212, 213); font-family: -apple-system, sans-serif; word-spacing: 1px; -webkit-tap-highlight-color: rgba(255, 255, 255, 0.25); border-color: rgb(49, 49, 49); color: rgb(49, 49, 49);\">Un scandale d\u2019une rare gravit\u00e9 est venu \u00e9branler la qui\u00e9tude spirituelle du Magal de F\u00e9to, dans la commune de Darou Marnane, r\u00e9gion de Louga. Selon les r\u00e9v\u00e9lations du quotidien L\u2019Observateur, un homme de 60 ans, venu assister \u00e0 cet \u00e9v\u00e9nement religieux majeur, a \u00e9t\u00e9 surpris en flagrant d\u00e9lit d\u2019acte contre-nature avec un enfant, dans la nuit du samedi 10 au dimanche 11 janvier 2026. <\/p>\n<p style=\"-webkit-text-size-adjust: auto; caret-color: rgb(212, 212, 213); font-family: -apple-system, sans-serif; word-spacing: 1px; -webkit-tap-highlight-color: rgba(255, 255, 255, 0.25); border-color: rgb(49, 49, 49); color: rgb(49, 49, 49);\">\u00a0 <\/p>\n<p data-originalcomputedfontsize=\"16\" data-removefontsize=\"true\" style=\"font-size: 1rem; -webkit-text-size-adjust: auto; caret-color: rgb(212, 212, 213); font-family: -apple-system, sans-serif; word-spacing: 1px; -webkit-tap-highlight-color: rgba(255, 255, 255, 0.25); border-color: rgb(49, 49, 49); color: rgb(49, 49, 49);\">Le mis en cause, identifi\u00e9 comme M. Fall, menuisier de profession, p\u00e8re de famille et domicili\u00e9 \u00e0 Touba, participait au magal organis\u00e9 chaque ann\u00e9e sous l\u2019autorit\u00e9 du Khalife g\u00e9n\u00e9ral de F\u00e9to. Alors que les fid\u00e8les \u00e9taient plong\u00e9s dans les pr\u00e9paratifs nocturnes de la c\u00e9l\u00e9bration, un fait abject est venu ternir la sacralit\u00e9 des lieux. <\/p>\n<p style=\"-webkit-text-size-adjust: auto; caret-color: rgb(212, 212, 213); font-family: -apple-system, sans-serif; word-spacing: 1px; -webkit-tap-highlight-color: rgba(255, 255, 255, 0.25); border-color: rgb(49, 49, 49); color: rgb(49, 49, 49);\">\u00a0 <\/p>\n<p data-originalcomputedfontsize=\"16\" data-removefontsize=\"true\" style=\"font-size: 1rem; -webkit-text-size-adjust: auto; caret-color: rgb(212, 212, 213); font-family: -apple-system, sans-serif; word-spacing: 1px; -webkit-tap-highlight-color: rgba(255, 255, 255, 0.25); border-color: rgb(49, 49, 49); color: rgb(49, 49, 49);\">D\u2019apr\u00e8s L\u2019Observateur, il \u00e9tait environ 3 heures du matin lorsque des \u00e9l\u00e9ments de la garde rapproch\u00e9e du Khalife, en patrouille pour assurer la s\u00e9curit\u00e9 des fid\u00e8les et des h\u00f4tes, ont \u00e9t\u00e9 alert\u00e9s par des bruits suspects provenant d\u2019une tente. Celle-ci abritait des enfants venus de villages environnants, \u00e2g\u00e9s de 10 \u00e0 13 ans, qui dormaient ensemble en attendant les c\u00e9r\u00e9monies. <\/p>\n<p style=\"-webkit-text-size-adjust: auto; caret-color: rgb(212, 212, 213); font-family: -apple-system, sans-serif; word-spacing: 1px; -webkit-tap-highlight-color: rgba(255, 255, 255, 0.25); border-color: rgb(49, 49, 49); color: rgb(49, 49, 49);\">\u00a0 <\/p>\n<p data-originalcomputedfontsize=\"16\" data-removefontsize=\"true\" style=\"font-size: 1rem; -webkit-text-size-adjust: auto; caret-color: rgb(212, 212, 213); font-family: -apple-system, sans-serif; word-spacing: 1px; -webkit-tap-highlight-color: rgba(255, 255, 255, 0.25); border-color: rgb(49, 49, 49); color: rgb(49, 49, 49);\">Intrigu\u00e9s, les agents de s\u00e9curit\u00e9 s\u2019introduisent sous la tente et d\u00e9couvrent une sc\u00e8ne choquante : M. Fall \u00e9tait en train de contraindre l\u2019un des enfants \u00e0 un acte sexuel. Pris sur le fait, le sexag\u00e9naire est imm\u00e9diatement interpell\u00e9. Soumis \u00e0 un interrogatoire sommaire, il reconna\u00eet sans d\u00e9tour les faits qui lui sont reproch\u00e9s. <\/p>\n<p style=\"-webkit-text-size-adjust: auto; caret-color: rgb(212, 212, 213); font-family: -apple-system, sans-serif; word-spacing: 1px; -webkit-tap-highlight-color: rgba(255, 255, 255, 0.25); border-color: rgb(49, 49, 49); color: rgb(49, 49, 49);\">\u00a0 <\/p>\n<p data-originalcomputedfontsize=\"16\" data-removefontsize=\"true\" style=\"font-size: 1rem; -webkit-text-size-adjust: auto; caret-color: rgb(212, 212, 213); font-family: -apple-system, sans-serif; word-spacing: 1px; -webkit-tap-highlight-color: rgba(255, 255, 255, 0.25); border-color: rgb(49, 49, 49); color: rgb(49, 49, 49);\">Remis \u00e0 la brigade de gendarmerie de Darou Marnane, le mis en cause passe aux aveux complets. Toujours selon L\u2019Observateur, il a justifi\u00e9 son comportement par un \u00ab penchant pour les jeunes gar\u00e7ons \u00bb, ajoutant que, pour cette nuit-l\u00e0, il n\u2019avait eu le temps de s\u2019en prendre qu\u2019\u00e0 un seul enfant avant d\u2019\u00eatre surpris. <\/p>\n<p style=\"-webkit-text-size-adjust: auto; caret-color: rgb(212, 212, 213); font-family: -apple-system, sans-serif; word-spacing: 1px; -webkit-tap-highlight-color: rgba(255, 255, 255, 0.25); border-color: rgb(49, 49, 49); color: rgb(49, 49, 49);\">\u00a0 <\/p>\n<p data-originalcomputedfontsize=\"16\" data-removefontsize=\"true\" dir=\"auto\" style=\"font-size: 1rem; -webkit-text-size-adjust: auto; caret-color: rgb(212, 212, 213); font-family: -apple-system, sans-serif; word-spacing: 1px; -webkit-tap-highlight-color: rgba(255, 255, 255, 0.25); border-color: rgb(49, 49, 49); color: rgb(49, 49, 49);\">Mari\u00e9 \u00e0 deux \u00e9pouses et p\u00e8re de famille, M. Fall a \u00e9t\u00e9 plac\u00e9 en garde \u00e0 vue pour acte contre-nature sur mineur. \u00c0 l\u2019issue de la dur\u00e9e l\u00e9gale de sa d\u00e9tention pr\u00e9ventive, il a \u00e9t\u00e9 d\u00e9f\u00e9r\u00e9 hier devant le parquet de Louga, o\u00f9 un mandat de d\u00e9p\u00f4t lui a \u00e9t\u00e9 d\u00e9cern\u00e9. Il croupit d\u00e9sormais \u00e0 la Maison d\u2019arr\u00eat et de correction (MAC) de Louga, en attendant la suite de la proc\u00e9dure judiciaire. <\/p>\n","protected":false},"excerpt":{"rendered":"Un scandale d\u2019une rare gravit\u00e9 est venu \u00e9branler la qui\u00e9tude spirituelle du Magal de F\u00e9to, dans la commune&hellip;\n","protected":false},"author":2,"featured_media":21729,"comment_status":"","ping_status":"","sticky":false,"template":"","format":"standard","meta":{"footnotes":""},"categories":[48],"tags":[64,274,279,273,277,278,271,281,283,272,280,276,275,159,282],"class_list":{"0":"post-21728","1":"post","2":"type-post","3":"status-publish","4":"format-standard","5":"has-post-thumbnail","7":"category-senegal","8":"tag-afrique","9":"tag-aliou-cisse","10":"tag-amadou-ba","11":"tag-apr","12":"tag-bassirou-diomaye-faye","13":"tag-bathelemy-dias","14":"tag-dakar","15":"tag-el-malick-ndiaye","16":"tag-guy-marius-sagna","17":"tag-macky-sall","18":"tag-madiambal-diagne","19":"tag-ousmane-sonko","20":"tag-pastef","21":"tag-senegal","22":"tag-ziguinchor"},"share_on_mastodon":{"url":"","error":""},"_links":{"self":[{"href":"https:\/\/www.europesays.com\/africa\/wp-json\/wp\/v2\/posts\/21728","targetHints":{"allow":["GET"]}}],"collection":[{"href":"https:\/\/www.europesays.com\/africa\/wp-json\/wp\/v2\/posts"}],"about":[{"href":"https:\/\/www.europesays.com\/africa\/wp-json\/wp\/v2\/types\/post"}],"author":[{"embeddable":true,"href":"https:\/\/www.europesays.com\/africa\/wp-json\/wp\/v2\/users\/2"}],"replies":[{"embeddable":true,"href":"https:\/\/www.europesays.com\/africa\/wp-json\/wp\/v2\/comments?post=21728"}],"version-history":[{"count":0,"href":"https:\/\/www.europesays.com\/africa\/wp-json\/wp\/v2\/posts\/21728\/revisions"}],"wp:featuredmedia":[{"embeddable":true,"href":"https:\/\/www.europesays.com\/africa\/wp-json\/wp\/v2\/media\/21729"}],"wp:attachment":[{"href":"https:\/\/www.europesays.com\/africa\/wp-json\/wp\/v2\/media?parent=21728"}],"wp:term":[{"taxonomy":"category","embeddable":true,"href":"https:\/\/www.europesays.com\/africa\/wp-json\/wp\/v2\/categories?post=21728"},{"taxonomy":"post_tag","embeddable":true,"href":"https:\/\/www.europesays.com\/africa\/wp-json\/wp\/v2\/tags?post=21728"}],"curies":[{"name":"wp","href":"https:\/\/api.w.org\/{rel}","templated":true}]}}