{"id":2176,"date":"2026-01-04T06:53:18","date_gmt":"2026-01-04T06:53:18","guid":{"rendered":"https:\/\/www.europesays.com\/africa\/2176\/"},"modified":"2026-01-04T06:53:18","modified_gmt":"2026-01-04T06:53:18","slug":"une-collision-entre-un-cheikhou-cherif-et-un-tiak-tiak-fait-4-morts-et-plusieurs-blesses-bilan-provisoire","status":"publish","type":"post","link":"https:\/\/www.europesays.com\/africa\/2176\/","title":{"rendered":"Une collision entre un &#8216;Cheikhou Cherif&#8217; et un Tiak Tiak fait 4 morts et plusieurs bless\u00e9s (bilan provisoire)"},"content":{"rendered":"<p>  Un accident mortel vient de se produire sur la route de Kaffrine, \u00e0 hauteur du village de Parasel, dans la commune de Mbadakhoune. <\/p>\n<p>En effet, un v\u00e9hicule &#8221;Cheikhou Ch\u00e9rif&#8221; y est entr\u00e9 en collision avec un Tiak Tiak. Selon un t\u00e9moin contact\u00e9 par Dakaractu Kaolack, le bilan provisoire fait \u00e9tat de 4 morts et de plusieurs bless\u00e9s. <\/p>\n<p>La m\u00eame source informe que les sapeurs pompiers sont actuellement sur place pour \u00e9vacuer les bless\u00e9s dont certains sont dans un \u00e9tat critique&#8230;<\/p>\n","protected":false},"excerpt":{"rendered":"Un accident mortel vient de se produire sur la route de Kaffrine, \u00e0 hauteur du village de Parasel,&hellip;\n","protected":false},"author":2,"featured_media":2177,"comment_status":"","ping_status":"","sticky":false,"template":"","format":"standard","meta":{"footnotes":""},"categories":[48],"tags":[64,274,279,273,277,278,271,281,283,272,280,276,275,159,282],"class_list":{"0":"post-2176","1":"post","2":"type-post","3":"status-publish","4":"format-standard","5":"has-post-thumbnail","7":"category-senegal","8":"tag-afrique","9":"tag-aliou-cisse","10":"tag-amadou-ba","11":"tag-apr","12":"tag-bassirou-diomaye-faye","13":"tag-bathelemy-dias","14":"tag-dakar","15":"tag-el-malick-ndiaye","16":"tag-guy-marius-sagna","17":"tag-macky-sall","18":"tag-madiambal-diagne","19":"tag-ousmane-sonko","20":"tag-pastef","21":"tag-senegal","22":"tag-ziguinchor"},"share_on_mastodon":{"url":"","error":""},"_links":{"self":[{"href":"https:\/\/www.europesays.com\/africa\/wp-json\/wp\/v2\/posts\/2176","targetHints":{"allow":["GET"]}}],"collection":[{"href":"https:\/\/www.europesays.com\/africa\/wp-json\/wp\/v2\/posts"}],"about":[{"href":"https:\/\/www.europesays.com\/africa\/wp-json\/wp\/v2\/types\/post"}],"author":[{"embeddable":true,"href":"https:\/\/www.europesays.com\/africa\/wp-json\/wp\/v2\/users\/2"}],"replies":[{"embeddable":true,"href":"https:\/\/www.europesays.com\/africa\/wp-json\/wp\/v2\/comments?post=2176"}],"version-history":[{"count":0,"href":"https:\/\/www.europesays.com\/africa\/wp-json\/wp\/v2\/posts\/2176\/revisions"}],"wp:featuredmedia":[{"embeddable":true,"href":"https:\/\/www.europesays.com\/africa\/wp-json\/wp\/v2\/media\/2177"}],"wp:attachment":[{"href":"https:\/\/www.europesays.com\/africa\/wp-json\/wp\/v2\/media?parent=2176"}],"wp:term":[{"taxonomy":"category","embeddable":true,"href":"https:\/\/www.europesays.com\/africa\/wp-json\/wp\/v2\/categories?post=2176"},{"taxonomy":"post_tag","embeddable":true,"href":"https:\/\/www.europesays.com\/africa\/wp-json\/wp\/v2\/tags?post=2176"}],"curies":[{"name":"wp","href":"https:\/\/api.w.org\/{rel}","templated":true}]}}