{"id":21762,"date":"2026-01-13T23:45:25","date_gmt":"2026-01-13T23:45:25","guid":{"rendered":"https:\/\/www.europesays.com\/africa\/21762\/"},"modified":"2026-01-13T23:45:25","modified_gmt":"2026-01-13T23:45:25","slug":"lamant-de-la-quinquagenaire-decedee-inculpe-pour-meurtre-place-sous-bracelet-electronique","status":"publish","type":"post","link":"https:\/\/www.europesays.com\/africa\/21762\/","title":{"rendered":"l\u2019amant de la quinquag\u00e9naire d\u00e9c\u00e9d\u00e9e inculp\u00e9 pour meurtre, plac\u00e9 sous bracelet \u00e9lectronique"},"content":{"rendered":"<p data-originalcomputedfontsize=\"16\" data-originalfontsize=\"inherit\" style=\"font-size: 1rem; -webkit-text-size-adjust: auto; caret-color: rgb(212, 212, 213); word-spacing: 1px; -webkit-tap-highlight-color: rgba(255, 255, 255, 0.25); font-family: -apple-system, sans-serif; border-color: rgb(49, 49, 49); color: rgb(49, 49, 49);\">L\u2019affaire de la femme retrouv\u00e9e morte apr\u00e8s une chute \u00e0 la cit\u00e9 Lobatt Fall, \u00e0 Pikine, conna\u00eet un tournant judiciaire majeur. Selon le quotidien L\u2019Observateur, l\u2019amant de la victime, I. Seck, \u00e2g\u00e9 de 53 ans, initialement poursuivi pour homicide involontaire, a \u00e9t\u00e9 inculp\u00e9 pour meurtre et plac\u00e9 sous bracelet \u00e9lectronique \u00e0 l\u2019issue de l\u2019ouverture d\u2019une information judiciaire. <\/p>\n<p style=\"-webkit-text-size-adjust: auto; caret-color: rgb(212, 212, 213); font-size: inherit; word-spacing: 1px; -webkit-tap-highlight-color: rgba(255, 255, 255, 0.25); font-family: -apple-system, sans-serif; border-color: rgb(49, 49, 49); color: rgb(49, 49, 49);\">\u00a0 <\/p>\n<p data-originalcomputedfontsize=\"16\" data-originalfontsize=\"inherit\" style=\"font-size: 1rem; -webkit-text-size-adjust: auto; caret-color: rgb(212, 212, 213); word-spacing: 1px; -webkit-tap-highlight-color: rgba(255, 255, 255, 0.25); font-family: -apple-system, sans-serif; border-color: rgb(49, 49, 49); color: rgb(49, 49, 49);\">La proc\u00e9dure, marqu\u00e9e par plusieurs retours de parquet, a conduit le procureur Saliou Dicko, chef du parquet de Pikine-Gu\u00e9diawaye, \u00e0 solliciter l\u2019intervention d\u2019un magistrat instructeur. Cette d\u00e9cision judiciaire a entra\u00een\u00e9 une requalification des faits, alourdissant consid\u00e9rablement les charges pesant sur le principal mis en cause, rapporte L\u2019Observateur. <\/p>\n<p style=\"-webkit-text-size-adjust: auto; caret-color: rgb(212, 212, 213); font-size: inherit; word-spacing: 1px; -webkit-tap-highlight-color: rgba(255, 255, 255, 0.25); font-family: -apple-system, sans-serif; border-color: rgb(49, 49, 49); color: rgb(49, 49, 49);\">\u00a0 <\/p>\n<p data-originalcomputedfontsize=\"16\" data-originalfontsize=\"inherit\" style=\"font-size: 1rem; -webkit-text-size-adjust: auto; caret-color: rgb(212, 212, 213); word-spacing: 1px; -webkit-tap-highlight-color: rgba(255, 255, 255, 0.25); font-family: -apple-system, sans-serif; border-color: rgb(49, 49, 49); color: rgb(49, 49, 49);\">Dans le m\u00eame dossier, la belle-s\u0153ur de I. Seck, poursuivie pour atteinte \u00e0 l\u2019administration de la justice, a b\u00e9n\u00e9fici\u00e9 d\u2019une libert\u00e9 provisoire. Les deux mis en cause ont ainsi quitt\u00e9 la d\u00e9tention apr\u00e8s la d\u00e9cision du juge d\u2019instruction, mais restent sous le coup de poursuites judiciaires. <\/p>\n<p style=\"-webkit-text-size-adjust: auto; caret-color: rgb(212, 212, 213); font-size: inherit; word-spacing: 1px; -webkit-tap-highlight-color: rgba(255, 255, 255, 0.25); font-family: -apple-system, sans-serif; border-color: rgb(49, 49, 49); color: rgb(49, 49, 49);\">\u00a0 <\/p>\n<p data-originalcomputedfontsize=\"16\" data-originalfontsize=\"inherit\" style=\"font-size: 1rem; -webkit-text-size-adjust: auto; caret-color: rgb(212, 212, 213); word-spacing: 1px; -webkit-tap-highlight-color: rgba(255, 255, 255, 0.25); font-family: -apple-system, sans-serif; border-color: rgb(49, 49, 49); color: rgb(49, 49, 49);\">Pour rappel, les faits remontent \u00e0 une rupture douloureuse entre la victime, M. Y. Fall, \u00e2g\u00e9e de 58 ans, et son compagnon. Selon les \u00e9l\u00e9ments rappel\u00e9s par L\u2019Observateur, la quinquag\u00e9naire s\u2019\u00e9tait rendue au domicile de son ex petit-ami, dans l\u2019espoir d\u2019une r\u00e9conciliation. Apr\u00e8s avoir tent\u00e9 en vain de le joindre, elle aurait entrepris d\u2019escalader l\u2019immeuble pour acc\u00e9der au balcon et s\u2019introduire dans l\u2019appartement. <\/p>\n<p style=\"-webkit-text-size-adjust: auto; caret-color: rgb(212, 212, 213); font-size: inherit; word-spacing: 1px; -webkit-tap-highlight-color: rgba(255, 255, 255, 0.25); font-family: -apple-system, sans-serif; border-color: rgb(49, 49, 49); color: rgb(49, 49, 49);\">\u00a0 <\/p>\n<p data-originalcomputedfontsize=\"16\" data-originalfontsize=\"inherit\" dir=\"auto\" style=\"font-size: 1rem; -webkit-text-size-adjust: auto; caret-color: rgb(212, 212, 213); word-spacing: 1px; -webkit-tap-highlight-color: rgba(255, 255, 255, 0.25); font-family: -apple-system, sans-serif; border-color: rgb(49, 49, 49); color: rgb(49, 49, 49);\">C\u2019est au cours de cette man\u0153uvre p\u00e9rilleuse qu\u2019elle a fait une chute violente, se retrouvant avec de multiples fractures. Gravement bless\u00e9e, M. Y. Fall a \u00e9t\u00e9 \u00e9vacu\u00e9e d\u2019urgence \u00e0 l\u2019H\u00f4pital Idrissa Pouye de Grand-Yoff, o\u00f9 elle a finalement succomb\u00e9 le 1er janvier. <\/p>\n","protected":false},"excerpt":{"rendered":"L\u2019affaire de la femme retrouv\u00e9e morte apr\u00e8s une chute \u00e0 la cit\u00e9 Lobatt Fall, \u00e0 Pikine, conna\u00eet un&hellip;\n","protected":false},"author":2,"featured_media":21763,"comment_status":"","ping_status":"","sticky":false,"template":"","format":"standard","meta":{"footnotes":""},"categories":[48],"tags":[64,274,279,273,277,278,271,281,283,272,280,276,275,159,282],"class_list":{"0":"post-21762","1":"post","2":"type-post","3":"status-publish","4":"format-standard","5":"has-post-thumbnail","7":"category-senegal","8":"tag-afrique","9":"tag-aliou-cisse","10":"tag-amadou-ba","11":"tag-apr","12":"tag-bassirou-diomaye-faye","13":"tag-bathelemy-dias","14":"tag-dakar","15":"tag-el-malick-ndiaye","16":"tag-guy-marius-sagna","17":"tag-macky-sall","18":"tag-madiambal-diagne","19":"tag-ousmane-sonko","20":"tag-pastef","21":"tag-senegal","22":"tag-ziguinchor"},"share_on_mastodon":{"url":"","error":""},"_links":{"self":[{"href":"https:\/\/www.europesays.com\/africa\/wp-json\/wp\/v2\/posts\/21762","targetHints":{"allow":["GET"]}}],"collection":[{"href":"https:\/\/www.europesays.com\/africa\/wp-json\/wp\/v2\/posts"}],"about":[{"href":"https:\/\/www.europesays.com\/africa\/wp-json\/wp\/v2\/types\/post"}],"author":[{"embeddable":true,"href":"https:\/\/www.europesays.com\/africa\/wp-json\/wp\/v2\/users\/2"}],"replies":[{"embeddable":true,"href":"https:\/\/www.europesays.com\/africa\/wp-json\/wp\/v2\/comments?post=21762"}],"version-history":[{"count":0,"href":"https:\/\/www.europesays.com\/africa\/wp-json\/wp\/v2\/posts\/21762\/revisions"}],"wp:featuredmedia":[{"embeddable":true,"href":"https:\/\/www.europesays.com\/africa\/wp-json\/wp\/v2\/media\/21763"}],"wp:attachment":[{"href":"https:\/\/www.europesays.com\/africa\/wp-json\/wp\/v2\/media?parent=21762"}],"wp:term":[{"taxonomy":"category","embeddable":true,"href":"https:\/\/www.europesays.com\/africa\/wp-json\/wp\/v2\/categories?post=21762"},{"taxonomy":"post_tag","embeddable":true,"href":"https:\/\/www.europesays.com\/africa\/wp-json\/wp\/v2\/tags?post=21762"}],"curies":[{"name":"wp","href":"https:\/\/api.w.org\/{rel}","templated":true}]}}