{"id":2178,"date":"2026-01-04T06:54:10","date_gmt":"2026-01-04T06:54:10","guid":{"rendered":"https:\/\/www.europesays.com\/africa\/2178\/"},"modified":"2026-01-04T06:54:10","modified_gmt":"2026-01-04T06:54:10","slug":"can-2025-le-programme-des-matchs-daujourdhui-dimanche-4-janvier-avec-le-maroc-et-le-cameroun","status":"publish","type":"post","link":"https:\/\/www.europesays.com\/africa\/2178\/","title":{"rendered":"CAN 2025\u00a0: le programme des matchs d\u2019aujourd\u2019hui dimanche 4\u00a0janvier avec le Maroc et le Cameroun"},"content":{"rendered":"<p class=\"paragraph text_align_left lp-f-body-02\">Les choses s\u00e9rieuses commencent pour le pays h\u00f4te. Apr\u00e8s une phase de groupes facile et ma\u00eetris\u00e9e contre les Comores, le Mali et la Zambie \u00e0 <a href=\"https:\/\/www.leparisien.fr\/sports\/football\/coupe-d-afrique-des-nations\/\" target=\"_blank\" rel=\"noreferrer nofollow noopener\">la Coupe d\u2019Afrique des nations<\/a>, le Maroc dispute ce dimanche son huiti\u00e8me de finale face \u00e0 la Tanzanie. Un match largement \u00e0 la port\u00e9e <a href=\"https:\/\/www.leparisien.fr\/sports\/football\/maroc\/\" target=\"_blank\" rel=\"noreferrer nofollow noopener\">des Lions de l\u2019Atlas<\/a>, qui vont pouvoir continuer \u00e0 monter paisiblement en puissance dans cette comp\u00e9tition.<\/p>\n<p class=\"\">Les Tanzaniens font partie des meilleurs troisi\u00e8mes de la phase de groupes. Avec deux points, glan\u00e9s contre l\u2019Ouganda et la Tunisie, ils ont obtenu in extremis leur qualification pour ces huiti\u00e8mes de finale, les premiers de leur histoire. Le match est pr\u00e9vu \u00e0 17 heures <a href=\"https:\/\/www.leparisien.fr\/sports\/football\/coupe-d-afrique-des-nations\/can-2025-rabat-tanger-casablanca-la-liste-complete-des-stades-de-la-competition-21-12-2025-YGODZLPOCVAM7IVGX6HS2S5JTY.php\" target=\"_blank\" rel=\"noreferrer nofollow noopener\">au stade Prince Moulay Abdallah de Rabat<\/a>.<\/p>\n<p>Les matchs du 4 janvier<\/p>\n<p class=\"\">Huiti\u00e8mes de finale :<\/p>\n<p class=\"\">Maroc-Tanzanie (17 heures) (\u00e0 suivre en direct comment\u00e9 sur leparisien.fr)<\/p>\n<p class=\"\">Afrique du Sud-Cameroun (20 heures) (\u00e0 suivre en direct comment\u00e9 sur le parisien.fr)<\/p>\n<p class=\"\">Apr\u00e8s ce premier match de la journ\u00e9e, le troisi\u00e8me huiti\u00e8me de finale de la comp\u00e9tition, <a href=\"https:\/\/www.leparisien.fr\/sports\/football\/cameroun\/\" target=\"_blank\" rel=\"noreferrer nofollow noopener\">le Cameroun<\/a> d\u00e9fiera l\u2019Afrique du Sud. Deuxi\u00e8mes de leur groupe et seulement battus par l\u2019\u00c9gypte, les Bafana Bafana constituent d\u00e9j\u00e0 un sacr\u00e9 d\u00e9fi pour les Lions indomptables, qui ont \u00e9galement brill\u00e9 lors de la phase de poules. Avec des victoires face au Mozambique et au Gabon, et un match nul contre la C\u00f4te d\u2019Ivoire, les Camerounais sont toutefois pr\u00eats.<\/p>\n","protected":false},"excerpt":{"rendered":"Les choses s\u00e9rieuses commencent pour le pays h\u00f4te. Apr\u00e8s une phase de groupes facile et ma\u00eetris\u00e9e contre les&hellip;\n","protected":false},"author":2,"featured_media":2179,"comment_status":"","ping_status":"","sticky":false,"template":"","format":"standard","meta":{"footnotes":""},"categories":[41],"tags":[360,311,158,264],"class_list":{"0":"post-2178","1":"post","2":"type-post","3":"status-publish","4":"format-standard","5":"has-post-thumbnail","7":"category-maroc","8":"tag-can","9":"tag-football","10":"tag-maroc","11":"tag-sports"},"share_on_mastodon":{"url":"","error":""},"_links":{"self":[{"href":"https:\/\/www.europesays.com\/africa\/wp-json\/wp\/v2\/posts\/2178","targetHints":{"allow":["GET"]}}],"collection":[{"href":"https:\/\/www.europesays.com\/africa\/wp-json\/wp\/v2\/posts"}],"about":[{"href":"https:\/\/www.europesays.com\/africa\/wp-json\/wp\/v2\/types\/post"}],"author":[{"embeddable":true,"href":"https:\/\/www.europesays.com\/africa\/wp-json\/wp\/v2\/users\/2"}],"replies":[{"embeddable":true,"href":"https:\/\/www.europesays.com\/africa\/wp-json\/wp\/v2\/comments?post=2178"}],"version-history":[{"count":0,"href":"https:\/\/www.europesays.com\/africa\/wp-json\/wp\/v2\/posts\/2178\/revisions"}],"wp:featuredmedia":[{"embeddable":true,"href":"https:\/\/www.europesays.com\/africa\/wp-json\/wp\/v2\/media\/2179"}],"wp:attachment":[{"href":"https:\/\/www.europesays.com\/africa\/wp-json\/wp\/v2\/media?parent=2178"}],"wp:term":[{"taxonomy":"category","embeddable":true,"href":"https:\/\/www.europesays.com\/africa\/wp-json\/wp\/v2\/categories?post=2178"},{"taxonomy":"post_tag","embeddable":true,"href":"https:\/\/www.europesays.com\/africa\/wp-json\/wp\/v2\/tags?post=2178"}],"curies":[{"name":"wp","href":"https:\/\/api.w.org\/{rel}","templated":true}]}}