{"id":21794,"date":"2026-01-14T00:13:08","date_gmt":"2026-01-14T00:13:08","guid":{"rendered":"https:\/\/www.europesays.com\/africa\/21794\/"},"modified":"2026-01-14T00:13:08","modified_gmt":"2026-01-14T00:13:08","slug":"arachide-le-gouvernement-autorise-lexportation-des-graines-des-aujourdhui","status":"publish","type":"post","link":"https:\/\/www.europesays.com\/africa\/21794\/","title":{"rendered":"Arachide : le gouvernement autorise l\u2019exportation des graines d\u00e8s aujourd\u2019hui"},"content":{"rendered":"<p>XALIMANEWS: Le gouvernement s\u00e9n\u00e9galais a autoris\u00e9, d\u00e8s ce mardi, les agriculteurs et les commer\u00e7ants \u00e0 exporter des graines d\u2019arachide vers le march\u00e9 international. L\u2019annonce a \u00e9t\u00e9 faite \u00e0 Diamniadio par le ministre de l\u2019Industrie et du Commerce, Serigne Gu\u00e8ye Diop, \u00e0 l\u2019issue d\u2019une r\u00e9union avec les acteurs de la fili\u00e8re.<\/p>\n<p>\u00ab Cette rencontre avait pour objectif d\u2019ouvrir le commerce de l\u2019arachide au march\u00e9 international. \u00c0 partir d\u2019aujourd\u2019hui, nous avons d\u00e9cid\u00e9, avec la collaboration de tous les acteurs, d\u2019autoriser tout le monde \u00e0 exporter les graines d\u2019arachide vers la Chine et d\u2019autres pays \u00bb, a d\u00e9clar\u00e9 le ministre.<\/p>\n<p>Selon Serigne Gu\u00e8ye Diop, les autorit\u00e9s s\u00e9n\u00e9galaises ont \u00e9chang\u00e9 avec l\u2019ambassadeur du S\u00e9n\u00e9gal en Chine, qui a confirm\u00e9 la disponibilit\u00e9 des partenaires chinois \u00e0 collaborer avec les exportateurs s\u00e9n\u00e9galais.<br \/>\u00ab Les Chinois sont pr\u00eats \u00e0 venir travailler avec les S\u00e9n\u00e9galais pour l\u2019exportation des graines d\u2019arachide \u00bb, a-t-il assur\u00e9, en pr\u00e9sence des repr\u00e9sentants de la fili\u00e8re.<\/p>\n<p>Toutefois, les exportations seront soumises \u00e0 des conditions strictes, notamment en mati\u00e8re de qualit\u00e9 des graines, de tra\u00e7abilit\u00e9 des quantit\u00e9s vendues, de contr\u00f4le douanier et de rapatriement des devises vers le S\u00e9n\u00e9gal, a pr\u00e9cis\u00e9 le ministre.<\/p>\n<p>Pour la campagne en cours, les volumes \u00e0 exporter sont estim\u00e9s entre 300 000 et 450 000 tonnes.<br \/>\u00ab Cela signifie que l\u2019\u00c9tat a voulu lib\u00e9raliser le secteur cette ann\u00e9e, en permettant aux paysans de disposer de plusieurs points de vente pour leurs graines \u00bb, a expliqu\u00e9 Serigne Gu\u00e8ye Diop.<\/p>\n<p>Des instructions ont \u00e9galement \u00e9t\u00e9 donn\u00e9es aux douanes s\u00e9n\u00e9galaises pour renforcer le contr\u00f4le des exportations. Les banques et les structures de financement ont, pour leur part, \u00e9t\u00e9 sollicit\u00e9es afin d\u2019accompagner les exportateurs.<\/p>\n<p>Par ailleurs, la Soci\u00e9t\u00e9 nationale de commercialisation des ol\u00e9agineux du S\u00e9n\u00e9gal (SONACOS) devra acheter entre 250 000 et 450 000 tonnes d\u2019arachide aupr\u00e8s des agriculteurs et des commer\u00e7ants, selon le ministre.<\/p>\n<p>Lors du Conseil des ministres de la semaine derni\u00e8re, le Premier ministre Ousmane Sonko est revenu sur ses visites de terrain, qui lui ont permis d\u2019\u00e9changer avec les producteurs, commer\u00e7ants, transporteurs, banques, collectivit\u00e9s territoriales et services techniques de l\u2019\u00c9tat.<\/p>\n<p>Ces \u00e9changes ont notamment permis d\u2019identifier plusieurs contraintes op\u00e9rationnelles persistantes, li\u00e9es au prix de l\u2019arachide, au manque de liquidit\u00e9s des commer\u00e7ants, \u00e0 la taxe \u00e0 l\u2019exportation, au nombre insuffisant de points de vente, ainsi qu\u2019\u00e0 la lenteur du d\u00e9chargement des camions.<\/p>\n","protected":false},"excerpt":{"rendered":"XALIMANEWS: Le gouvernement s\u00e9n\u00e9galais a autoris\u00e9, d\u00e8s ce mardi, les agriculteurs et les commer\u00e7ants \u00e0 exporter des graines&hellip;\n","protected":false},"author":2,"featured_media":21455,"comment_status":"","ping_status":"","sticky":false,"template":"","format":"standard","meta":{"footnotes":""},"categories":[48],"tags":[159],"class_list":{"0":"post-21794","1":"post","2":"type-post","3":"status-publish","4":"format-standard","5":"has-post-thumbnail","7":"category-senegal","8":"tag-senegal"},"share_on_mastodon":{"url":"","error":""},"_links":{"self":[{"href":"https:\/\/www.europesays.com\/africa\/wp-json\/wp\/v2\/posts\/21794","targetHints":{"allow":["GET"]}}],"collection":[{"href":"https:\/\/www.europesays.com\/africa\/wp-json\/wp\/v2\/posts"}],"about":[{"href":"https:\/\/www.europesays.com\/africa\/wp-json\/wp\/v2\/types\/post"}],"author":[{"embeddable":true,"href":"https:\/\/www.europesays.com\/africa\/wp-json\/wp\/v2\/users\/2"}],"replies":[{"embeddable":true,"href":"https:\/\/www.europesays.com\/africa\/wp-json\/wp\/v2\/comments?post=21794"}],"version-history":[{"count":0,"href":"https:\/\/www.europesays.com\/africa\/wp-json\/wp\/v2\/posts\/21794\/revisions"}],"wp:featuredmedia":[{"embeddable":true,"href":"https:\/\/www.europesays.com\/africa\/wp-json\/wp\/v2\/media\/21455"}],"wp:attachment":[{"href":"https:\/\/www.europesays.com\/africa\/wp-json\/wp\/v2\/media?parent=21794"}],"wp:term":[{"taxonomy":"category","embeddable":true,"href":"https:\/\/www.europesays.com\/africa\/wp-json\/wp\/v2\/categories?post=21794"},{"taxonomy":"post_tag","embeddable":true,"href":"https:\/\/www.europesays.com\/africa\/wp-json\/wp\/v2\/tags?post=21794"}],"curies":[{"name":"wp","href":"https:\/\/api.w.org\/{rel}","templated":true}]}}