{"id":21832,"date":"2026-01-14T00:42:08","date_gmt":"2026-01-14T00:42:08","guid":{"rendered":"https:\/\/www.europesays.com\/africa\/21832\/"},"modified":"2026-01-14T00:42:08","modified_gmt":"2026-01-14T00:42:08","slug":"la-lead-academy-maroc-quand-le-foot-sert-de-tremplin-au-renforcement-des-capacites-academiques-reportage-afrique","status":"publish","type":"post","link":"https:\/\/www.europesays.com\/africa\/21832\/","title":{"rendered":"La Lead Academy Maroc, quand le foot sert de tremplin au renforcement des capacit\u00e9s acad\u00e9miques &#8211; Reportage Afrique"},"content":{"rendered":"<p>\n                                                Pr\u00e8s de Casablanca, la Lead Academy Maroc accueille pr\u00e8s de 140 enfants issus de milieux d\u00e9favoris\u00e9s et les forment gr\u00e2ce au foot. Mais pas question de faire de tous ses b\u00e9n\u00e9ficiaires de futurs champions : l&#8217;objectif de la structure est de s\u2019appuyer sur le sport pour faire \u00e9merger une g\u00e9n\u00e9ration de leaders au sein des quartier populaires.                    <\/p>\n<p>De notre correspondant \u00e0 Casablanca,<\/p>\n<p>Face au tableau interactif, une vingtaine d\u2019enfants \u00e9coutent avec attention leur professeure d\u2019arabe. Les \u00e9l\u00e8ves-athl\u00e8tes suivent un double cursus : \u00e0 l\u2019\u00e9cole publique le matin, \u00e0 l\u2019acad\u00e9mie l\u2019apr\u00e8s-midi. Les salles de cours ont \u00e9t\u00e9 install\u00e9es au bord d\u2019un stade. Les enfants peuvent ainsi passer de leur classe directement \u00e0 l\u2019entra\u00eenement.<\/p>\n<p> Une structure\u00a0en appui aux parcours scolaires <\/p>\n<p>\u00ab\u00a0Il y a des valeurs et des comp\u00e9tences que l&#8217;on peut apprendre par le sport de mani\u00e8re assez naturelle, \u00e0 travers une passion. On peut ainsi d\u00e9velopper un citoyen\u00a0\u00bb, affirme Fatima-Azzahra Benfares, la directrice des programmes et co-fondatrice de la Lead Academy Maroc o\u00f9 le foot vient en appui aux parcours scolaires mais sert aussi \u00e0 faire tomber les barri\u00e8res de genre.<\/p>\n<p>Exemple avec Khadija qui a 13 ans et qui veut devenir coach.\u00a0\u00ab\u00a0Devenir une coach, c&#8217;est un excellent choix, je pense. Mais en tant que fille, tu fais face \u00e0 beaucoup de probl\u00e8mes, notamment avec les hommes qui disent qu&#8217;elles ne doivent pas jouer au foot. Moi, j\u2019ai re\u00e7u beaucoup de critiques parce que, pour eux, c\u2019\u00e9tait quelque chose de bizarre\u00a0\u00bb, confie-t-elle.<\/p>\n<p>La Lead Academy offre \u00e0 Khadija le \u00ab\u00a0support\u00a0\u00bb n\u00e9cessaire pour poursuivre dans cette voie. Ici, les entra\u00eenements sont mixtes jusqu\u2019\u00e0 l\u2019\u00e2ge de 13 ans et des espaces s\u00fbrs sont mis en place pour cr\u00e9er une bulle d\u2019\u00e9galit\u00e9 fille-gar\u00e7on.<\/p>\n<p> \u00ab\u00a0Il y a une envie d&#8217;exceller, de pouvoir r\u00e9ussir des projets\u00a0\u00bb <\/p>\n<p>\u00ab\u00a0Les r\u00e9sultats sont l\u00e0 parce qu&#8217;\u00e0 chaque fois, on voit des transformations chez des \u00e9l\u00e8ves qui ont commenc\u00e9 \u00e0 avoir confiance en eux. Et ils sont des leaders dans leur groupe, en classe comme sur le terrain. Quand j&#8217;ai \u00e9t\u00e9 recrut\u00e9, au d\u00e9but, il y avait des \u00e9l\u00e8ves qui \u00e9taient tr\u00e8s timides, ils n&#8217;osaient pas parler\u00a0\u00bb, raconte Hamza Ammor, le directeur sportif de l&#8217;organisation.<\/p>\n<p>Les succ\u00e8s r\u00e9cents de l\u2019\u00e9quipe nationale marocaine, depuis l\u2019\u00e9pop\u00e9e du <a target=\"_self\" href=\"https:\/\/www.rfi.fr\/fr\/tag\/qatar\/\" class=\"gtm-add-suggested-tag\" rel=\"nofollow noopener\">Qatar<\/a>, entrent en r\u00e9sonance avec le travail de la Lead Academy Maroc.<\/p>\n<p>\u00ab\u00a0\u00c0 partir de la Coupe du monde de 2022, il y a quelque chose qui s&#8217;est d\u00e9bloqu\u00e9 en termes d&#8217;\u00e9tat d&#8217;esprit et qui va au del\u00e0 du football. Il y a une envie d&#8217;exceller, de pouvoir r\u00e9ussir des projets m\u00eame des ann\u00e9es apr\u00e8s, parce que l&#8217;investissement dans le football au Maroc a commenc\u00e9 beaucoup plus t\u00f4t\u00a0\u00bb, souligne\u00a0Fatima-Azzahra Benfares.<\/p>\n<p>Les Lions de l\u2019Atlas figurent dans le dernier carr\u00e9 de la CAN organis\u00e9e dans le royaume. Leur victoire pourrait \u00eatre une nouvelle source d\u2019inspiration pour les \u00e9l\u00e8ves de la Lead Academy Maroc.<\/p>\n<p class=\"a-read-more\">\u00c0 lire aussi<a target=\"_self\" href=\"https:\/\/www.rfi.fr\/fr\/afrique-foot\/20260113-can-2025-achraf-hakimi-un-capitaine-en-mission-pour-concr\u00e9tiser-le-r\u00eave-du-maroc\" class=\"a-read-more__link\" rel=\"nofollow noopener\">CAN 2025: Achraf Hakimi, un capitaine \u00aben mission\u00bb pour concr\u00e9tiser le r\u00eave du Maroc<\/a><\/p>\n","protected":false},"excerpt":{"rendered":"Pr\u00e8s de Casablanca, la Lead Academy Maroc accueille pr\u00e8s de 140 enfants issus de milieux d\u00e9favoris\u00e9s et les&hellip;\n","protected":false},"author":2,"featured_media":21833,"comment_status":"","ping_status":"","sticky":false,"template":"","format":"standard","meta":{"footnotes":""},"categories":[41],"tags":[64,1143,311,158,237],"class_list":{"0":"post-21832","1":"post","2":"type-post","3":"status-publish","4":"format-standard","5":"has-post-thumbnail","7":"category-maroc","8":"tag-afrique","9":"tag-education","10":"tag-football","11":"tag-maroc","12":"tag-reportage-afrique"},"share_on_mastodon":{"url":"","error":""},"_links":{"self":[{"href":"https:\/\/www.europesays.com\/africa\/wp-json\/wp\/v2\/posts\/21832","targetHints":{"allow":["GET"]}}],"collection":[{"href":"https:\/\/www.europesays.com\/africa\/wp-json\/wp\/v2\/posts"}],"about":[{"href":"https:\/\/www.europesays.com\/africa\/wp-json\/wp\/v2\/types\/post"}],"author":[{"embeddable":true,"href":"https:\/\/www.europesays.com\/africa\/wp-json\/wp\/v2\/users\/2"}],"replies":[{"embeddable":true,"href":"https:\/\/www.europesays.com\/africa\/wp-json\/wp\/v2\/comments?post=21832"}],"version-history":[{"count":0,"href":"https:\/\/www.europesays.com\/africa\/wp-json\/wp\/v2\/posts\/21832\/revisions"}],"wp:featuredmedia":[{"embeddable":true,"href":"https:\/\/www.europesays.com\/africa\/wp-json\/wp\/v2\/media\/21833"}],"wp:attachment":[{"href":"https:\/\/www.europesays.com\/africa\/wp-json\/wp\/v2\/media?parent=21832"}],"wp:term":[{"taxonomy":"category","embeddable":true,"href":"https:\/\/www.europesays.com\/africa\/wp-json\/wp\/v2\/categories?post=21832"},{"taxonomy":"post_tag","embeddable":true,"href":"https:\/\/www.europesays.com\/africa\/wp-json\/wp\/v2\/tags?post=21832"}],"curies":[{"name":"wp","href":"https:\/\/api.w.org\/{rel}","templated":true}]}}