{"id":21897,"date":"2026-01-14T01:38:09","date_gmt":"2026-01-14T01:38:09","guid":{"rendered":"https:\/\/www.europesays.com\/africa\/21897\/"},"modified":"2026-01-14T01:38:09","modified_gmt":"2026-01-14T01:38:09","slug":"brunch-chill-workshop-creatif","status":"publish","type":"post","link":"https:\/\/www.europesays.com\/africa\/21897\/","title":{"rendered":"Brunch &#038; Chill \u2013 Workshop cr\u00e9atif"},"content":{"rendered":"<p>            <img loading=\"lazy\" decoding=\"async\" src=\"https:\/\/www.europesays.com\/africa\/wp-content\/uploads\/2026\/01\/e45535a01cf1b143d019f6221fe92c.jpg\" class=\"spip_logo\" width=\"300\" height=\"200\" alt=\"\"\/>\t  <\/p>\n<p>Un moment convivial m\u00ealant brunch et cr\u00e9ation artistique, tous les dimanches \u00e0 Lala Beach, \u00e0 Yoff.<\/p>\n<p class=\"info-publi\">\n<p>    \t\t\tMercredi 14 janvier<\/p>\n<p>    \t\t\t&#8211; Lala Beach, Yoff BCEAO, Dakar<\/p>\n<p>Le Brunch &amp; Chill \u2013 Workshop est une exp\u00e9rience cr\u00e9ative et gourmande organis\u00e9e tous les dimanches \u00e0 Lala Beach, \u00e0 Yoff. Le concept est simple\u00a0: on brunch ensemble, on cr\u00e9e ensemble, puis chacun repart avec une pi\u00e8ce unique r\u00e9alis\u00e9e de ses propres mains.<\/p>\n<p>Cet atelier cr\u00e9atif propose plusieurs supports au choix, permettant \u00e0 chacun d\u2019exprimer sa cr\u00e9ativit\u00e9 dans une ambiance d\u00e9tendue et conviviale, face \u00e0 la mer. Une activit\u00e9 id\u00e9ale pour se retrouver entre amis, en couple ou en solo, tout en partageant un moment artistique et gourmand.<\/p>\n<p>Infos pratiques<\/p>\n<p> Date\u00a0: Tous les dimanches Heure\u00a0: De 12h \u00e0 15h Tarifs\u00a0: 25 000 FCFA avec brunch marocain inclus, 30 000 FCFA avec brunch Yoff Mon Amour inclus R\u00e9servations T\u00e9l\u00e9phone\u00a0: +221 78 437 74 86<\/p>\n<p> <a href=\"https:\/\/www.au-senegal.com\/IMG\/jpg\/ea5fd435-bf7a-47ef-8f32-3020d2cb7d84_1_201_a.jpg\" class=\"spip_doc_lien mediabox\" type=\"image\/jpeg\" rel=\"nofollow noopener\" target=\"_blank\"><br \/>\n\t\t<img loading=\"lazy\" decoding=\"async\" src=\"https:\/\/www.europesays.com\/africa\/wp-content\/uploads\/2026\/01\/ea5fd435-bf7a-47ef-8f32-3020d2cb7d84_1_201_a-97dd8.jpg\" width=\"850\" height=\"1080\" alt=\"\"\/><\/a><\/p>\n<p>Brunch &amp; Chill \u2013 Workshop cr\u00e9atif<\/p>\n","protected":false},"excerpt":{"rendered":"Un moment convivial m\u00ealant brunch et cr\u00e9ation artistique, tous les dimanches \u00e0 Lala Beach, \u00e0 Yoff. Mercredi 14&hellip;\n","protected":false},"author":2,"featured_media":21898,"comment_status":"","ping_status":"","sticky":false,"template":"","format":"standard","meta":{"footnotes":""},"categories":[48],"tags":[159],"class_list":{"0":"post-21897","1":"post","2":"type-post","3":"status-publish","4":"format-standard","5":"has-post-thumbnail","7":"category-senegal","8":"tag-senegal"},"share_on_mastodon":{"url":"","error":""},"_links":{"self":[{"href":"https:\/\/www.europesays.com\/africa\/wp-json\/wp\/v2\/posts\/21897","targetHints":{"allow":["GET"]}}],"collection":[{"href":"https:\/\/www.europesays.com\/africa\/wp-json\/wp\/v2\/posts"}],"about":[{"href":"https:\/\/www.europesays.com\/africa\/wp-json\/wp\/v2\/types\/post"}],"author":[{"embeddable":true,"href":"https:\/\/www.europesays.com\/africa\/wp-json\/wp\/v2\/users\/2"}],"replies":[{"embeddable":true,"href":"https:\/\/www.europesays.com\/africa\/wp-json\/wp\/v2\/comments?post=21897"}],"version-history":[{"count":0,"href":"https:\/\/www.europesays.com\/africa\/wp-json\/wp\/v2\/posts\/21897\/revisions"}],"wp:featuredmedia":[{"embeddable":true,"href":"https:\/\/www.europesays.com\/africa\/wp-json\/wp\/v2\/media\/21898"}],"wp:attachment":[{"href":"https:\/\/www.europesays.com\/africa\/wp-json\/wp\/v2\/media?parent=21897"}],"wp:term":[{"taxonomy":"category","embeddable":true,"href":"https:\/\/www.europesays.com\/africa\/wp-json\/wp\/v2\/categories?post=21897"},{"taxonomy":"post_tag","embeddable":true,"href":"https:\/\/www.europesays.com\/africa\/wp-json\/wp\/v2\/tags?post=21897"}],"curies":[{"name":"wp","href":"https:\/\/api.w.org\/{rel}","templated":true}]}}