{"id":21899,"date":"2026-01-14T01:39:09","date_gmt":"2026-01-14T01:39:09","guid":{"rendered":"https:\/\/www.europesays.com\/africa\/21899\/"},"modified":"2026-01-14T01:39:09","modified_gmt":"2026-01-14T01:39:09","slug":"nigeria-maroc-les-compos-probables-de-la-demi-finale-de-la-can-2025-avec-hakimi-titulaire-et-une-grosse-absence-chez-les-super-eagles","status":"publish","type":"post","link":"https:\/\/www.europesays.com\/africa\/21899\/","title":{"rendered":"Nigeria-Maroc\u00a0: les compos probables de la demi-finale de la CAN 2025 avec Hakimi titulaire et une grosse absence chez les Super Eagles"},"content":{"rendered":"<p class=\"paragraph text_align_left lp-f-body-02\">L\u2019heure de v\u00e9rit\u00e9 a sonn\u00e9 pour le Maroc. Apr\u00e8s un d\u00e9but de tournoi globalement ma\u00eetris\u00e9, les Lions de l\u2019Atlas s\u2019appr\u00eatent \u00e0 faire face \u00e0 leur Everest ce mercredi 14 janvier : <a href=\"https:\/\/www.leparisien.fr\/sports\/football\/coupe-d-afrique-des-nations\/le-coeur-du-maroc-tout-entier-va-sarreter-de-battre-avant-la-demi-finale-a-domicile-de-la-can-tension-maximale-a-rabat-13-01-2026-SGOKYHCTQRD53F26WZ2XV3GXYQ.php\" target=\"_self\" rel=\"nofollow noopener\">une demi-finale de Coupe d\u2019Afrique des nations face au Nigeria<\/a>, v\u00e9ritable \u00e9pouvantail de la comp\u00e9tition.<\/p>\n<p class=\"\">Cinq jours apr\u00e8s avoir <a href=\"https:\/\/www.leparisien.fr\/sports\/football\/coupe-d-afrique-des-nations\/maroc-cameroun-2-0-au-rendez-vous-de-leur-can-les-marocains-montent-en-puissance-et-sont-en-demi-finales-09-01-2026-DQHXW265DRHSVDAZBTEN26OGYI.php\" target=\"_self\" rel=\"nofollow noopener\">brillamment triomph\u00e9 du Cameroun (0-2)<\/a>, les hommes de <a href=\"https:\/\/www.leparisien.fr\/sports\/football\/coupe-d-afrique-des-nations\/can-2025-quand-on-veut-tuer-son-chien-on-dit-quil-a-la-rage-regragui-repond-aux-attaques-sur-larbitrage-qui-visent-le-maroc-10-01-2026-TOJNRIT5QVG5BOLQIM3TSQSO4Q.php\" target=\"_self\" rel=\"nofollow noopener\">Walid Regragui<\/a> vont remettre le couvert dans un <a href=\"https:\/\/www.leparisien.fr\/sports\/football\/coupe-d-afrique-des-nations\/can-2025-rabat-tanger-casablanca-la-liste-complete-des-stades-de-la-competition-21-12-2025-YGODZLPOCVAM7IVGX6HS2S5JTY.php\" target=\"_self\" rel=\"nofollow noopener\">Stade Prince Moulay Abdellah<\/a> qui s\u2019annonce bouillant. Pr\u00e9sent en conf\u00e9rence de presse de veille de match mardi, <a href=\"https:\/\/www.leparisien.fr\/sports\/football\/coupe-d-afrique-des-nations\/nigeria-maroc-jespere-gagner-la-can-la-plus-relevee-de-lhistoire-lance-walid-regragui-13-01-2026-W7SNARZQXBCAPBIKQYJZWD3LNY.php\" target=\"_self\" rel=\"nofollow noopener\">le s\u00e9lectionneur marocain est apparu confiant et d\u00e9termin\u00e9<\/a> : \u00ab Ce qui m\u2019importe c\u2019est de gagner \u00bb, a-t-il l\u00e2ch\u00e9. \u00ab On a un des matchs les plus importants de l\u2019histoire \u00e0 jouer. C\u2019\u00e9tait une surprise en Coupe du monde, l\u00e0 on est \u00e0 notre place. L\u2019objectif est d\u2019entrer dans l\u2019histoire, qu\u2019une g\u00e9n\u00e9ration voit le Maroc en finale. \u00bb<\/p>\n<p class=\"\">Pour ce choc au sommet, Regragui devrait reconduire <a href=\"https:\/\/www.leparisien.fr\/sports\/football\/coupe-d-afrique-des-nations\/cameroun-maroc-les-compositions-officielles-avec-hakimi-titulaire-et-capitaine-cote-marocain-09-01-2026-YEFJNI7QRVBZPPNWXUI7RONNUA.php\" target=\"_self\" rel=\"nofollow noopener\">le onze venu \u00e0 bout des Lions indomptables<\/a> le 9 janvier dernier. \u00ab Tout le monde peut postuler dans le groupe \u00e0 part Azzedine Ounahi \u00bb, <a href=\"https:\/\/www.leparisien.fr\/sports\/football\/coupe-d-afrique-des-nations\/can-2025-azzedine-ounahi-en-bequilles-le-maroc-retient-son-souffle-04-01-2026-AKWCGKNS3RHN5I6E2SAPJQU5UI.php\" target=\"_self\" rel=\"nofollow noopener\">victime d\u2019une d\u00e9chirure au mollet gauche et forfait pour la suite de la CAN<\/a>. \u00ab Romain Sa\u00efss en revanche, revient bien, il s\u2019entra\u00eene. On verra s\u2019il peut jouer \u00bb, a lanc\u00e9 le technicien de 50 ans au sujet de son capitaine, touch\u00e9 aux ischio-jambiers lors du match d\u2019ouverture face aux Comores.<\/p>\n<p class=\"\">Il ne devrait toutefois pas d\u00e9buter la rencontre de mercredi, par mesure de pr\u00e9caution mais \u00e9galement car la charni\u00e8re centrale compos\u00e9e par Nayef Aguerd et Adam Masina semble enfin avoir trouv\u00e9 sa vitesse de croisi\u00e8re.<\/p>\n<p>Les compositions probables de Nigeria &#8211; Maroc<\/p>\n<p class=\"\">Nigeria : Nwabali &#8211; Osayi-Samuel, Ajayi, Bassey, Onyemaechi &#8211; Onyedika, Onyeka, Iwobi &#8211; Lookman &#8211; Osimhen (cap.), A.Adams<\/p>\n<p class=\"\">Maroc : Bounou &#8211; Hakimi (cap.), Aguerd, Masina, Mazraoui &#8211; El Aynaoui, El Khannouss, Saibari &#8211; Brahim Diaz, El Kaabi, A.Ezzalzouli<\/p>\n<p>Le Nigeria sans Ndidi<\/p>\n<p class=\"\">Du c\u00f4t\u00e9 du Nigeria, une absence est \u00e0 d\u00e9plorer et elle est de taille : en raison d\u2019une accumulation de cartons jaunes, le capitaine des Super Eagles Wilfred Ndidi est suspendu pour la demi-finale. Un v\u00e9ritable coup dur <a href=\"https:\/\/www.leparisien.fr\/sports\/football\/coupe-d-afrique-des-nations\/il-a-beaucoup-davenir-dans-le-foot-africain-eric-chelle-le-franco-malien-qui-fait-le-bonheur-du-nigeria-10-01-2026-2GTJDT622ZGKHHJR7N55YJMH7Q.php\" target=\"_self\" rel=\"nofollow noopener\">pour \u00c9ric Chelle<\/a> : \u00ab Je suis d\u00e9\u00e7u qu\u2019il ne puisse pas jouer\u2026 Il apporte tellement \u00e0 l\u2019\u00e9quipe \u00bb, <a href=\"https:\/\/www.leparisien.fr\/sports\/football\/coupe-d-afrique-des-nations\/peut-etre-quon-va-leur-laisser-le-ballon-et-attendre-le-plan-du-nigeria-avant-sa-demi-finale-de-la-can-face-au-maroc-13-01-2026-KJAL3YX64ZFPPK5LX6P2JBFHMA.php\" target=\"_self\" rel=\"nofollow noopener\">a regrett\u00e9 le s\u00e9lectionneur du Nigeria en conf\u00e9rence de presse<\/a>. \u00ab Mais nous avons d\u2019autres options et j\u2019ai confiance en eux. \u00bb<\/p>\n<p class=\"\">Ces options se nomment Raphael Onyedika, le milieu d\u00e9fensif de 34 ans \u00e9voluant au Club Bruges ou Fisayo Dele-Bashiru (Lazio Rome), profil plus port\u00e9 vers l\u2019avant, pouvant m\u00eame jouer comme num\u00e9ro 10. Compte tenu de l\u2019aspect d\u00e9j\u00e0 tr\u00e8s offensif de l\u2019\u00e9quipe nig\u00e9riane, qui poss\u00e8de la meilleure attaque de la comp\u00e9tition avec 14 buts inscrits en cinq matchs, il semble plus probable de voir Onyedika r\u00e9cup\u00e9rer le poste de sentinelle tenu jusqu\u2019ici par Ndidi.<\/p>\n<p class=\"\">Devant, le trio de feu compos\u00e9 par Ademola Lookman (3 buts, 4 passes d\u00e9cisives), Victor Osimhen (4 buts, 2 passes d\u00e9cisives) et Akor Adams (2 buts, 2 passes d\u00e9cisives) devrait logiquement \u00eatre reconduit.<\/p>\n","protected":false},"excerpt":{"rendered":"L\u2019heure de v\u00e9rit\u00e9 a sonn\u00e9 pour le Maroc. Apr\u00e8s un d\u00e9but de tournoi globalement ma\u00eetris\u00e9, les Lions de&hellip;\n","protected":false},"author":2,"featured_media":21900,"comment_status":"","ping_status":"","sticky":false,"template":"","format":"standard","meta":{"footnotes":""},"categories":[41],"tags":[360,311,158,264],"class_list":{"0":"post-21899","1":"post","2":"type-post","3":"status-publish","4":"format-standard","5":"has-post-thumbnail","7":"category-maroc","8":"tag-can","9":"tag-football","10":"tag-maroc","11":"tag-sports"},"share_on_mastodon":{"url":"","error":""},"_links":{"self":[{"href":"https:\/\/www.europesays.com\/africa\/wp-json\/wp\/v2\/posts\/21899","targetHints":{"allow":["GET"]}}],"collection":[{"href":"https:\/\/www.europesays.com\/africa\/wp-json\/wp\/v2\/posts"}],"about":[{"href":"https:\/\/www.europesays.com\/africa\/wp-json\/wp\/v2\/types\/post"}],"author":[{"embeddable":true,"href":"https:\/\/www.europesays.com\/africa\/wp-json\/wp\/v2\/users\/2"}],"replies":[{"embeddable":true,"href":"https:\/\/www.europesays.com\/africa\/wp-json\/wp\/v2\/comments?post=21899"}],"version-history":[{"count":0,"href":"https:\/\/www.europesays.com\/africa\/wp-json\/wp\/v2\/posts\/21899\/revisions"}],"wp:featuredmedia":[{"embeddable":true,"href":"https:\/\/www.europesays.com\/africa\/wp-json\/wp\/v2\/media\/21900"}],"wp:attachment":[{"href":"https:\/\/www.europesays.com\/africa\/wp-json\/wp\/v2\/media?parent=21899"}],"wp:term":[{"taxonomy":"category","embeddable":true,"href":"https:\/\/www.europesays.com\/africa\/wp-json\/wp\/v2\/categories?post=21899"},{"taxonomy":"post_tag","embeddable":true,"href":"https:\/\/www.europesays.com\/africa\/wp-json\/wp\/v2\/tags?post=21899"}],"curies":[{"name":"wp","href":"https:\/\/api.w.org\/{rel}","templated":true}]}}