{"id":2195,"date":"2026-01-04T07:07:21","date_gmt":"2026-01-04T07:07:21","guid":{"rendered":"https:\/\/www.europesays.com\/africa\/2195\/"},"modified":"2026-01-04T07:07:21","modified_gmt":"2026-01-04T07:07:21","slug":"senegal-soudan-3-1-les-images-du-premier-but-a-la-can-de-lattaquant-du-psg-ibrahim-mbaye-encore-virevoltant","status":"publish","type":"post","link":"https:\/\/www.europesays.com\/africa\/2195\/","title":{"rendered":"S\u00e9n\u00e9gal-Soudan (3-1)\u00a0: les images du premier but \u00e0 la CAN de l\u2019attaquant du PSG Ibrahim Mbaye, encore virevoltant"},"content":{"rendered":"<p class=\"paragraph text_align_left lp-f-body-02\">Tout le <a href=\"https:\/\/www.leparisien.fr\/sports\/football\/senegal\/\" target=\"_blank\" rel=\"noreferrer nofollow noopener\">S\u00e9n\u00e9gal<\/a> a souffl\u00e9, \u00e0 la 77e minute du huiti\u00e8me de finale de la <a href=\"https:\/\/www.leparisien.fr\/sports\/football\/coupe-d-afrique-des-nations\/\" target=\"_blank\" rel=\"noreferrer nofollow noopener\">Coupe d\u2019Afrique des nations 2025<\/a>, lorsque <a href=\"https:\/\/www.leparisien.fr\/sports\/football\/psg\/il-a-toujours-voulu-jouer-pour-le-senegal-pourquoi-ibrahim-mbaye-a-tourne-le-dos-aux-bleus-15-11-2025-E3BJCSTZUFCALOWCUGW5ZK5PH4.php\" target=\"_blank\" rel=\"noreferrer nofollow noopener\">Ibrahim Mbaye<\/a> a son duel a remport\u00e9 avec le gardien soudanais. Les Lions de la Teranga comptaient alors deux buts d\u2019avance gr\u00e2ce \u00e0 l\u2019attaquant du <a href=\"https:\/\/www.leparisien.fr\/sports\/football\/psg\/\" target=\"_blank\" rel=\"noreferrer nofollow noopener\">PSG<\/a> et filaient vers le prochain tour (3-1).<\/p>\n<p class=\"\">\u00c2g\u00e9 de 17 ans (il en aura 18 le 24 janvier), Ibrahim Mbaye venait \u00e0 peine de remplacer Isma\u00efla Sarr (73e). Lanc\u00e9 sur le c\u00f4t\u00e9 droit, il p\u00e9n\u00e9trait dans la surface en r\u00e9sistant au retour de la d\u00e9fense soudanaise et ajustait d\u2019une frappe sous la barre. Il est devenu le plus jeune joueur \u00e0 marquer lors d\u2019une CAN depuis le d\u00e9but du si\u00e8cle. Il \u00e9tait d\u00e9j\u00e0 le plus jeune de l\u2019histoire du football s\u00e9n\u00e9galais \u00e0 disputer cette comp\u00e9tition.<\/p>\n<p class=\"\">\u00ab \u00c7a fait plaisir, ma passe d\u00e9cisive pour Mbaye, s\u2019est r\u00e9joui Sadio Man\u00e9 au micro de BeIN Sports. On s\u2019entend tr\u00e8s bien. Quand je l\u2019ai vu en un contre un avec sa qualit\u00e9 de vitesse incroyable, je n\u2019avais qu\u2019\u00e0 mettre le ballon devant. Il a su profiter de l\u2019erreur du d\u00e9fenseur et il a marqu\u00e9 le but. On est tous heureux pour lui. \u00bb<\/p>\n<p lang=\"fr\" dir=\"ltr\">[\ud83c\udf9e\ufe0fVIDEO] \ud83c\udfc6\ud83c\udf0d <a href=\"https:\/\/twitter.com\/hashtag\/CAN2025?src=hash&amp;ref_src=twsrc%5Etfw\" rel=\"nofollow noopener\" target=\"_blank\">#CAN2025<\/a> <br \/>\ud83d\udc8e Le ph\u00e9nom\u00e8ne Ibrahim Mbaye rentre et marque face au Soudan !<br \/>\ud83e\udd29 \u00c0 17 ans il \u00e9teint le suspens de ce huiti\u00e8me de finale. <a href=\"https:\/\/t.co\/eOkP28QsF6\" rel=\"nofollow\">https:\/\/t.co\/eOkP28QsF6<\/a><\/p>\n<p>\u2014 beIN SPORTS (@beinsports_FR) <a href=\"https:\/\/twitter.com\/beinsports_FR\/status\/2007509715224539619?ref_src=twsrc%5Etfw\" rel=\"nofollow noopener\" target=\"_blank\">January 3, 2026<\/a><\/p>\n<p class=\"\">Il s\u2019agit du premier but d\u2019Ibrahim Mbaye lors de la Coupe d\u2019Afrique des nations 2025. Son entr\u00e9e contre la R\u00e9publique d\u00e9mocratique du Congo, lors de la deuxi\u00e8me journ\u00e9e de la phase de poules, <a href=\"https:\/\/www.leparisien.fr\/sports\/football\/coupe-d-afrique-des-nations\/on-sait-ce-quil-peut-nous-apporter-lentree-en-jeu-determinante-dibrahim-mbaye-avec-le-senegal-face-a-la-rd-congo-27-12-2025-23POKAAN45BGFKH7WTWIV3UOTU.php\" target=\"_blank\" rel=\"noreferrer nofollow noopener\">avait d\u00e9j\u00e0 \u00e9t\u00e9 d\u00e9cisive<\/a>. Sur un d\u00e9boul\u00e9 c\u00f4t\u00e9 droit, sa frappe repouss\u00e9e par le portier avait \u00e9t\u00e9 bien suivie par Sadio Man\u00e9 (1-1).<\/p>\n<p>\u00ab A chaque fois qu\u2019il entre, il am\u00e8ne quelque chose en plus \u00bb<\/p>\n<p class=\"\">Ces deux prestations le confortent sans doute dans le choix qu\u2019il a fait en faveur de la f\u00e9d\u00e9ration s\u00e9n\u00e9galaise. Apr\u00e8s avoir fait toutes ses classes avec les \u00e9quipes de France jeunes, Ibrahim Mbaye avait opt\u00e9 au mois de novembre pour les Lions de la Teranga. Avec, notamment, cette Coupe d\u2019Afrique des nations et la prochaine Coupe du monde dans le viseur.<\/p>\n<p class=\"\">\u00ab Ibrahim Mbaye n\u2019a pas eu besoin d\u2019\u00eatre convaincu, avait expliqu\u00e9 le s\u00e9lectionneur Pape Thiaw apr\u00e8s sa convocation en novembre. Quand le choix vient du joueur, c\u2019est toujours plus facile. Pour certains, je pense qu\u2019il faudra se d\u00e9placer, rencontrer les parents et leur pr\u00e9senter le projet. Ici, c\u2019est un choix du c\u0153ur : Ibrahim a toujours voulu jouer pour le S\u00e9n\u00e9gal. Quand je suis all\u00e9 le voir, il m\u2019a montr\u00e9 qu\u2019il voulait \u00eatre l\u00e0. On sait ce qu\u2019il peut nous apporter \u00bb, avait expliqu\u00e9 le s\u00e9lectionneur apr\u00e8s sa convocation.<\/p>\n<p class=\"\">Depuis son arriv\u00e9e, ses co\u00e9quipiers ont pu observer son \u00e9norme talent et sa capacit\u00e9 \u00e0 \u00eatre d\u00e9cisif. \u00ab \u00c0 chaque fois qu\u2019il entre, il am\u00e8ne quelque chose de plus \u00bb, a ainsi d\u00e9clar\u00e9 Kr\u00e9pin Diatta, alors que Moussa Niakath\u00e9 assurait n\u2019\u00eatre \u00ab pas surpris parce que c\u2019est un tr\u00e8s bon joueur, il fait \u00e7a au PSG depuis le d\u00e9but de saison \u00bb.<\/p>\n<p class=\"\">Si Ibrahim Mbaye r\u00e9alise en effet une belle Coupe d\u2019Afrique des nations, sa saison au Paris Saint-Germain est \u00e9galement aboutie avec d\u00e9j\u00e0 13 matchs de <a href=\"https:\/\/www.leparisien.fr\/sports\/football\/ligue-1\/\" target=\"_blank\" rel=\"noreferrer nofollow noopener\">Ligue 1<\/a>. Il a \u00e9galement inscrit un but, le 7 d\u00e9cembre dernier <a href=\"https:\/\/www.leparisien.fr\/sports\/football\/ligue-1\/psg-rennes-5-0-un-paris-europeen-avant-la-ligue-des-champions-06-12-2025-HOZII7FMFBAWVIACSUJUVD2OYQ.php\" target=\"_blank\" rel=\"noreferrer nofollow noopener\">contre Rennes<\/a>, 5-0. Le r\u00e9sultat sans doute de la confiance offerte par son coach Luis Enrique, qui n\u2019a pas h\u00e9sit\u00e9 \u00e0 lui offrir du temps de jeu malgr\u00e9 des premi\u00e8res prestations moins \u00e9blouissantes.<\/p>\n<p><script async src=\"https:\/\/platform.twitter.com\/widgets.js\" charset=\"utf-8\"><\/script><\/p>\n","protected":false},"excerpt":{"rendered":"Tout le S\u00e9n\u00e9gal a souffl\u00e9, \u00e0 la 77e minute du huiti\u00e8me de finale de la Coupe d\u2019Afrique des&hellip;\n","protected":false},"author":2,"featured_media":2196,"comment_status":"","ping_status":"","sticky":false,"template":"","format":"standard","meta":{"footnotes":""},"categories":[48],"tags":[360,311,159,264],"class_list":{"0":"post-2195","1":"post","2":"type-post","3":"status-publish","4":"format-standard","5":"has-post-thumbnail","7":"category-senegal","8":"tag-can","9":"tag-football","10":"tag-senegal","11":"tag-sports"},"share_on_mastodon":{"url":"","error":""},"_links":{"self":[{"href":"https:\/\/www.europesays.com\/africa\/wp-json\/wp\/v2\/posts\/2195","targetHints":{"allow":["GET"]}}],"collection":[{"href":"https:\/\/www.europesays.com\/africa\/wp-json\/wp\/v2\/posts"}],"about":[{"href":"https:\/\/www.europesays.com\/africa\/wp-json\/wp\/v2\/types\/post"}],"author":[{"embeddable":true,"href":"https:\/\/www.europesays.com\/africa\/wp-json\/wp\/v2\/users\/2"}],"replies":[{"embeddable":true,"href":"https:\/\/www.europesays.com\/africa\/wp-json\/wp\/v2\/comments?post=2195"}],"version-history":[{"count":0,"href":"https:\/\/www.europesays.com\/africa\/wp-json\/wp\/v2\/posts\/2195\/revisions"}],"wp:featuredmedia":[{"embeddable":true,"href":"https:\/\/www.europesays.com\/africa\/wp-json\/wp\/v2\/media\/2196"}],"wp:attachment":[{"href":"https:\/\/www.europesays.com\/africa\/wp-json\/wp\/v2\/media?parent=2195"}],"wp:term":[{"taxonomy":"category","embeddable":true,"href":"https:\/\/www.europesays.com\/africa\/wp-json\/wp\/v2\/categories?post=2195"},{"taxonomy":"post_tag","embeddable":true,"href":"https:\/\/www.europesays.com\/africa\/wp-json\/wp\/v2\/tags?post=2195"}],"curies":[{"name":"wp","href":"https:\/\/api.w.org\/{rel}","templated":true}]}}