{"id":21995,"date":"2026-01-14T03:02:24","date_gmt":"2026-01-14T03:02:24","guid":{"rendered":"https:\/\/www.europesays.com\/africa\/21995\/"},"modified":"2026-01-14T03:02:24","modified_gmt":"2026-01-14T03:02:24","slug":"gamou-du-nigeria-2026-plaidoyer-pour-une-participation-active-du-senegal","status":"publish","type":"post","link":"https:\/\/www.europesays.com\/africa\/21995\/","title":{"rendered":"Gamou du Nig\u00e9ria 2026 : plaidoyer pour une participation active du S\u00e9n\u00e9gal"},"content":{"rendered":"<p>\u00c0 quelques jours du Gamou de Katsina, pr\u00e9vu le 17 janvier 2026 au Nigeria, Moubarack Wade, fondateur du Baye Networking et pr\u00e9sident de la Commission Marketing et Entrepreneuriat de JAMHIYATU ANSAARUD-D\u00ceN S\u00c9N\u00c9GAL (JADS), lance un appel clair et solennel : le S\u00e9n\u00e9gal ne peut se contenter d\u2019\u00eatre spectateur. Il doit \u00eatre officiellement et strat\u00e9giquement pr\u00e9sent \u00e0 cet \u00e9v\u00e9nement majeur.<\/p>\n<p>Chaque ann\u00e9e, des millions de fid\u00e8les c\u00e9l\u00e8brent la naissance de Cheikh al-Islam El Hadj Ibrahima Niass (RA), n\u00e9 le 8 novembre 1900 \u00e0 Ta\u00efba Niass\u00e8ne. Si cette comm\u00e9moration est profond\u00e9ment ancr\u00e9e dans la vie religieuse s\u00e9n\u00e9galaise, son influence s\u2019\u00e9tend aujourd\u2019hui bien au-del\u00e0 des fronti\u00e8res du pays. Le Nigeria, o\u00f9 plus de 70 millions de disciples perp\u00e9tuent la tradition de la Fayda Tijaniyya, est devenu un v\u00e9ritable \u00e9picentre de l\u2019influence spirituelle africaine de Baye Niass.<\/p>\n<p>Pour Moubarack Wade, le Gamou de Katsina d\u00e9passe la seule ferveur religieuse : il constitue un rendez-vous strat\u00e9gique, une opportunit\u00e9 rare pour le S\u00e9n\u00e9gal de renforcer sa place dans l\u2019Islam africain tout en affirmant son rayonnement diplomatique, \u00e9conomique et culturel.<\/p>\n<p>Chaque ann\u00e9e, le Gamou attire des millions de fid\u00e8les, transformant stades et rues en mar\u00e9es humaines anim\u00e9es par la d\u00e9votion et la fraternit\u00e9. Certaines \u00e9ditions ont rassembl\u00e9 jusqu\u2019\u00e0 sept millions de participants, faisant de cet \u00e9v\u00e9nement l\u2019un des plus grands rassemblements religieux d\u2019Afrique de l\u2019Ouest. Cette mobilisation exceptionnelle illustre le r\u00f4le central de la Fayda Tijaniyya comme force sociale, culturelle et spirituelle sur le continent. Moubarack Wade insiste sur le fait que le S\u00e9n\u00e9gal doit inscrire cet \u00e9v\u00e9nement dans son agenda national et y accorder toute l\u2019attention qu\u2019il m\u00e9rite, \u00e0 l\u2019instar des grandes comm\u00e9morations religieuses et culturelles du pays. La communaut\u00e9 s\u00e9n\u00e9galaise est invit\u00e9e \u00e0 participer activement, \u00e0 travers des veill\u00e9es spirituelles et la diffusion en direct des c\u00e9r\u00e9monies via des plateformes comme BayeZone, afin de donner \u00e0 Baye Niass la dimension internationale qui lui revient.<\/p>\n<p>Au-del\u00e0 du symbolique, la participation s\u00e9n\u00e9galaise repr\u00e9sente un levier strat\u00e9gique. Elle consolide les relations bilat\u00e9rales avec le Nigeria, puissant g\u00e9ant d\u00e9mographique et \u00e9conomique de l\u2019Afrique de l\u2019Ouest, tout en g\u00e9n\u00e9rant d\u2019importants flux commerciaux et en cr\u00e9ant des opportunit\u00e9s pour les entreprises s\u00e9n\u00e9galaises dans l\u2019artisanat, le commerce et le tourisme religieux. Sur le plan culturel et g\u00e9ostrat\u00e9gique, elle affirme \u00e9galement le r\u00f4le du S\u00e9n\u00e9gal comme berceau d\u2019un Islam pacifique et tol\u00e9rant, tout en mettant en lumi\u00e8re l\u2019h\u00e9ritage de Baye Niass comme facteur de paix et de coh\u00e9sion continentale.<\/p>\n<p>Le 17 janvier 2026, des millions de fid\u00e8les convergeront vers Katsina. Pour Moubarack Wade, le S\u00e9n\u00e9gal doit y \u00eatre pr\u00e9sent, officiellement et strat\u00e9giquement, afin de r\u00e9affirmer sa centralit\u00e9 dans l\u2019Islam africain et transformer l\u2019h\u00e9ritage de Baye Niass en levier concret de d\u00e9veloppement et de rayonnement international.<\/p>\n<p>P. A SY (Lesoleil.sn)<\/p>\n","protected":false},"excerpt":{"rendered":"\u00c0 quelques jours du Gamou de Katsina, pr\u00e9vu le 17 janvier 2026 au Nigeria, Moubarack Wade, fondateur du&hellip;\n","protected":false},"author":2,"featured_media":21996,"comment_status":"","ping_status":"","sticky":false,"template":"","format":"standard","meta":{"footnotes":""},"categories":[48],"tags":[159],"class_list":{"0":"post-21995","1":"post","2":"type-post","3":"status-publish","4":"format-standard","5":"has-post-thumbnail","7":"category-senegal","8":"tag-senegal"},"share_on_mastodon":{"url":"","error":""},"_links":{"self":[{"href":"https:\/\/www.europesays.com\/africa\/wp-json\/wp\/v2\/posts\/21995","targetHints":{"allow":["GET"]}}],"collection":[{"href":"https:\/\/www.europesays.com\/africa\/wp-json\/wp\/v2\/posts"}],"about":[{"href":"https:\/\/www.europesays.com\/africa\/wp-json\/wp\/v2\/types\/post"}],"author":[{"embeddable":true,"href":"https:\/\/www.europesays.com\/africa\/wp-json\/wp\/v2\/users\/2"}],"replies":[{"embeddable":true,"href":"https:\/\/www.europesays.com\/africa\/wp-json\/wp\/v2\/comments?post=21995"}],"version-history":[{"count":0,"href":"https:\/\/www.europesays.com\/africa\/wp-json\/wp\/v2\/posts\/21995\/revisions"}],"wp:featuredmedia":[{"embeddable":true,"href":"https:\/\/www.europesays.com\/africa\/wp-json\/wp\/v2\/media\/21996"}],"wp:attachment":[{"href":"https:\/\/www.europesays.com\/africa\/wp-json\/wp\/v2\/media?parent=21995"}],"wp:term":[{"taxonomy":"category","embeddable":true,"href":"https:\/\/www.europesays.com\/africa\/wp-json\/wp\/v2\/categories?post=21995"},{"taxonomy":"post_tag","embeddable":true,"href":"https:\/\/www.europesays.com\/africa\/wp-json\/wp\/v2\/tags?post=21995"}],"curies":[{"name":"wp","href":"https:\/\/api.w.org\/{rel}","templated":true}]}}