{"id":21997,"date":"2026-01-14T03:03:14","date_gmt":"2026-01-14T03:03:14","guid":{"rendered":"https:\/\/www.europesays.com\/africa\/21997\/"},"modified":"2026-01-14T03:03:14","modified_gmt":"2026-01-14T03:03:14","slug":"can-2025-sur-quelle-chaine-tv-et-a-quelle-heure-regarder-nigeria-maroc-sports","status":"publish","type":"post","link":"https:\/\/www.europesays.com\/africa\/21997\/","title":{"rendered":"CAN 2025 : Sur quelle cha\u00eene TV et \u00e0 quelle heure regarder Nigeria-Maroc ? : Sports"},"content":{"rendered":"<p class=\"date\">\n                                                            Emmanuel LANGELLIER, Media365 : publi\u00e9 le mardi 13 janvier 2026 \u00e0 20h02\n                                                    <\/p>\n<p>Retrouvez les principales informations pour suivre en direct la demi-finale de la Coupe d&#8217;Afrique des Nations 2025 entre le Nigeria et le Maroc, une superbe affiche programm\u00e9e le mercredi 14 janvier 2026.<\/p>\n<p>\u00c7a y est, la d\u00e9cision se rapproche pour cette Coupe d&#8217;Afrique des nations 2025 disput\u00e9e dans de superbes conditions au Maroc. Plus que 3 rencontres et le laur\u00e9at, qui succ\u00e9dera \u00e0 la C\u00f4te d&#8217;Ivoire, <a href=\"https:\/\/sports.orange.fr\/football\/can\/debrief\/can-2025-quarts-de-finale-l-egypte-s-offre-la-cote-d-ivoire-tenante-du-titre-CNT000002mzzyt.html\" rel=\"nofollow noopener\" target=\"_blank\">\u00e9limin\u00e9e en quarts de finale par l&#8217;\u00c9gypte (1-3)<\/a>, sera connu (dimanche soir). Tandis que la premi\u00e8re demi-finale opposera le S\u00e9n\u00e9gal de Sadio Man\u00e9 \u00e0 l&#8217;\u00c9gypte de Mohamed Salah, mercredi 14 janvier 2026 \u00e0 partir de 18h00 au Stade Ibn-Batouta de Tanger, la seconde commencera 3 heures plus tard \u00e0 Rabat, \u00e0 21h00 au Stade Prince Moulay Abdellah.<\/p>\n<p>Devant leur public, les Lions de l&#8217;Atlas se produiront une nouvelle fois dans l&#8217;enceinte de la capitale, la 6e fois en autant de sorties dans cette \u00e9dition. En qu\u00eate d&#8217;une 2e couronne apr\u00e8s celle de 1976, ils compteront sur l&#8217;appui de leurs supporters pour rallier la finale tant r\u00eav\u00e9e au pays. <a href=\"https:\/\/sports.orange.fr\/football\/can\/debrief\/can-2025-quarts-de-finale-le-maroc-domine-le-cameroun-et-file-en-demi-finales-CNT000002myUIh.html\" rel=\"nofollow noopener\" target=\"_blank\"> Vainqueurs logiques du Cameroun (2-0) en quarts <\/a>, ils pourront compter sur leur capitaine Achraf Hakimi, bien remis de ses soucis physiques, et Brahim Diaz, meilleur buteur du tournoi avec 5 r\u00e9alisations, qui ne seront pas de trop pour tenter de perturber la redoutable machine nig\u00e9riane.<\/p>\n<p>Les Super Eagles, c&#8217;est en effet du tr\u00e8s costaud ! Demandez donc aux Alg\u00e9riens que tout le monde attendait dans le dernier carr\u00e9 pour donner lieu \u00e0 une demie explosive face au voisin marocain et qui ont \u00e9t\u00e9 <a href=\"https:\/\/sports.orange.fr\/football\/can\/debrief\/can-2025-quarts-de-finale-en-puissance-le-nigeria-elimine-l-algerie-CNT000002mzy9X.html\" rel=\"nofollow noopener\" target=\"_blank\"> concass\u00e9s par Victor Osimhen, Ademola Lookman et leur bande (2-0) <\/a>. Puissants, solides physiquement et tr\u00e8s dou\u00e9s techniquement, les hommes d&#8217;Eric Chelle ont gagn\u00e9 tous leurs matchs &#8211; \u00e0 la diff\u00e9rence du Maroc qui a conc\u00e9d\u00e9 un nul face au Mali &#8211; et composent une formation capable de tout renverser sur son passage. L&#8217;affrontement face aux Lions de l&#8217;Atlas promet donc \u00e9norm\u00e9ment et on a h\u00e2te d&#8217;y \u00eatre.<\/p>\n<p>Les compositions probables :<\/p>\n<p>Nigeria : Nwabali &#8211; Osayi-Samuel, Ajayi, Bassey, Onyemaechi &#8211; Onyeka, Onyedika, Iwobi &#8211; Lookman &#8211; Adams, Osimhen.<\/p>\n<p>Maroc : Bounou &#8211; Hakimi, Aguerd, Masina, Mazraoui &#8211; El Khannouss, El Aynaoui, Saibari &#8211; B. Diaz, El Kaabi, Ezzalzouli.<\/p>\n<p>Comment regarder ce match en direct ?<\/p>\n<p>Cette demi-finale de la CAN 2025, programm\u00e9e le 14 janvier, \u00e0 21h00, au Stade Prince Moulay El Hassan de Rabat, sera \u00e0 suivre en direct comment\u00e9 sur sports.orange.fr. Pour voir le match en direct \u00e0 la TV, ce sera sur les antennes de beIN Sports, qui retransmet l&#8217;int\u00e9gralit\u00e9 de la comp\u00e9tition. Ce Nigeria-Maroc sera \u00e0 suivre en direct sur beIN Sports 1 \u00e0 partir de 21h00. Si le score est de parit\u00e9 \u00e0 la fin du temps r\u00e9glementaire, une prolongation aura lieu. Et si aucune formation n&#8217;est encore pass\u00e9e devant au tableau d&#8217;affichage apr\u00e8s 120 minutes, le deuxi\u00e8me finaliste de la comp\u00e9tition sera connu apr\u00e8s des tirs au but, soit vers 23h45.<\/p>\n","protected":false},"excerpt":{"rendered":"Emmanuel LANGELLIER, Media365 : publi\u00e9 le mardi 13 janvier 2026 \u00e0 20h02 Retrouvez les principales informations pour suivre&hellip;\n","protected":false},"author":2,"featured_media":21998,"comment_status":"","ping_status":"","sticky":false,"template":"","format":"standard","meta":{"footnotes":""},"categories":[41],"tags":[158],"class_list":{"0":"post-21997","1":"post","2":"type-post","3":"status-publish","4":"format-standard","5":"has-post-thumbnail","7":"category-maroc","8":"tag-maroc"},"share_on_mastodon":{"url":"","error":""},"_links":{"self":[{"href":"https:\/\/www.europesays.com\/africa\/wp-json\/wp\/v2\/posts\/21997","targetHints":{"allow":["GET"]}}],"collection":[{"href":"https:\/\/www.europesays.com\/africa\/wp-json\/wp\/v2\/posts"}],"about":[{"href":"https:\/\/www.europesays.com\/africa\/wp-json\/wp\/v2\/types\/post"}],"author":[{"embeddable":true,"href":"https:\/\/www.europesays.com\/africa\/wp-json\/wp\/v2\/users\/2"}],"replies":[{"embeddable":true,"href":"https:\/\/www.europesays.com\/africa\/wp-json\/wp\/v2\/comments?post=21997"}],"version-history":[{"count":0,"href":"https:\/\/www.europesays.com\/africa\/wp-json\/wp\/v2\/posts\/21997\/revisions"}],"wp:featuredmedia":[{"embeddable":true,"href":"https:\/\/www.europesays.com\/africa\/wp-json\/wp\/v2\/media\/21998"}],"wp:attachment":[{"href":"https:\/\/www.europesays.com\/africa\/wp-json\/wp\/v2\/media?parent=21997"}],"wp:term":[{"taxonomy":"category","embeddable":true,"href":"https:\/\/www.europesays.com\/africa\/wp-json\/wp\/v2\/categories?post=21997"},{"taxonomy":"post_tag","embeddable":true,"href":"https:\/\/www.europesays.com\/africa\/wp-json\/wp\/v2\/tags?post=21997"}],"curies":[{"name":"wp","href":"https:\/\/api.w.org\/{rel}","templated":true}]}}