{"id":22013,"date":"2026-01-14T03:18:10","date_gmt":"2026-01-14T03:18:10","guid":{"rendered":"https:\/\/www.europesays.com\/africa\/22013\/"},"modified":"2026-01-14T03:18:10","modified_gmt":"2026-01-14T03:18:10","slug":"la-demi-finale-de-la-can-revele-un-contraste-saisissant-entre-legypte-et-le-senegal","status":"publish","type":"post","link":"https:\/\/www.europesays.com\/africa\/22013\/","title":{"rendered":"La demi-finale de la CAN r\u00e9v\u00e8le un contraste saisissant entre l\u2019\u00c9gypte et le S\u00e9n\u00e9gal"},"content":{"rendered":"<p>\u00c9gypte et <a href=\"https:\/\/onefootball.com\/en\/team\/senegal-121\" rel=\"nofollow noopener\" target=\"_blank\">S\u00e9n\u00e9gal<\/a> incarnent deux parcours oppos\u00e9s<\/p>\n<p>La demi-finale de la CAN r\u00e9v\u00e8le un contraste saisissant entre l\u2019\u00c9gypte et le S\u00e9n\u00e9gal<\/p>\n<p>Le <a href=\"https:\/\/onefootball.com\/en\/team\/senegal-121\" rel=\"nofollow noopener\" target=\"_blank\">S\u00e9n\u00e9gal<\/a> aborde la demi-finale de la CAN 2025 mercredi face \u00e0 l\u2019\u00c9gypte avec un effectif largement compos\u00e9 de professionnels \u00e9voluant \u00e0 l\u2019\u00e9tranger.<\/p>\n<p>Cette affiche du dernier carr\u00e9 r\u00e9unit deux g\u00e9ants historiques du football africain. L\u2019\u00c9gypte s\u2019est qualifi\u00e9e gr\u00e2ce \u00e0 une victoire 3-2 contre la C\u00f4te d\u2019Ivoire, tandis que le <a href=\"https:\/\/onefootball.com\/en\/team\/senegal-121\" rel=\"nofollow noopener\" target=\"_blank\">S\u00e9n\u00e9gal<\/a> a arrach\u00e9 sa place avec un court succ\u00e8s 1-0 sur le <a href=\"https:\/\/onefootball.com\/en\/team\/mali-1009\" rel=\"nofollow noopener\" target=\"_blank\">Mali<\/a>. Le vainqueur retrouvera en finale le Maroc ou le Nigeria.<\/p>\n<p>Ce qui distingue ce duel, c\u2019est la composition des deux effectifs. Le <a href=\"https:\/\/onefootball.com\/en\/team\/senegal-121\" rel=\"nofollow noopener\" target=\"_blank\">S\u00e9n\u00e9gal<\/a> se pr\u00e9sente avec une s\u00e9lection quasi exclusivement form\u00e9e \u00e0 l\u2019\u00e9tranger, comptant 20 joueurs \u00e9voluant dans les cinq grands championnats europ\u00e9ens. \u00c0 l\u2019inverse, l\u2019\u00c9gypte s\u2019appuie essentiellement sur ses talents locaux, avec seulement trois joueurs exer\u00e7ant hors du monde arabe.<\/p>\n<p>Mohamed Salah a r\u00e9sum\u00e9 ce contraste avec un sourire apr\u00e8s le quart de finale.<\/p>\n<p>Cette remarque faisait r\u00e9f\u00e9rence au fait que Salah, <a href=\"https:\/\/onefootball.com\/en\/player\/omar-marmoush-222198\" rel=\"nofollow noopener\" target=\"_blank\">Omar Marmoush<\/a> et <a href=\"https:\/\/onefootball.com\/en\/player\/mostafa-mohamed-217363\" rel=\"nofollow noopener\" target=\"_blank\">Mostafa Mohamed<\/a> ne sont pas titulaires r\u00e9guliers dans leurs clubs respectifs cette saison.<\/p>\n<p>L\u2019\u00c9gypte et le <a href=\"https:\/\/onefootball.com\/en\/team\/senegal-121\" rel=\"nofollow noopener\" target=\"_blank\">S\u00e9n\u00e9gal<\/a> se sont affront\u00e9s cinq fois en Coupe d\u2019Afrique des Nations, avec trois victoires pour les Lions de la Teranga et deux pour les Pharaons.<\/p>\n","protected":false},"excerpt":{"rendered":"\u00c9gypte et S\u00e9n\u00e9gal incarnent deux parcours oppos\u00e9s La demi-finale de la CAN r\u00e9v\u00e8le un contraste saisissant entre l\u2019\u00c9gypte&hellip;\n","protected":false},"author":2,"featured_media":22014,"comment_status":"","ping_status":"","sticky":false,"template":"","format":"standard","meta":{"footnotes":""},"categories":[48],"tags":[159],"class_list":{"0":"post-22013","1":"post","2":"type-post","3":"status-publish","4":"format-standard","5":"has-post-thumbnail","7":"category-senegal","8":"tag-senegal"},"share_on_mastodon":{"url":"","error":""},"_links":{"self":[{"href":"https:\/\/www.europesays.com\/africa\/wp-json\/wp\/v2\/posts\/22013","targetHints":{"allow":["GET"]}}],"collection":[{"href":"https:\/\/www.europesays.com\/africa\/wp-json\/wp\/v2\/posts"}],"about":[{"href":"https:\/\/www.europesays.com\/africa\/wp-json\/wp\/v2\/types\/post"}],"author":[{"embeddable":true,"href":"https:\/\/www.europesays.com\/africa\/wp-json\/wp\/v2\/users\/2"}],"replies":[{"embeddable":true,"href":"https:\/\/www.europesays.com\/africa\/wp-json\/wp\/v2\/comments?post=22013"}],"version-history":[{"count":0,"href":"https:\/\/www.europesays.com\/africa\/wp-json\/wp\/v2\/posts\/22013\/revisions"}],"wp:featuredmedia":[{"embeddable":true,"href":"https:\/\/www.europesays.com\/africa\/wp-json\/wp\/v2\/media\/22014"}],"wp:attachment":[{"href":"https:\/\/www.europesays.com\/africa\/wp-json\/wp\/v2\/media?parent=22013"}],"wp:term":[{"taxonomy":"category","embeddable":true,"href":"https:\/\/www.europesays.com\/africa\/wp-json\/wp\/v2\/categories?post=22013"},{"taxonomy":"post_tag","embeddable":true,"href":"https:\/\/www.europesays.com\/africa\/wp-json\/wp\/v2\/tags?post=22013"}],"curies":[{"name":"wp","href":"https:\/\/api.w.org\/{rel}","templated":true}]}}