{"id":22015,"date":"2026-01-14T03:19:11","date_gmt":"2026-01-14T03:19:11","guid":{"rendered":"https:\/\/www.europesays.com\/africa\/22015\/"},"modified":"2026-01-14T03:19:11","modified_gmt":"2026-01-14T03:19:11","slug":"amal-el-fallah-seghrouchni-le-maroc-veut-devenir-un-hub-arabo-africain-de-lia","status":"publish","type":"post","link":"https:\/\/www.europesays.com\/africa\/22015\/","title":{"rendered":"Amal El Fallah Seghrouchni : \u00ab Le Maroc veut devenir un hub arabo-africain de l\u2019IA \u00bb"},"content":{"rendered":"<p>\u00c0 la veille du lancement officiel du projet Jazari, CIO Mag s\u2019est entretenu avec Amal El Fallah Seghrouchni, Ministre de la Transition Num\u00e9rique et de la R\u00e9forme de l\u2019Administration du Maroc. Elle nous d\u00e9voile les ambitions du Royaume en mati\u00e8re d\u2019intelligence artificielle et de digitalisation.<\/p>\n<p>CIO Mag : Madame la Ministre, pouvez-vous nous pr\u00e9senter le projet \u00ab IA Made in Morocco \u00bb et Jazari?<\/p>\n<p>Amal El Fallah Seghrouchni\u00a0: Le projet \u00ab IA Made in Morocco \u00bb est au c\u0153ur de notre strat\u00e9gie nationale pour l\u2019intelligence artificielle. Il repose sur la cr\u00e9ation du r\u00e9seau Jazari, compos\u00e9 d\u2019instituts r\u00e9gionaux coordonn\u00e9s par JAZARI ROOT, bas\u00e9 \u00e0 Rabat. Ce r\u00e9seau incarne notre ambition de b\u00e2tir un \u00e9cosyst\u00e8me national fond\u00e9 sur l\u2019excellence scientifique, la recherche et l\u2019innovation, en accompagnant la mont\u00e9e en puissance des startups, en favorisant l\u2019adoption du num\u00e9rique par les PME et en consolidant les comp\u00e9tences nationales.<\/p>\n<p>CIO Mag : Quelle est la port\u00e9e de l\u2019\u00e9v\u00e9nement du 12 janvier?<\/p>\n<p>Cette journ\u00e9e marque le lancement officiel de JAZARI ROOT et la signature de conventions structurantes avec nos partenaires publics, priv\u00e9s et acad\u00e9miques. Elle s\u2019inscrit dans la continuit\u00e9 des Assises Nationales de l\u2019IA tenues en juillet 2025 sous le Haut Patronage de Sa Majest\u00e9 le Roi Mohammed VI. Nous voulons transformer la dynamique mondiale de l\u2019IA en opportunit\u00e9 nationale durable, en misant sur la souverainet\u00e9 technologique, l\u2019innovation et l\u2019inclusion territoriale. Avec la signature de toutes ces conventions lors du lancement de JAZARI ROOT, il y aura un avant et un apr\u00e8s 12 janvier 2026 dans la marche vers la souverainet\u00e9 num\u00e9rique du Royaume<\/p>\n<p>CIO Mag : O\u00f9 en est la digitalisation des services publics ?<\/p>\n<p>Nous avons identifi\u00e9 600 services administratifs accessibles via le portail Hidariti. Ces services sont regroup\u00e9s en parcours prioritaires : 50 % sont d\u00e9j\u00e0 digitalis\u00e9s, notamment la cr\u00e9ation d\u2019entreprise, l\u2019ouverture d\u2019une cr\u00e8che ou l\u2019inscription au baccalaur\u00e9at libre. Ce chantier, lanc\u00e9 en f\u00e9vrier 2025, avance rapidement et notre objectif est de finaliser l\u2019ensemble d\u2019ici 2026.<\/p>\n<p>CIO Mag : Quels obstacles avez-vous rencontr\u00e9s?<\/p>\n<p>Les d\u00e9fis sont li\u00e9s \u00e0 la coordination inter-administrations et aux r\u00e9ticences au changement. Pour y r\u00e9pondre, nous avons con\u00e7u un cadre r\u00e9glementaire d\u00e9finissant l\u2019identit\u00e9 num\u00e9rique, la simplification des proc\u00e9dures et l\u2019interop\u00e9rabilit\u00e9 des services. Ce cadre, \u00e9labor\u00e9 avec la CNDP, la DGSI, la DGSN et la Direction du D\u00e9veloppement Digital, est en cours de validation au Parlement.<\/p>\n<p>CIO Mag : La cybers\u00e9curit\u00e9 est-elle une priorit\u00e9?<\/p>\n<p>Oui. Nous ne mettons en ligne que des services conformes aux lois 09-08 (protection des donn\u00e9es personnelles) et 05-20 (cybers\u00e9curit\u00e9). La s\u00e9curit\u00e9 des syst\u00e8mes rel\u00e8ve de la DGSN, mais nous travaillons ensemble pour garantir la conformit\u00e9 et la sensibilisation.<\/p>\n<p>CIO Mag : Quels moyens humains et financiers mobilisez-vous?<\/p>\n<p>Nous avons recrut\u00e9 113 personnes en 2025 et pr\u00e9voyons 80 recrutements suppl\u00e9mentaires en 2026. Sur le plan financier, la strat\u00e9gie Maroc Digital 2030 mobilise 11 milliards de dirhams, avec des partenariats publics-priv\u00e9s. Par exemple, le programme Venture Capital repr\u00e9sente 1,3 milliard de dirhams, cofinanc\u00e9 par le Fonds Mohamed VI et la CDG.<\/p>\n<p>CIO Mag : Quels r\u00e9sultats concrets en mati\u00e8re d\u2019IA?<\/p>\n<p>Le Maroc a gagn\u00e9 14 places dans le classement mondial des gouvernements en IA en 2025, gr\u00e2ce \u00e0 des initiatives strat\u00e9giques et \u00e0 notre visibilit\u00e9 internationale, notamment via le D4SD (Digital for Sustainable Development) aux Nations Unies. Nous attirons des investisseurs, des chercheurs et des startups, confirmant notre ambition de devenir un hub num\u00e9rique arabo-africain.<\/p>\n<p>CIO Mag : Le secteur priv\u00e9 suit-il cette dynamique?<\/p>\n<p>Oui. Nous collaborons avec la CGEM, l\u2019AUSIM et d\u2019autres organisations. L\u2019IA est un sujet d\u2019int\u00e9r\u00eat public qui mobilise tous les acteurs. Porter ce projet exige une culture du livrable et une vision \u00e9conomique, en plus des aspects acad\u00e9miques et r\u00e9glementaires.<\/p>\n<p>CIO Mag : Et la coop\u00e9ration africaine?<\/p>\n<p>Elle est essentielle. Nous avons lanc\u00e9 des programmes comme AUTAI (UNESCO) pour former des startups africaines dirig\u00e9es par des femmes. Nous travaillons avec la Digital Cooperation Organization et envisageons la cr\u00e9ation d\u2019une commission intergouvernementale arabo-africaine pour des projets IA collaboratifs.<\/p>\n<p>CIO Mag : Comment l\u2019IA peut-elle aider \u00e0 surmonter l\u2019illettrisme en Afrique?<\/p>\n<p>Nous misons sur l\u2019IA g\u00e9n\u00e9rative, notamment le speech-to-text et le text-to-speech, pour faciliter l\u2019acc\u00e8s aux services. L\u2019accord avec Mistral AI vise \u00e0 d\u00e9velopper un LLM marocain en arabe et darija, qui pourra \u00eatre \u00e9tendu \u00e0 d\u2019autres langues africaines.<\/p>\n<p>CIO Mag : Si vous pouviez changer une chose dans ce processus?<\/p>\n<p>J\u2019aimerais aller plus vite. L\u2019IA \u00e9volue rapidement dans le monde, et nous devons suivre le rythme pour rester comp\u00e9titifs. L\u2019urgence est r\u00e9elle.<\/p>\n<p>CIO Mag : Un dernier mot avant le lancement officiel?<\/p>\n<p>Demain, nous signerons de nombreuses conventions, et d\u2019autres suivront. L\u2019engouement est fort, tant du c\u00f4t\u00e9 des administrations que des acteurs priv\u00e9s. Pour la diaspora marocaine, ce projet incarne l\u2019espoir de voir l\u2019IA \u00e9merger au Maroc. Sky is not the limit !<\/p>\n<p>\u2014\u2014\u2014\u2014\u2014\u2014\u2014\u2014\u2014\u2014\u2014\u2014\u2014\u2014\u2014\u2014\u2014\u2014\u2014\u2014\u2014\u2014<\/p>\n<p>Encadr\u00e9<\/p>\n<p>Jazari : le Maroc pose les fondations de sa souverainet\u00e9 IA<\/p>\n<p><img loading=\"lazy\" decoding=\"async\" width=\"1000\" height=\"594\" src=\"https:\/\/www.europesays.com\/africa\/wp-content\/uploads\/2026\/01\/Amal-Fellah-Seghrouchni2.jpeg\" alt=\"\" class=\"wp-image-59792\"  \/><\/p>\n<p>Rabat, 12 janvier 2026. Le Maroc a franchi une \u00e9tape d\u00e9cisive avec le lancement officiel du r\u00e9seau Jazari, pierre angulaire de la strat\u00e9gie nationale \u00ab IA Made in Morocco \u00bb. Cet \u00e9v\u00e9nement, organis\u00e9 sous l\u2019\u00e9gide du minist\u00e8re de la Transition num\u00e9rique, a r\u00e9uni d\u00e9cideurs publics, acteurs priv\u00e9s et universitaires pour sceller une vision ambitieuse : faire du Royaume un hub arabo-africain de l\u2019intelligence artificielle.<\/p>\n<p>Un r\u00e9seau structurant<\/p>\n<p>Au c\u0153ur de cette initiative, JAZARI ROOT, bas\u00e9 \u00e0 Rabat, coordonnera un maillage d\u2019instituts r\u00e9gionaux d\u00e9di\u00e9s \u00e0 la recherche, \u00e0 l\u2019innovation et \u00e0 la formation. Objectif : cr\u00e9er un \u00e9cosyst\u00e8me d\u2019excellence capable de d\u00e9velopper des solutions IA adapt\u00e9es aux r\u00e9alit\u00e9s marocaines et africaines.<\/p>\n<p>Des partenariats strat\u00e9giques<\/p>\n<p><img loading=\"lazy\" decoding=\"async\" width=\"1024\" height=\"526\" src=\"https:\/\/www.europesays.com\/africa\/wp-content\/uploads\/2026\/01\/Conventions_GIP-Institut-Jazari-ROOT-1024x526.jpeg\" alt=\"\" class=\"wp-image-59793\"  \/><\/p>\n<p>Huit conventions ont \u00e9t\u00e9 sign\u00e9es avec des acteurs cl\u00e9s, dont la CGEM, pour la cr\u00e9ation du GIP Institut Jazari ROOT. Ces accords couvrent la recherche appliqu\u00e9e, l\u2019accompagnement des startups et le financement de projets innovants. Le partenariat avec Mistral AI marque \u00e9galement une avanc\u00e9e majeure : la mise en place d\u2019un laboratoire R&amp;D IA g\u00e9n\u00e9rative, avec pour ambition de d\u00e9velopper un LLM marocain en arabe et darija, extensible aux langues africaines.<\/p>\n<p>Trois axes prioritaires<\/p>\n<p>Le r\u00e9seau Jazari concentrera ses efforts sur :<\/p>\n<p>Administration \u00e9lectronique : IA pour simplifier et automatiser les services publics.<\/p>\n<p>Zones rurales et montagneuses intelligentes : inclusion num\u00e9rique et agriculture connect\u00e9e.<\/p>\n<p>Support aux grands \u00e9v\u00e9nements sportifs : solutions IA pour la logistique et la s\u00e9curit\u00e9.<\/p>\n<p>Une vision fond\u00e9e sur cinq piliers<\/p>\n<p>Souverainet\u00e9 technologique<\/p>\n<p>Confiance citoyenne et cybers\u00e9curit\u00e9<\/p>\n<p>D\u00e9veloppement massif des comp\u00e9tences<\/p>\n<p>Innovation endog\u00e8ne<\/p>\n<p>\u00c9quit\u00e9 territoriale<\/p>\n<p>Avec 11 milliards de dirhams mobilis\u00e9s dans le cadre de la strat\u00e9gie Maroc Digital 2030 et un programme Venture Capital de 1,3 milliard de dirhams, le Maroc affirme son ambition : Sky is not the limit.<\/p>\n<p>                <a href=\"https:\/\/cio-mag.com\/author\/mdiallo\/\" rel=\"nofollow noopener\" target=\"_blank\"><img loading=\"lazy\" decoding=\"async\" alt=\"\" src=\"https:\/\/www.europesays.com\/africa\/wp-content\/uploads\/2026\/01\/1768360751_773_2a8c70551696b2d9189fd72107a9eeb3.jpeg\"  class=\"avatar avatar-150 photo\" height=\"150\" width=\"150\"\/><\/a><\/p>\n","protected":false},"excerpt":{"rendered":"\u00c0 la veille du lancement officiel du projet Jazari, CIO Mag s\u2019est entretenu avec Amal El Fallah Seghrouchni,&hellip;\n","protected":false},"author":2,"featured_media":21082,"comment_status":"","ping_status":"","sticky":false,"template":"","format":"standard","meta":{"footnotes":""},"categories":[41],"tags":[158],"class_list":{"0":"post-22015","1":"post","2":"type-post","3":"status-publish","4":"format-standard","5":"has-post-thumbnail","7":"category-maroc","8":"tag-maroc"},"share_on_mastodon":{"url":"","error":""},"_links":{"self":[{"href":"https:\/\/www.europesays.com\/africa\/wp-json\/wp\/v2\/posts\/22015","targetHints":{"allow":["GET"]}}],"collection":[{"href":"https:\/\/www.europesays.com\/africa\/wp-json\/wp\/v2\/posts"}],"about":[{"href":"https:\/\/www.europesays.com\/africa\/wp-json\/wp\/v2\/types\/post"}],"author":[{"embeddable":true,"href":"https:\/\/www.europesays.com\/africa\/wp-json\/wp\/v2\/users\/2"}],"replies":[{"embeddable":true,"href":"https:\/\/www.europesays.com\/africa\/wp-json\/wp\/v2\/comments?post=22015"}],"version-history":[{"count":0,"href":"https:\/\/www.europesays.com\/africa\/wp-json\/wp\/v2\/posts\/22015\/revisions"}],"wp:featuredmedia":[{"embeddable":true,"href":"https:\/\/www.europesays.com\/africa\/wp-json\/wp\/v2\/media\/21082"}],"wp:attachment":[{"href":"https:\/\/www.europesays.com\/africa\/wp-json\/wp\/v2\/media?parent=22015"}],"wp:term":[{"taxonomy":"category","embeddable":true,"href":"https:\/\/www.europesays.com\/africa\/wp-json\/wp\/v2\/categories?post=22015"},{"taxonomy":"post_tag","embeddable":true,"href":"https:\/\/www.europesays.com\/africa\/wp-json\/wp\/v2\/tags?post=22015"}],"curies":[{"name":"wp","href":"https:\/\/api.w.org\/{rel}","templated":true}]}}