{"id":22069,"date":"2026-01-14T04:00:21","date_gmt":"2026-01-14T04:00:21","guid":{"rendered":"https:\/\/www.europesays.com\/africa\/22069\/"},"modified":"2026-01-14T04:00:21","modified_gmt":"2026-01-14T04:00:21","slug":"il-active-sa-camera-pour-la-filmer-dans-des-positions-compromettantes-actusen","status":"publish","type":"post","link":"https:\/\/www.europesays.com\/africa\/22069\/","title":{"rendered":"il active sa cam\u00e9ra pour la filmer dans des positions compromettantes \u2013 ACTUSEN"},"content":{"rendered":"<p>&#8211; Advertisement &#8211;<\/p>\n<p style=\"text-align: justify;\">\u00c0 Grand-Yoff, un homme se disant footballeur a \u00e9t\u00e9 interpell\u00e9 par la police apr\u00e8s une plainte accablante de son ex-compagne, qui l\u2019accuse de menaces de mort, de chantage sexuel et d\u2019enregistrement illicite de vid\u00e9os intimes.<\/p>\n<p style=\"text-align: justify;\">Les faits remontent au 10 janvier 2026, quand les \u00e9l\u00e9ments du Commissariat d\u2019arrondissement de Grand-Yoff ont mis la main sur Sidy Kourouma, n\u00e9 en 1990 en Guin\u00e9e, domicili\u00e9 \u00e0 la cit\u00e9 Millionnaire. L\u2019interpellation fait suite \u00e0 une lettre-plainte d\u00e9pos\u00e9e le 5 janvier par une dame, F. Camara, qui accuse son ex-copain de menaces de mort, de collecte illicite de donn\u00e9es personnelles \u00e0 caract\u00e8re sexuel et de menace de diffusion d\u2019images intimes.<\/p>\n<p style=\"text-align: justify;\">\u00c0 la barre des enqu\u00eateurs, la plaignante raconte l\u2019enfer v\u00e9cu depuis qu\u2019elle a d\u00e9cid\u00e9 de mettre un terme \u00e0 leur relation. Selon ses d\u00e9clarations, le mis en cause n\u2019aurait jamais accept\u00e9 la rupture. Pire, il l\u2019aurait menac\u00e9e de mort \u00e0 plusieurs reprises si elle persistait dans sa d\u00e9cision. La situation aurait atteint son paroxysme lorsqu\u2019il aurait fait irruption dans sa chambre, arm\u00e9 d\u2019un couteau, pour l\u2019intimider.<\/p>\n<p style=\"text-align: justify;\">Sous la menace, la jeune femme affirme avoir \u00e9t\u00e9 contrainte de se d\u00e9v\u00eatir. Sidy Kourouma aurait alors activ\u00e9 la cam\u00e9ra de son t\u00e9l\u00e9phone portable pour filmer deux vid\u00e9os, dans des positions jug\u00e9es compromettantes. Comme si cela ne suffisait pas, il l\u2019aurait ensuite menac\u00e9e de diffuser ces images \u00e0 ses connaissances et sur des liens, tout en l\u2019accusant \u00e0 tort de prostitution.<\/p>\n<p style=\"text-align: justify;\">Entendu \u00e0 son tour, le mis en cause a d\u2019abord ni\u00e9 en bloc les faits qui lui sont reproch\u00e9s. Mais confront\u00e9 aux vid\u00e9os retrouv\u00e9es dans son propre t\u00e9l\u00e9phone portable, il a fini par craquer. Il a reconnu les faits, tentant de les justifier par la brutalit\u00e9 de la rupture d\u2019une relation qu\u2019il dit avoir dur\u00e9 longtemps.<\/p>\n<p style=\"text-align: justify;\">Sidy Kourouma a \u00e9t\u00e9 plac\u00e9 en garde \u00e0 vue pour menaces de mort, chantage sexuel et collecte illicite de donn\u00e9es \u00e0 caract\u00e8re personnel. Le parquet a \u00e9t\u00e9 saisi et une enqu\u00eate est en cours pour faire toute la lumi\u00e8re sur cette affaire aux relents de violence conjugale et de cybercriminalit\u00e9.<\/p>\n<p style=\"text-align: justify;\">Actusen.sn<\/p>\n<p>&#8211; Advertisement &#8211;<\/p>\n","protected":false},"excerpt":{"rendered":"&#8211; Advertisement &#8211; \u00c0 Grand-Yoff, un homme se disant footballeur a \u00e9t\u00e9 interpell\u00e9 par la police apr\u00e8s une&hellip;\n","protected":false},"author":2,"featured_media":22070,"comment_status":"","ping_status":"","sticky":false,"template":"","format":"standard","meta":{"footnotes":""},"categories":[48],"tags":[159],"class_list":{"0":"post-22069","1":"post","2":"type-post","3":"status-publish","4":"format-standard","5":"has-post-thumbnail","7":"category-senegal","8":"tag-senegal"},"share_on_mastodon":{"url":"","error":""},"_links":{"self":[{"href":"https:\/\/www.europesays.com\/africa\/wp-json\/wp\/v2\/posts\/22069","targetHints":{"allow":["GET"]}}],"collection":[{"href":"https:\/\/www.europesays.com\/africa\/wp-json\/wp\/v2\/posts"}],"about":[{"href":"https:\/\/www.europesays.com\/africa\/wp-json\/wp\/v2\/types\/post"}],"author":[{"embeddable":true,"href":"https:\/\/www.europesays.com\/africa\/wp-json\/wp\/v2\/users\/2"}],"replies":[{"embeddable":true,"href":"https:\/\/www.europesays.com\/africa\/wp-json\/wp\/v2\/comments?post=22069"}],"version-history":[{"count":0,"href":"https:\/\/www.europesays.com\/africa\/wp-json\/wp\/v2\/posts\/22069\/revisions"}],"wp:featuredmedia":[{"embeddable":true,"href":"https:\/\/www.europesays.com\/africa\/wp-json\/wp\/v2\/media\/22070"}],"wp:attachment":[{"href":"https:\/\/www.europesays.com\/africa\/wp-json\/wp\/v2\/media?parent=22069"}],"wp:term":[{"taxonomy":"category","embeddable":true,"href":"https:\/\/www.europesays.com\/africa\/wp-json\/wp\/v2\/categories?post=22069"},{"taxonomy":"post_tag","embeddable":true,"href":"https:\/\/www.europesays.com\/africa\/wp-json\/wp\/v2\/tags?post=22069"}],"curies":[{"name":"wp","href":"https:\/\/api.w.org\/{rel}","templated":true}]}}