{"id":22071,"date":"2026-01-14T04:01:19","date_gmt":"2026-01-14T04:01:19","guid":{"rendered":"https:\/\/www.europesays.com\/africa\/22071\/"},"modified":"2026-01-14T04:01:19","modified_gmt":"2026-01-14T04:01:19","slug":"gagner-la-can-seule-option-pour-walid-regragui","status":"publish","type":"post","link":"https:\/\/www.europesays.com\/africa\/22071\/","title":{"rendered":"gagner la CAN, seule option pour Walid Regragui"},"content":{"rendered":"<p>Maroc\u00a0&#8211; Nig\u00e9ria<\/p>\n<p>Les conf\u00e9rences de presse de\u00a0Walid Regragui, technicien marocain de 50\u00a0ans, sont un spectacle que personne ne veut manquer. Mardi, \u00e0 la veille de ce qui est peut-\u00eatre \u00ab\u00a0le match le plus important de l\u2019histoire du Maroc\u00a0\u00bb, comme il l\u2019a qualifi\u00e9 lui-m\u00eame, au moins deux cents journalistes se sont serr\u00e9s dans l\u2019immense salle jouxtant le stade Moulay Abdellah de Rabat, la capitale du royaume de l\u2019Atlas.<\/p>\n<p>Regragui, n\u00e9 \u00e0 Corbeil-Essonnes en France, y a r\u00e9pondu sans d\u00e9tour aux questions parfois incisives des journalistes locaux, jamais tendres \u00e0 son \u00e9gard. Il y a parl\u00e9 tactique, fait passer ses messages personnels\u00a0\u2013 comme cet hommage appuy\u00e9 \u00e0 Rolland Courbis, son entra\u00eeneur lorsqu\u2019il \u00e9voluait \u00e0 Ajaccio et d\u00e9c\u00e9d\u00e9 lundi \u2013, et s\u2019y est fait l\u2019ardent d\u00e9fenseur du football africain.<\/p>\n<p>Il manie l\u2019humour et la l\u00e9g\u00e8ret\u00e9 aussi alors m\u00eame qu\u2019il vit avec la pression de remporter un troph\u00e9e qui \u00e9chappe au Maroc depuis 1976, l\u2019ann\u00e9e de son dernier, et unique, sacre continental. \u00ab\u00a0J\u2019ai une bonne nouvelle, a-t-il par exemple lanc\u00e9 mardi. Azzedine Ounahi va jouer demain\u00a0! Non, je d\u00e9conne.\u00a0\u00bb Son milieu de terrain bless\u00e9 en phase de groupes est bel et bien forfait pour le reste de la comp\u00e9tition, mais Regragui n\u2019est pas m\u00e9content d\u2019avoir d\u00e9tendu l\u2019atmosph\u00e8re.<\/p>\n<p>Orateur hors pair, l\u2019ancien arri\u00e8re droit ne se d\u00e9brouille pas si mal non plus dans son domaine de pr\u00e9dilection, le terrain. Ses joueurs, dont le peuple marocain ne supporterait pas autre chose qu\u2019une victoire en finale, <a target=\"_self\" href=\"https:\/\/www.lanouvellerepublique.fr\/sports\/coupe-d-afrique-des-nations-diaz-et-hakimi-armes-fatales-d-un-maroc-au-jeu-balbutiant-1767894641\" rel=\"nofollow noopener\">y ont altern\u00e9 le bon et le moins bon<\/a> durant \u00ab\u00a0leur\u00a0\u00bb CAN.<\/p>\n<p>Sens tactique<\/p>\n<p>Regragui lui a fait \u00e9talage de son sens tactique face au Cameroun en quarts de finale o\u00f9 il a foment\u00e9 un plan prenant les Lions indomptables \u00e0 leur propre jeu pour mieux les museler (2-0). Il devra encore se creuser les m\u00e9ninges pour trouver une parade \u00e0 l\u2019armada offensive des Super Eagles nig\u00e9rians (14 buts en cinq matchs). Et rien ne lui sera pardonn\u00e9.<\/p>\n<p>Depuis l\u2019\u00e9chec du Maroc en 8es lors de la pr\u00e9c\u00e9dente CAN en C\u00f4te d&#8217;Ivoire et plus encore depuis le d\u00e9but de l\u2019\u00e9dition marocaine, Regragui, en poste depuis l\u2019\u00e9t\u00e9 2022, est celui qui concentre les critiques. Car depuis qu\u2019il a emmen\u00e9 le Maroc en demi-finale du Mondial 2022, une performance in\u00e9dite pour une nation africaine, et hiss\u00e9 les Lions au 11e rang du classement Fifa, faisant d\u2019eux la meilleure nation africaine, ses compatriotes journalistes ne lui passent plus rien.<\/p>\n<p>Ils lui reprochent un jeu trop restrictif, pas assez flamboyant. Ergotent sur chacun de ses choix tactiques. Pensent l\u2019herbe plus verte ailleurs. Souhaitent voir Tarik Sektioui, vainqueur de la Coupe arabe quelques semaines avant la CAN avec l\u2019\u00e9quipe marocaine A&#8217;, prendre du galon et donc sa place.<\/p>\n<p>Malice<\/p>\n<p>Devant leurs confr\u00e8res \u00e9trangers qui s\u2019\u00e9tonnent de leur manque de consid\u00e9ration pour celui qui empile succ\u00e8s, victoires et records en tout genre, Regragui se veut fataliste. \u00ab\u00a0Quand vous ne conc\u00e9dez que quatre d\u00e9faites en trois ans et demi, que vous amenez le Maroc en demi-finale de la Coupe du monde et en demi-finale de la Coupe d\u2019Afrique, normalement personne ne devrait rien dire\u00a0\u00bb, a-t-il expliqu\u00e9.<\/p>\n<p>\u00ab\u00a0Mais au Maroc, c\u2019est diff\u00e9rent. On gagne, mais il y a des critiques, c\u2019est comme \u00e7a, il faut accepter, travailler dur, se battre pour son pays. Esp\u00e9rer aussi que le prochain s\u00e9lectionneur fera mieux que moi\u00a0\u00bb, a-t-il ajout\u00e9 profond\u00e9ment sinc\u00e8re, non sans une pointe de malice.<\/p>\n<p>Regragui se bat sur tous les fronts\u00a0: en plus des critiques de l\u2019int\u00e9rieur, il doit aussi g\u00e9rer celles provenant des autres nations soup\u00e7onnant le Maroc de b\u00e9n\u00e9ficier d\u2019un arbitrage maison. \u00ab\u00a0Les pol\u00e9miques sur l\u2019arbitrage sont toujours dommageables\u00a0\u00bb, se lance-t-il en d\u00e9pla\u00e7ant le d\u00e9bat\u00a0: \u00ab\u00a0La seule chose que nous ma\u00eetrisons, c\u2019est de bien jouer au football, de parler sur le terrain en gagnant nos matchs\u00a0\u00bb.<\/p>\n<p>Ce mercredi 14\u00a0janvier 2026 \u00e0 21\u00a0h sur beIN Sports 1.<\/p>\n","protected":false},"excerpt":{"rendered":"Maroc\u00a0&#8211; Nig\u00e9ria Les conf\u00e9rences de presse de\u00a0Walid Regragui, technicien marocain de 50\u00a0ans, sont un spectacle que personne ne&hellip;\n","protected":false},"author":2,"featured_media":22072,"comment_status":"","ping_status":"","sticky":false,"template":"","format":"standard","meta":{"footnotes":""},"categories":[41],"tags":[311,658,158,1361,264],"class_list":{"0":"post-22071","1":"post","2":"type-post","3":"status-publish","4":"format-standard","5":"has-post-thumbnail","7":"category-maroc","8":"tag-football","9":"tag-france","10":"tag-maroc","11":"tag-monde","12":"tag-sports"},"share_on_mastodon":{"url":"","error":""},"_links":{"self":[{"href":"https:\/\/www.europesays.com\/africa\/wp-json\/wp\/v2\/posts\/22071","targetHints":{"allow":["GET"]}}],"collection":[{"href":"https:\/\/www.europesays.com\/africa\/wp-json\/wp\/v2\/posts"}],"about":[{"href":"https:\/\/www.europesays.com\/africa\/wp-json\/wp\/v2\/types\/post"}],"author":[{"embeddable":true,"href":"https:\/\/www.europesays.com\/africa\/wp-json\/wp\/v2\/users\/2"}],"replies":[{"embeddable":true,"href":"https:\/\/www.europesays.com\/africa\/wp-json\/wp\/v2\/comments?post=22071"}],"version-history":[{"count":0,"href":"https:\/\/www.europesays.com\/africa\/wp-json\/wp\/v2\/posts\/22071\/revisions"}],"wp:featuredmedia":[{"embeddable":true,"href":"https:\/\/www.europesays.com\/africa\/wp-json\/wp\/v2\/media\/22072"}],"wp:attachment":[{"href":"https:\/\/www.europesays.com\/africa\/wp-json\/wp\/v2\/media?parent=22071"}],"wp:term":[{"taxonomy":"category","embeddable":true,"href":"https:\/\/www.europesays.com\/africa\/wp-json\/wp\/v2\/categories?post=22071"},{"taxonomy":"post_tag","embeddable":true,"href":"https:\/\/www.europesays.com\/africa\/wp-json\/wp\/v2\/tags?post=22071"}],"curies":[{"name":"wp","href":"https:\/\/api.w.org\/{rel}","templated":true}]}}