{"id":22099,"date":"2026-01-14T04:25:06","date_gmt":"2026-01-14T04:25:06","guid":{"rendered":"https:\/\/www.europesays.com\/africa\/22099\/"},"modified":"2026-01-14T04:25:06","modified_gmt":"2026-01-14T04:25:06","slug":"le-voyage-de-clermont-en-afrique-du-sud-tourne-au-fiasco","status":"publish","type":"post","link":"https:\/\/www.europesays.com\/africa\/22099\/","title":{"rendered":"Le voyage de Clermont en Afrique du Sud tourne au fiasco !"},"content":{"rendered":"<p data-start=\"536\" data-end=\"882\">Clermont n\u2019a pas encore mis un pied en Afrique du Sud que le d\u00e9placement a d\u00e9j\u00e0 pris du retard.<\/p>\n<p data-start=\"536\" data-end=\"882\">L\u2019ASM doit affronter les Sharks de Durban samedi (14h) dans le cadre de la 4\u1d49 journ\u00e9e de Champions Cup. Pour y arriver, les Auvergnats avaient pr\u00e9vu un long p\u00e9riple avec plusieurs correspondances\u2026 mais le voyage a tourn\u00e9 court d\u00e8s la premi\u00e8re soir\u00e9e.<\/p>\n<p data-start=\"884\" data-end=\"1241\">Partie lundi depuis Lyon, la d\u00e9l\u00e9gation clermontoise avait rejoint Francfort comme pr\u00e9vu. La suite du trajet devait les conduire jusqu\u2019\u00e0 Johannesburg. Sauf que le vol a \u00e9t\u00e9 annul\u00e9 au dernier moment, obligeant les 43 membres du groupe \u00e0 passer la nuit en Allemagne et \u00e0 trouver un h\u00f4tel en urgence, ainsi qu\u2019un nouvel avion capable d\u2019embarquer tout le monde.<\/p>\n<p data-start=\"1243\" data-end=\"1429\">\u00ab J\u2019ai eu les \u00e9quipes hier soir et encore ce matin. L\u2019ambiance est tr\u00e8s bonne, cela a \u00e9t\u00e9 pris dans la bonne humeur \u00bb, confie le directeur g\u00e9n\u00e9ral Beno\u00eet Vaz via <a href=\"https:\/\/www.lamontagne.fr\/clermont-ferrand-63000\/sports\/vol-annule-nuit-en-allemagne-voyage-contrarie-pour-les-joueurs-de-l-asm-clermont-vers-l-afrique-du-sud_14812199\/\" rel=\"nofollow noopener\" target=\"_blank\">La Montagne<\/a>.<\/p>\n<p data-start=\"1431\" data-end=\"1467\">Un nouveau d\u00e9part mardi midi<\/p>\n<p data-start=\"1469\" data-end=\"1692\">Un nouvel appareil a finalement \u00e9t\u00e9 trouv\u00e9 ce mardi en fin de matin\u00e9e. L\u2019\u00e9quipe est attendue en Afrique du Sud dans la nuit, avant de devoir encore effectuer un dernier vol interne pour rejoindre Durban depuis Johannesburg.<\/p>\n<p data-start=\"1694\" data-end=\"1948\">Ce contretemps obligera le staff \u00e0 revoir l\u2019organisation pr\u00e9vue \u00e0 l\u2019arriv\u00e9e. \u00ab Cela va forc\u00e9ment changer un peu le programme sur place, mais on avait quand m\u00eame pris suffisamment de marge entre notre arriv\u00e9e et le jour du match \u00bb, pr\u00e9cise le dirigeant.<\/p>\n<p data-start=\"1950\" data-end=\"1986\">Un pr\u00e9c\u00e9dent pas si lointain<\/p>\n<p data-start=\"1988\" data-end=\"2385\">L\u2019ASM est d\u00e9j\u00e0 \u00e9limin\u00e9e de la Champions Cup mais souhaite soigner sa sortie. Et ce retard n\u2019est pas le premier v\u00e9cu par le club lors d\u2019un d\u00e9placement.<\/p>\n<p data-start=\"1988\" data-end=\"2385\">Il y a un peu plus d\u2019un an, l\u2019avion des Clermontois n\u2019avait pas pu se poser \u00e0 Vannes \u00e0 cause du mauvais temps et avait d\u00fb atterrir \u00e0 Caen. Les joueurs avaient alors termin\u00e9 le trajet en bus\u2026 et s\u2019\u00e9taient malgr\u00e9 tout impos\u00e9s au stade de la Rabine.<\/p>\n","protected":false},"excerpt":{"rendered":"Clermont n\u2019a pas encore mis un pied en Afrique du Sud que le d\u00e9placement a d\u00e9j\u00e0 pris du&hellip;\n","protected":false},"author":2,"featured_media":16412,"comment_status":"","ping_status":"","sticky":false,"template":"","format":"standard","meta":{"footnotes":""},"categories":[62],"tags":[64],"class_list":{"0":"post-22099","1":"post","2":"type-post","3":"status-publish","4":"format-standard","5":"has-post-thumbnail","7":"category-afrique","8":"tag-afrique"},"share_on_mastodon":{"url":"","error":""},"_links":{"self":[{"href":"https:\/\/www.europesays.com\/africa\/wp-json\/wp\/v2\/posts\/22099","targetHints":{"allow":["GET"]}}],"collection":[{"href":"https:\/\/www.europesays.com\/africa\/wp-json\/wp\/v2\/posts"}],"about":[{"href":"https:\/\/www.europesays.com\/africa\/wp-json\/wp\/v2\/types\/post"}],"author":[{"embeddable":true,"href":"https:\/\/www.europesays.com\/africa\/wp-json\/wp\/v2\/users\/2"}],"replies":[{"embeddable":true,"href":"https:\/\/www.europesays.com\/africa\/wp-json\/wp\/v2\/comments?post=22099"}],"version-history":[{"count":0,"href":"https:\/\/www.europesays.com\/africa\/wp-json\/wp\/v2\/posts\/22099\/revisions"}],"wp:featuredmedia":[{"embeddable":true,"href":"https:\/\/www.europesays.com\/africa\/wp-json\/wp\/v2\/media\/16412"}],"wp:attachment":[{"href":"https:\/\/www.europesays.com\/africa\/wp-json\/wp\/v2\/media?parent=22099"}],"wp:term":[{"taxonomy":"category","embeddable":true,"href":"https:\/\/www.europesays.com\/africa\/wp-json\/wp\/v2\/categories?post=22099"},{"taxonomy":"post_tag","embeddable":true,"href":"https:\/\/www.europesays.com\/africa\/wp-json\/wp\/v2\/tags?post=22099"}],"curies":[{"name":"wp","href":"https:\/\/api.w.org\/{rel}","templated":true}]}}