{"id":2210,"date":"2026-01-04T07:19:09","date_gmt":"2026-01-04T07:19:09","guid":{"rendered":"https:\/\/www.europesays.com\/africa\/2210\/"},"modified":"2026-01-04T07:19:09","modified_gmt":"2026-01-04T07:19:09","slug":"afrique-du-sud-cameroun-en-direct-a-quelle-heure-et-sur-quelle-chaine-voir-le-match-de-la-can","status":"publish","type":"post","link":"https:\/\/www.europesays.com\/africa\/2210\/","title":{"rendered":"Afrique du Sud &#8211; Cameroun en direct : \u00e0 quelle heure et sur quelle cha\u00eene voir le match de la CAN ?"},"content":{"rendered":"<p class=\"\">L\u2019Afrique du Sud aborde ce rendez-vous port\u00e9e par une phase de groupes s\u00e9rieuse, marqu\u00e9e par une organisation d\u00e9fensive rigoureuse et une capacit\u00e9 \u00e0 faire d\u00e9jouer des adversaires plus attendus. Les Bafana Bafana s\u2019appuient sur un collectif disciplin\u00e9 et une gestion prudente des temps faibles, quitte \u00e0 accepter des temps sans ballon. En face, le Cameroun avance avec son statut habituel de pr\u00e9tendant cr\u00e9dible. Les Lions indomptables ont connu un premier tour plus heurt\u00e9, alternant s\u00e9quences ma\u00eetris\u00e9es et passages plus fragiles, mais leur exp\u00e9rience des matchs \u00e0 \u00e9limination directe reste un atout majeur. Dans ce type de confrontation, le r\u00e9alisme et la gestion \u00e9motionnelle pourraient peser davantage que la possession ou le volume de jeu.<\/p>\n","protected":false},"excerpt":{"rendered":"L\u2019Afrique du Sud aborde ce rendez-vous port\u00e9e par une phase de groupes s\u00e9rieuse, marqu\u00e9e par une organisation d\u00e9fensive&hellip;\n","protected":false},"author":2,"featured_media":2211,"comment_status":"","ping_status":"","sticky":false,"template":"","format":"standard","meta":{"footnotes":""},"categories":[62],"tags":[64,2162,2163],"class_list":{"0":"post-2210","1":"post","2":"type-post","3":"status-publish","4":"format-standard","5":"has-post-thumbnail","7":"category-afrique","8":"tag-afrique","9":"tag-guide-shopping","10":"tag-tv-streaming"},"share_on_mastodon":{"url":"","error":""},"_links":{"self":[{"href":"https:\/\/www.europesays.com\/africa\/wp-json\/wp\/v2\/posts\/2210","targetHints":{"allow":["GET"]}}],"collection":[{"href":"https:\/\/www.europesays.com\/africa\/wp-json\/wp\/v2\/posts"}],"about":[{"href":"https:\/\/www.europesays.com\/africa\/wp-json\/wp\/v2\/types\/post"}],"author":[{"embeddable":true,"href":"https:\/\/www.europesays.com\/africa\/wp-json\/wp\/v2\/users\/2"}],"replies":[{"embeddable":true,"href":"https:\/\/www.europesays.com\/africa\/wp-json\/wp\/v2\/comments?post=2210"}],"version-history":[{"count":0,"href":"https:\/\/www.europesays.com\/africa\/wp-json\/wp\/v2\/posts\/2210\/revisions"}],"wp:featuredmedia":[{"embeddable":true,"href":"https:\/\/www.europesays.com\/africa\/wp-json\/wp\/v2\/media\/2211"}],"wp:attachment":[{"href":"https:\/\/www.europesays.com\/africa\/wp-json\/wp\/v2\/media?parent=2210"}],"wp:term":[{"taxonomy":"category","embeddable":true,"href":"https:\/\/www.europesays.com\/africa\/wp-json\/wp\/v2\/categories?post=2210"},{"taxonomy":"post_tag","embeddable":true,"href":"https:\/\/www.europesays.com\/africa\/wp-json\/wp\/v2\/tags?post=2210"}],"curies":[{"name":"wp","href":"https:\/\/api.w.org\/{rel}","templated":true}]}}