{"id":22102,"date":"2026-01-14T04:27:06","date_gmt":"2026-01-14T04:27:06","guid":{"rendered":"https:\/\/www.europesays.com\/africa\/22102\/"},"modified":"2026-01-14T04:27:06","modified_gmt":"2026-01-14T04:27:06","slug":"christophe-gleizes-est-otage-non-de-la-relation-entre-la-france-et-lalgerie-mais-denjeux-politiques-internes-au-regime","status":"publish","type":"post","link":"https:\/\/www.europesays.com\/africa\/22102\/","title":{"rendered":"\u00ab\u00a0Christophe Gleizes est otage, non de la relation entre la France et l\u2019Alg\u00e9rie, mais d\u2019enjeux politiques internes au r\u00e9gime \u00bb"},"content":{"rendered":"\n<p class=\"article__paragraph  \">L\u2019ann\u00e9e 2025\u00a0a vu la <a href=\"https:\/\/www.lemonde.fr\/international\/article\/2025\/11\/12\/boualem-sansal-gracie-par-le-president-algerien_6653143_3210.html\" rel=\"nofollow noopener\" target=\"_blank\">lib\u00e9ration de l\u2019\u00e9crivain Boualem Sansal<\/a>. L\u2019ann\u00e9e 2026\u00a0verra probablement celle du <a href=\"https:\/\/www.lemonde.fr\/afrique\/article\/2025\/12\/15\/christophe-gleizes-journaliste-francais-emprisonne-en-algerie-depose-un-pourvoi-en-cassation-sa-mere-adresse-une-demande-de-grace-au-president-algerien_6657340_3213.html\" rel=\"nofollow noopener\" target=\"_blank\">journaliste Christophe Gleizes<\/a>. Mais pas aussi simplement qu\u2019a pu le laisser croire la lib\u00e9ration du premier, per\u00e7ue h\u00e2tivement comme le pr\u00e9sage d\u2019une am\u00e9lioration de la relation franco-alg\u00e9rienne, devant profiter \u00e0 la lib\u00e9ration du second. Au contraire, cet \u00e9pisode a\u00a0compliqu\u00e9 les perspectives du r\u00e9gime alg\u00e9rien, tant il a r\u00e9v\u00e9l\u00e9 et raviv\u00e9 de contradictions et d\u2019impasses dans sa strat\u00e9gie.<\/p>\n<p class=\"article__paragraph  \">Fragilis\u00e9 et pr\u00e9occup\u00e9 exclusivement par ses imp\u00e9ratifs de survie internes, le r\u00e9gime alg\u00e9rien n\u2019a pas de marge pour des accommodements avec les r\u00e9alit\u00e9s g\u00e9opolitiques. Ces derni\u00e8res finissent pourtant toujours par s\u2019inviter, et le mettent face \u00e0 une double impasse.<\/p>\n<p class=\"article__paragraph  \">D\u00e8s lors, deux choix s\u2019offrent \u00e0 lui\u00a0: continuer sa fuite en avant dans la recherche de conflictualit\u00e9s et d\u2019\u00ab\u00a0ennemis\u00a0\u00bb contre lesquels il esp\u00e8re rassembler autour de lui, au risque d\u2019accro\u00eetre son isolement, qui, \u00e0 un certain seuil, au-del\u00e0 des d\u00e9g\u00e2ts inflig\u00e9s au pays, pourrait lui \u00eatre fatal. Ou tenir compte des r\u00e9alit\u00e9s g\u00e9opolitiques pour, \u00e0 d\u00e9faut de les mettre \u00e0 profit, \u00e9viter d\u2019\u00eatre broy\u00e9 par elles, au risque, ainsi priv\u00e9 de l\u2019alibi d\u2019une \u00ab\u00a0menace ext\u00e9rieure\u00a0\u00bb largement fabriqu\u00e9e, de se retrouver confront\u00e9 \u00e0 la fragilit\u00e9 interne de ses assises et \u00e0 la d\u00e9fiance bien ancr\u00e9e de la population.<\/p>\n<p class=\"article__paragraph  \">La lib\u00e9ration de Boualem Sansal a plac\u00e9 le pouvoir alg\u00e9rien devant ce dilemme, qui accro\u00eet en son sein tensions et h\u00e9sitations autour des modalit\u00e9s de celle de Christophe Gleizes. Le r\u00e9gime, en effet, n\u2019avait pas mesur\u00e9 les cons\u00e9quences de ces arrestations. A travers ces deux personnes, il s\u2019est attaqu\u00e9 \u00e0 deux secteurs embl\u00e9matiques et consensuels \u2013 la litt\u00e9rature et le football \u2013 aux\u00a0r\u00e9sonances soci\u00e9tales et politiques fortes, et rencontrant un \u00e9cho \u00e0 l\u2019\u00e9chelle internationale. Cela dit \u00e0 la fois son aveuglement parano\u00efaque et la perte d\u2019expertise suscit\u00e9e par le vide fait autour de lui.<\/p>\n<p class=\"reading-mode-only \">Il vous reste 67.33% de cet article \u00e0 lire. La suite est r\u00e9serv\u00e9e aux abonn\u00e9s.<\/p>\n","protected":false},"excerpt":{"rendered":"L\u2019ann\u00e9e 2025\u00a0a vu la lib\u00e9ration de l\u2019\u00e9crivain Boualem Sansal. L\u2019ann\u00e9e 2026\u00a0verra probablement celle du journaliste Christophe Gleizes. Mais&hellip;\n","protected":false},"author":2,"featured_media":22103,"comment_status":"","ping_status":"","sticky":false,"template":"","format":"standard","meta":{"footnotes":""},"categories":[254],"tags":[255],"class_list":{"0":"post-22102","1":"post","2":"type-post","3":"status-publish","4":"format-standard","5":"has-post-thumbnail","7":"category-algerie","8":"tag-algerie"},"share_on_mastodon":{"url":"","error":""},"_links":{"self":[{"href":"https:\/\/www.europesays.com\/africa\/wp-json\/wp\/v2\/posts\/22102","targetHints":{"allow":["GET"]}}],"collection":[{"href":"https:\/\/www.europesays.com\/africa\/wp-json\/wp\/v2\/posts"}],"about":[{"href":"https:\/\/www.europesays.com\/africa\/wp-json\/wp\/v2\/types\/post"}],"author":[{"embeddable":true,"href":"https:\/\/www.europesays.com\/africa\/wp-json\/wp\/v2\/users\/2"}],"replies":[{"embeddable":true,"href":"https:\/\/www.europesays.com\/africa\/wp-json\/wp\/v2\/comments?post=22102"}],"version-history":[{"count":0,"href":"https:\/\/www.europesays.com\/africa\/wp-json\/wp\/v2\/posts\/22102\/revisions"}],"wp:featuredmedia":[{"embeddable":true,"href":"https:\/\/www.europesays.com\/africa\/wp-json\/wp\/v2\/media\/22103"}],"wp:attachment":[{"href":"https:\/\/www.europesays.com\/africa\/wp-json\/wp\/v2\/media?parent=22102"}],"wp:term":[{"taxonomy":"category","embeddable":true,"href":"https:\/\/www.europesays.com\/africa\/wp-json\/wp\/v2\/categories?post=22102"},{"taxonomy":"post_tag","embeddable":true,"href":"https:\/\/www.europesays.com\/africa\/wp-json\/wp\/v2\/tags?post=22102"}],"curies":[{"name":"wp","href":"https:\/\/api.w.org\/{rel}","templated":true}]}}