{"id":22124,"date":"2026-01-14T04:42:25","date_gmt":"2026-01-14T04:42:25","guid":{"rendered":"https:\/\/www.europesays.com\/africa\/22124\/"},"modified":"2026-01-14T04:42:25","modified_gmt":"2026-01-14T04:42:25","slug":"egypte-hossam-hassan-refute-un-ascendant-psychologique-du-senegal-sports","status":"publish","type":"post","link":"https:\/\/www.europesays.com\/africa\/22124\/","title":{"rendered":"\u00c9gypte : Hossam Hassan r\u00e9fute un ascendant psychologique du S\u00e9n\u00e9gal : Sports"},"content":{"rendered":"<p class=\"date\">\n                                                            Patrick Juillard, Media365, publi\u00e9 le mardi 13 janvier 2026 \u00e0 14h35\n                                                    <\/p>\n<p>Le s\u00e9lectionneur de l&#8217;\u00c9gypte, Hossam Hassan, a balay\u00e9 le suppos\u00e9 ascendant psychologique dont jouirait le S\u00e9n\u00e9gal sur son \u00e9quipe, avant la demi-finale de la CAN 2025, mercredi \u00e0 Tanger.<\/p>\n<p>La pression, le poids de l&#8217;histoire et des statistiques ? Il en faut visiblement bien davantage pour impressionner Hossam Hassan. \u00c0 la veille d&#8217;une demi-finale en forme de belle face au S\u00e9n\u00e9gal, mercredi \u00e0 Tanger (18h00), le s\u00e9lectionneur de l&#8217;\u00c9gypte a choisi de balayer d&#8217;un revers de main le suppos\u00e9 ascendant psychologique dont disposeraient les Lions de la Teranga apr\u00e8s les succ\u00e8s de 2022, en finale de la CAN au Cameroun, puis en barrages de qualification pour la Coupe du monde au Qatar.<\/p>\n<p>\u00ab La mal\u00e9diction n&#8217;existe pas pour nous, elle concerne plut\u00f4t ceux qui n&#8217;ont jamais gagn\u00e9 sept CAN, a lanc\u00e9 le technicien de 59 ans, trois fois champion d&#8217;Afrique en tant que joueur. C&#8217;est la plus grande r\u00e9ponse. L&#8217;\u00c9gypte a remport\u00e9 la Coupe d&#8217;Afrique des Nations \u00e0 sept reprises. Le fait qu&#8217;un adversaire vous batte une fois ne signifie pas qu&#8217;il y ait une mal\u00e9diction. Au contraire, l&#8217;\u00e9quipe \u00e9gyptienne a longtemps \u00e9t\u00e9 un obstacle pour de nombreux rivaux. \u00bb <\/p>\n<p>Trezeguet : \u00ab Nous jouons pour le titre \u00bb<\/p>\n<p>Fort de la mont\u00e9e en puissance de ses hommes, Hossam Hassan n&#8217;a pas cach\u00e9 sa confiance alors que se profile face aux Pharaons la deuxi\u00e8me \u00e9quipe africaine la mieux class\u00e9e (19e au ranking mondial FIFA). \u00ab Nous abordons cette cette demi-finale avec beaucoup de respect pour l&#8217;adversaire, mais \u00e9galement avec une grande pr\u00e9paration. Nous sommes pr\u00eats mentalement. Nous connaissons l&#8217;\u00e9quipe que nous affrontons et nous connaissons \u00e9galement nos forces. Chaque \u00e9quipe a sa mani\u00e8re de jouer, sa strat\u00e9gie, et nous nous sommes pr\u00e9par\u00e9s en cons\u00e9quence \u00bb, a poursuivi la l\u00e9gende nationale, pas du genre \u00e0 faire dans la fausse modestie.<\/p>\n<p>M\u00eame tonalit\u00e9 chez l&#8217;ailier gauche Mahmoud Hassan, dit Trezeguet, pr\u00e9sent \u00e0 ses c\u00f4t\u00e9s face aux journalistes. \u00ab Le S\u00e9n\u00e9gal est une grande \u00e9quipe, avec des joueurs de qualit\u00e9, mais nous sommes l&#8217;\u00c9gypte et nous jouons pour remporter le titre, a d\u00e9clar\u00e9 le joueur d&#8217;Al-Ahly. J&#8217;ai d\u00e9j\u00e0 disput\u00e9 une finale de la CAN que nous avons perdue aux tirs au but, mais aujourd&#8217;hui, nous sommes pr\u00e9par\u00e9s. Nous avons de grands joueurs, des hommes capables de faire la diff\u00e9rence. Le coach Hossam Hassan nous donne une confiance \u00e9norme. Notre objectif reste de gagner et rendre nos supporters heureux. \u00bb<\/p>\n<p>(De notre envoy\u00e9 sp\u00e9cial au Maroc)<\/p>\n","protected":false},"excerpt":{"rendered":"Patrick Juillard, Media365, publi\u00e9 le mardi 13 janvier 2026 \u00e0 14h35 Le s\u00e9lectionneur de l&#8217;\u00c9gypte, Hossam Hassan, a&hellip;\n","protected":false},"author":2,"featured_media":22125,"comment_status":"","ping_status":"","sticky":false,"template":"","format":"standard","meta":{"footnotes":""},"categories":[48],"tags":[159],"class_list":{"0":"post-22124","1":"post","2":"type-post","3":"status-publish","4":"format-standard","5":"has-post-thumbnail","7":"category-senegal","8":"tag-senegal"},"share_on_mastodon":{"url":"","error":""},"_links":{"self":[{"href":"https:\/\/www.europesays.com\/africa\/wp-json\/wp\/v2\/posts\/22124","targetHints":{"allow":["GET"]}}],"collection":[{"href":"https:\/\/www.europesays.com\/africa\/wp-json\/wp\/v2\/posts"}],"about":[{"href":"https:\/\/www.europesays.com\/africa\/wp-json\/wp\/v2\/types\/post"}],"author":[{"embeddable":true,"href":"https:\/\/www.europesays.com\/africa\/wp-json\/wp\/v2\/users\/2"}],"replies":[{"embeddable":true,"href":"https:\/\/www.europesays.com\/africa\/wp-json\/wp\/v2\/comments?post=22124"}],"version-history":[{"count":0,"href":"https:\/\/www.europesays.com\/africa\/wp-json\/wp\/v2\/posts\/22124\/revisions"}],"wp:featuredmedia":[{"embeddable":true,"href":"https:\/\/www.europesays.com\/africa\/wp-json\/wp\/v2\/media\/22125"}],"wp:attachment":[{"href":"https:\/\/www.europesays.com\/africa\/wp-json\/wp\/v2\/media?parent=22124"}],"wp:term":[{"taxonomy":"category","embeddable":true,"href":"https:\/\/www.europesays.com\/africa\/wp-json\/wp\/v2\/categories?post=22124"},{"taxonomy":"post_tag","embeddable":true,"href":"https:\/\/www.europesays.com\/africa\/wp-json\/wp\/v2\/tags?post=22124"}],"curies":[{"name":"wp","href":"https:\/\/api.w.org\/{rel}","templated":true}]}}