{"id":22126,"date":"2026-01-14T04:43:13","date_gmt":"2026-01-14T04:43:13","guid":{"rendered":"https:\/\/www.europesays.com\/africa\/22126\/"},"modified":"2026-01-14T04:43:13","modified_gmt":"2026-01-14T04:43:13","slug":"les-coulisses-du-retrait-daziz-akhannouch-de-la-tete-du-rni","status":"publish","type":"post","link":"https:\/\/www.europesays.com\/africa\/22126\/","title":{"rendered":"Les coulisses du retrait d\u2019Aziz Akhannouch de la t\u00eate du RNI"},"content":{"rendered":"<p class=\"default__StyledText-sc-10mj2vp-0 CxBBS body-paragraph\">Un climat de surprise et de tension a marqu\u00e9 la r\u00e9union du bureau politique du Rassemblement national des ind\u00e9pendants (RNI) tenue dimanche dernier. Selon une source dirigeante proche d\u2019Aziz Akhannouch, qui a accept\u00e9 de livrer \u00e0 Al Ahdath Al Maghribia, dans son \u00e9dition du mercredi 14 janvier, les dessous de cette rencontre \u00e0 huis clos, rien ne laissait pr\u00e9sager l\u2019annonce qui allait bouleverser l\u2019\u00e9quilibre interne du parti. Initialement, la r\u00e9union devait se limiter \u00e0 des aspects purement organisationnels, soit fixer la date et le lieu du congr\u00e8s extraordinaire, d\u00e9signer une commission pr\u00e9paratoire et acter la prolongation du mandat des structures du parti au-del\u00e0 des deux prochaines \u00e9ch\u00e9ances \u00e9lectorales.<\/p>\n<p class=\"default__StyledText-sc-10mj2vp-0 CxBBS body-paragraph\">C\u2019est dans ce cadre balis\u00e9 que le pr\u00e9sident du parti a pris tout le monde de court. Aziz Akhannouch a demand\u00e9, \u00e0 la surprise g\u00e9n\u00e9rale, l\u2019inscription \u00e0 l\u2019ordre du jour d\u2019un point in\u00e9dit: l\u2019\u00e9lection d\u2019un nouveau pr\u00e9sident du RNI. Une proposition que personne n\u2019avait anticip\u00e9e. D\u2019apr\u00e8s Al Ahdath Al Maghribia, le choc a \u00e9t\u00e9 imm\u00e9diat autour de la table. La demande a \u00e9t\u00e9 accueillie par un refus collectif des membres du bureau politique, certains estimant que le moment n\u2019\u00e9tait ni opportun ni souhaitable.<\/p>\n<p class=\"default__StyledText-sc-10mj2vp-0 CxBBS body-paragraph\">Mais Aziz Akhannouch est rest\u00e9 inflexible. Il a insist\u00e9 pour que le point soit maintenu, avan\u00e7ant un argument juridique d\u00e9cisif. \u00c0 ses yeux, une prolongation qui inclurait le pr\u00e9sident du parti constituerait une entorse aux statuts du RNI, lesquels limitent la pr\u00e9sidence \u00e0 deux mandats non renouvelables. Pour Akhannouch, toute autre lecture rel\u00e8verait d\u2019un contournement des r\u00e8gles internes.<\/p>\n<p class=\"default__StyledText-sc-10mj2vp-0 CxBBS body-paragraph\">La r\u00e9union, qui s\u2019est \u00e9tir\u00e9e sur pr\u00e8s de quatre heures, a alors bascul\u00e9 dans un d\u00e9bat tendu, parfois \u00e9lectrique, relate Al Ahdath Al Maghribia. Certains membres du bureau politique sont all\u00e9s jusqu\u2019\u00e0 brandir la menace d\u2019une d\u00e9mission pure et simple du parti si Akhannouch persistait dans sa volont\u00e9 de se retirer de la direction. Les \u00e9changes ont \u00e9t\u00e9 francs, parfois durs, r\u00e9v\u00e9lant l\u2019ampleur de l\u2019attachement d\u2019une partie de la direction \u00e0 la figure de son pr\u00e9sident.<\/p>\n<p class=\"default__StyledText-sc-10mj2vp-0 CxBBS body-paragraph\">Ce n\u2019est qu\u2019apr\u00e8s de longues discussions que le ton est redescendu et qu\u2019un consensus minimal s\u2019est dessin\u00e9. La direction du parti a commenc\u00e9 \u00e0 esquisser les contours de l\u2019apr\u00e8s-Akhannouch, tout en actant que ce dernier conservera, dans la phase \u00e0 venir, son statut de membre du bureau politique en sa qualit\u00e9 de chef du gouvernement. Pour la source, une r\u00e9alit\u00e9 s\u2019impose d\u00e9sormais. La page d\u2019Aziz Akhannouch \u00e0 la t\u00eate du RNI est tourn\u00e9e. Le congr\u00e8s extraordinaire pr\u00e9vu le 7 f\u00e9vrier prochain devra consacrer l\u2019\u00e9mergence d\u2019un nouveau leadership. Une d\u00e9cision pr\u00e9sent\u00e9e comme s\u00e9rieuse, r\u00e9fl\u00e9chie et d\u00e9nu\u00e9e de toute man\u0153uvre politique.<\/p>\n<p class=\"default__StyledText-sc-10mj2vp-0 CxBBS body-paragraph\">Sur l\u2019hypoth\u00e8se d\u2019une absence de candidats \u00e0 la succession, la source d\u2019Al Ahdath Al Maghribia se veut cat\u00e9gorique. Des pr\u00e9tendants existent bel et bien, m\u00eame si leurs noms n\u2019ont pas encore \u00e9t\u00e9 rendus publics. \u00c0 l\u2019issue de cette s\u00e9quence \u00e9prouvante, le bureau politique a officiellement act\u00e9 son ralliement \u00e0 la nouvelle phase, tout en r\u00e9affirmant son soutien total au gouvernement dirig\u00e9 par Aziz Akhannouch. Sur le plan organisationnel, un communiqu\u00e9 publi\u00e9 dimanche pr\u00e9cise que, sur initiative du pr\u00e9sident, il a \u00e9t\u00e9 d\u00e9cid\u00e9 de tenir le congr\u00e8s extraordinaire au centre des expositions de la ville d\u2019El Jadida, le 7 f\u00e9vrier 2026 \u00e0 partir de seize heures. Le bureau politique a \u00e9galement valid\u00e9 la composition de la commission pr\u00e9paratoire charg\u00e9e de piloter cet \u00e9ch\u00e9ancier d\u00e9cisif, et annonc\u00e9 l\u2019ouverture officielle des candidatures \u00e0 la pr\u00e9sidence du parti au si\u00e8ge central de Rabat, du 12 au 28 janvier 2026 \u00e0 midi et demi. En coulisses, cette r\u00e9union restera comme l\u2019un des moments les plus d\u00e9licats de l\u2019histoire r\u00e9cente du RNI, r\u00e9v\u00e9lant les lignes de fracture qu\u2019ouvre in\u00e9vitablement la fin d\u2019un cycle politique incarn\u00e9 par Aziz Akhannouch.<\/p>\n","protected":false},"excerpt":{"rendered":"Un climat de surprise et de tension a marqu\u00e9 la r\u00e9union du bureau politique du Rassemblement national des&hellip;\n","protected":false},"author":2,"featured_media":22127,"comment_status":"","ping_status":"","sticky":false,"template":"","format":"standard","meta":{"footnotes":""},"categories":[41],"tags":[13719,158,13720,3198],"class_list":{"0":"post-22126","1":"post","2":"type-post","3":"status-publish","4":"format-standard","5":"has-post-thumbnail","7":"category-maroc","8":"tag-akhannouch","9":"tag-maroc","10":"tag-partis-politique","11":"tag-rni"},"share_on_mastodon":{"url":"","error":""},"_links":{"self":[{"href":"https:\/\/www.europesays.com\/africa\/wp-json\/wp\/v2\/posts\/22126","targetHints":{"allow":["GET"]}}],"collection":[{"href":"https:\/\/www.europesays.com\/africa\/wp-json\/wp\/v2\/posts"}],"about":[{"href":"https:\/\/www.europesays.com\/africa\/wp-json\/wp\/v2\/types\/post"}],"author":[{"embeddable":true,"href":"https:\/\/www.europesays.com\/africa\/wp-json\/wp\/v2\/users\/2"}],"replies":[{"embeddable":true,"href":"https:\/\/www.europesays.com\/africa\/wp-json\/wp\/v2\/comments?post=22126"}],"version-history":[{"count":0,"href":"https:\/\/www.europesays.com\/africa\/wp-json\/wp\/v2\/posts\/22126\/revisions"}],"wp:featuredmedia":[{"embeddable":true,"href":"https:\/\/www.europesays.com\/africa\/wp-json\/wp\/v2\/media\/22127"}],"wp:attachment":[{"href":"https:\/\/www.europesays.com\/africa\/wp-json\/wp\/v2\/media?parent=22126"}],"wp:term":[{"taxonomy":"category","embeddable":true,"href":"https:\/\/www.europesays.com\/africa\/wp-json\/wp\/v2\/categories?post=22126"},{"taxonomy":"post_tag","embeddable":true,"href":"https:\/\/www.europesays.com\/africa\/wp-json\/wp\/v2\/tags?post=22126"}],"curies":[{"name":"wp","href":"https:\/\/api.w.org\/{rel}","templated":true}]}}