{"id":22162,"date":"2026-01-14T05:11:14","date_gmt":"2026-01-14T05:11:14","guid":{"rendered":"https:\/\/www.europesays.com\/africa\/22162\/"},"modified":"2026-01-14T05:11:14","modified_gmt":"2026-01-14T05:11:14","slug":"participation-du-maroc-a-la-51eme-session-ordinaire-du-comite-des-representants-permanents-de-lua","status":"publish","type":"post","link":"https:\/\/www.europesays.com\/africa\/22162\/","title":{"rendered":"Participation du Maroc \u00e0 la 51\u00e8me session ordinaire du comit\u00e9 des repr\u00e9sentants permanents de l\u2019UA"},"content":{"rendered":"<p>\t\t\t\t\t Les travaux de la 51\u00e8me session ordinaire du comit\u00e9 des repr\u00e9sentants permanents de l&#8217;Union africaine (UA) ont d\u00e9but\u00e9 lundi au si\u00e8ge de l\u2019organisation panafricaine \u00e0 Addis-Abeba avec la participation du Maroc. <\/p>\n<p>Le Royaume est repr\u00e9sent\u00e9 \u00e0 cette session, qui se poursuivra jusqu\u2019au 30 janvier, par une d\u00e9l\u00e9gation conduite par l&#8217;ambassadeur-repr\u00e9sentant permanent du Maroc aupr\u00e8s de l&#8217;Union africaine (UA) et la CEA-ONU, Mohamed Arrouchi. <\/p>\n<p>Cette session examinera notamment les points inscrits \u00e0 l\u2019ordre du jour de la 48e session ordinaire du Conseil ex\u00e9cutif de l\u2019UA (11 et 12 f\u00e9vrier) et de la 39e session ordinaire du sommet des chefs d\u2019\u00c9tat et de gouvernement de l\u2019Union (14 et 15 f\u00e9vrier). <\/p>\n<p>A l&#8217;ordre du jour de cette session figurent aussi l\u2019examen de rapports strat\u00e9giques et institutionnels concernant en particulier la mise en \u0153uvre du th\u00e8me de l&#8217;UA pour l&#8217;ann\u00e9e 2025 sur la justice et la feuille de route pour le th\u00e8me de l&#8217;UA pour l&#8217;ann\u00e9e 2026 sur la garantie d&#8217;un approvisionnement durable en eau et d&#8217;un assainissement s\u00fbr. <br \/>Il s\u2019agit aussi de l\u2019examen des rapports sur les activit\u00e9s des sous-comit\u00e9s du comit\u00e9 des repr\u00e9sentants permanents et des comit\u00e9s techniques sp\u00e9cialis\u00e9s de l\u2019UA.\n\t\t\t\t <\/p>\n","protected":false},"excerpt":{"rendered":"Les travaux de la 51\u00e8me session ordinaire du comit\u00e9 des repr\u00e9sentants permanents de l&#8217;Union africaine (UA) ont d\u00e9but\u00e9&hellip;\n","protected":false},"author":2,"featured_media":22163,"comment_status":"","ping_status":"","sticky":false,"template":"","format":"standard","meta":{"footnotes":""},"categories":[41],"tags":[13746,13747,158],"class_list":{"0":"post-22162","1":"post","2":"type-post","3":"status-publish","4":"format-standard","5":"has-post-thumbnail","7":"category-maroc","8":"tag-51eme-session-ordinaire","9":"tag-comite-des-representants-permanents-de-lua","10":"tag-maroc"},"share_on_mastodon":{"url":"","error":""},"_links":{"self":[{"href":"https:\/\/www.europesays.com\/africa\/wp-json\/wp\/v2\/posts\/22162","targetHints":{"allow":["GET"]}}],"collection":[{"href":"https:\/\/www.europesays.com\/africa\/wp-json\/wp\/v2\/posts"}],"about":[{"href":"https:\/\/www.europesays.com\/africa\/wp-json\/wp\/v2\/types\/post"}],"author":[{"embeddable":true,"href":"https:\/\/www.europesays.com\/africa\/wp-json\/wp\/v2\/users\/2"}],"replies":[{"embeddable":true,"href":"https:\/\/www.europesays.com\/africa\/wp-json\/wp\/v2\/comments?post=22162"}],"version-history":[{"count":0,"href":"https:\/\/www.europesays.com\/africa\/wp-json\/wp\/v2\/posts\/22162\/revisions"}],"wp:featuredmedia":[{"embeddable":true,"href":"https:\/\/www.europesays.com\/africa\/wp-json\/wp\/v2\/media\/22163"}],"wp:attachment":[{"href":"https:\/\/www.europesays.com\/africa\/wp-json\/wp\/v2\/media?parent=22162"}],"wp:term":[{"taxonomy":"category","embeddable":true,"href":"https:\/\/www.europesays.com\/africa\/wp-json\/wp\/v2\/categories?post=22162"},{"taxonomy":"post_tag","embeddable":true,"href":"https:\/\/www.europesays.com\/africa\/wp-json\/wp\/v2\/tags?post=22162"}],"curies":[{"name":"wp","href":"https:\/\/api.w.org\/{rel}","templated":true}]}}