{"id":22181,"date":"2026-01-14T05:24:18","date_gmt":"2026-01-14T05:24:18","guid":{"rendered":"https:\/\/www.europesays.com\/africa\/22181\/"},"modified":"2026-01-14T05:24:18","modified_gmt":"2026-01-14T05:24:18","slug":"retour-au-pays-du-khalife-thierno-madani-mountaga-tall-un-voyage-spirituel-et-memoriel-sous-le-signe-de-la-fidelite-et-de-la-transmission","status":"publish","type":"post","link":"https:\/\/www.europesays.com\/africa\/22181\/","title":{"rendered":"Retour au pays du Khalife Thierno Madani Mountaga Tall : un voyage spirituel et m\u00e9moriel sous le signe de la fid\u00e9lit\u00e9 et de la transmission"},"content":{"rendered":"<p>Apr\u00e8s deux mois et vingt jours de s\u00e9jour en France, Thierno Madani Mountaga Tall, Serviteur de la Communaut\u00e9 oumarienne, est de retour au S\u00e9n\u00e9gal. Un retour empreint d\u2019\u00e9motion et de recueillement, qui co\u00efncide avec le jour du rappel \u00e0 Dieu de son p\u00e8re, le Cheikh Thierno Mountaga Tall, figure spirituelle majeure dont l\u2019\u0153uvre de dignit\u00e9, de m\u00e9moire et de transmission continue d\u2019\u00e9clairer les g\u00e9n\u00e9rations.<\/p>\n<p>Ce s\u00e9jour en France s\u2019est inscrit dans une d\u00e9marche spirituelle et communautaire profonde. Il a permis au Khalife d\u2019aller \u00e0 la rencontre des communaut\u00e9s africaines et musulmanes de la diaspora, d\u2019\u00e9couter leurs pr\u00e9occupations, de renforcer les liens de fraternit\u00e9 et de rappeler, par la parole apais\u00e9e, les valeurs de paix, de droiture et de responsabilit\u00e9 qui fondent l\u2019h\u00e9ritage oumarien.<\/p>\n<p>Durant cette tourn\u00e9e, marqu\u00e9e par des \u00e9tapes symboliques \u00e0 Cergy, au Havre et \u00e0 Bruxelles, le Khalife a port\u00e9 un message constant : celui d\u2019une foi v\u00e9cue dans la dignit\u00e9, le respect des lois du pays d\u2019accueil et l\u2019engagement positif au service du vivre-ensemble.<\/p>\n<p>Il a \u00e9galement poursuivi le dialogue autour de la valorisation du patrimoine d\u2019El Hadj Oumar Foutiyou Tall, rappelant que manuscrits, objets et archives ne sont pas de simples vestiges, mais une m\u00e9moire vivante \u00e0 transmettre aux g\u00e9n\u00e9rations futures.<\/p>\n<p>Le retour du Khalife intervient \u00e0 une date hautement symbolique. En ce jour de comm\u00e9moration du rappel \u00e0 Dieu de Thierno Mountaga Tall, ce voyage prend une dimension de continuit\u00e9 spirituelle. Il r\u00e9sonne comme un hommage silencieux \u00e0 l\u2019\u0153uvre d\u2019un p\u00e8re qui a consacr\u00e9 sa vie \u00e0 la restauration de la dignit\u00e9 des anc\u00eatres, \u00e0 la qu\u00eate de justice m\u00e9morielle et au renforcement des liens entre l\u2019Afrique et le reste du monde.<\/p>\n<p>Pour la Communaut\u00e9 oumarienne, ce retour n\u2019est pas seulement la fin d\u2019un d\u00e9placement. Il marque la transmission d\u2019un flambeau, la fid\u00e9lit\u00e9 \u00e0 une voie faite de patience, de sagesse et de service. Il rappelle que la mission spirituelle s\u2019inscrit dans le temps long, nourrie par la m\u00e9moire, la pri\u00e8re et l\u2019engagement au quotidien.<\/p>\n<p>La Communaut\u00e9 oumarienne, au S\u00e9n\u00e9gal comme dans la diaspora, accueille ce retour avec recueillement et gratitude, priant pour que Dieu accorde Sa mis\u00e9ricorde au Cheikh Thierno Mountaga Tall, raffermisse la foi de son Khalife et continue de guider ses pas au service de la paix, de l\u2019unit\u00e9 et de la dignit\u00e9 des peuples.<\/p>\n<p>Paix et b\u00e9n\u00e9dictions sur les \u00e2mes des justes. Paix et continuit\u00e9 sur le chemin de la transmission.<\/p>\n<p>Cheikh Oumar Sy<\/p>\n","protected":false},"excerpt":{"rendered":"Apr\u00e8s deux mois et vingt jours de s\u00e9jour en France, Thierno Madani Mountaga Tall, Serviteur de la Communaut\u00e9&hellip;\n","protected":false},"author":2,"featured_media":22182,"comment_status":"","ping_status":"","sticky":false,"template":"","format":"standard","meta":{"footnotes":""},"categories":[48],"tags":[159],"class_list":{"0":"post-22181","1":"post","2":"type-post","3":"status-publish","4":"format-standard","5":"has-post-thumbnail","7":"category-senegal","8":"tag-senegal"},"share_on_mastodon":{"url":"","error":""},"_links":{"self":[{"href":"https:\/\/www.europesays.com\/africa\/wp-json\/wp\/v2\/posts\/22181","targetHints":{"allow":["GET"]}}],"collection":[{"href":"https:\/\/www.europesays.com\/africa\/wp-json\/wp\/v2\/posts"}],"about":[{"href":"https:\/\/www.europesays.com\/africa\/wp-json\/wp\/v2\/types\/post"}],"author":[{"embeddable":true,"href":"https:\/\/www.europesays.com\/africa\/wp-json\/wp\/v2\/users\/2"}],"replies":[{"embeddable":true,"href":"https:\/\/www.europesays.com\/africa\/wp-json\/wp\/v2\/comments?post=22181"}],"version-history":[{"count":0,"href":"https:\/\/www.europesays.com\/africa\/wp-json\/wp\/v2\/posts\/22181\/revisions"}],"wp:featuredmedia":[{"embeddable":true,"href":"https:\/\/www.europesays.com\/africa\/wp-json\/wp\/v2\/media\/22182"}],"wp:attachment":[{"href":"https:\/\/www.europesays.com\/africa\/wp-json\/wp\/v2\/media?parent=22181"}],"wp:term":[{"taxonomy":"category","embeddable":true,"href":"https:\/\/www.europesays.com\/africa\/wp-json\/wp\/v2\/categories?post=22181"},{"taxonomy":"post_tag","embeddable":true,"href":"https:\/\/www.europesays.com\/africa\/wp-json\/wp\/v2\/tags?post=22181"}],"curies":[{"name":"wp","href":"https:\/\/api.w.org\/{rel}","templated":true}]}}