{"id":22201,"date":"2026-01-14T05:38:09","date_gmt":"2026-01-14T05:38:09","guid":{"rendered":"https:\/\/www.europesays.com\/africa\/22201\/"},"modified":"2026-01-14T05:38:09","modified_gmt":"2026-01-14T05:38:09","slug":"ibrahim-mbaye-titi-du-psg-et-supersub-dun-senegal-oppose-a-legypte-en-demi-finales-de-la-can","status":"publish","type":"post","link":"https:\/\/www.europesays.com\/africa\/22201\/","title":{"rendered":"Ibrahim Mbaye, titi du PSG et supersub d&#8217;un S\u00e9n\u00e9gal oppos\u00e9 \u00e0 l&#8217;\u00c9gypte en demi-finales de la CAN"},"content":{"rendered":"<p class=\"article-p mdl\">Il aligne les records de pr\u00e9cocit\u00e9 au\u00a0<a class=\"link\" href=\"https:\/\/www.rtl.fr\/sport\/football\/la-can-un-crash-test-comment-le-maroc-s-affirme-sur-la-scene-internationale-grace-a-ses-investissements-dans-le-football-7900579709\" title=\"CAN 2025, &quot;un crash test&quot; : comment le Maroc s&#039;affirme sur la sc\u00e8ne internationale gr\u00e2ce \u00e0 ses investissements dans le football\" rel=\"nofollow noopener\" target=\"_blank\">Maroc<\/a>. Titi parisien form\u00e9 au PSG et pass\u00e9 par les s\u00e9lections de jeunes de l&#8217;\u00e9quipe de France, le prospect Ibrahim Mbaye fait le bonheur du S\u00e9n\u00e9gal avec des entr\u00e9es en jeu d\u00e9cisives durant cette\u00a0<a class=\"link\" href=\"https:\/\/www.rtl.fr\/sport\/football\/can-2025-les-resultats-et-le-calendrier-complet-7900581401\" title=\"CAN 2025 : les r\u00e9sultats et le calendrier complet\" rel=\"nofollow noopener\" target=\"_blank\">CAN<\/a>, dont sa s\u00e9lection dispute les demi-finales mercredi 14 janvier contre l&#8217;\u00c9gypte au grand stade de Tanger (18 heures).<\/p>\n<p class=\"article-p mdl\">Appel\u00e9 pour la premi\u00e8re fois en novembre, l&#8217;ailier droit est devenu le plus jeune S\u00e9n\u00e9galais de l&#8217;histoire \u00e0 disputer une Coupe d&#8217;Afrique, \u00e0 17 ans et 10 mois apr\u00e8s son entr\u00e9e en jeu contre le Botswana (3-0), lors de la premi\u00e8re rencontre de la phase de groupes. Tr\u00e8s vite, il s&#8217;est mu\u00e9 en un &#8220;supersub&#8221; (&#8220;super rempla\u00e7ant&#8221;) incontournable, apportant fougue et vitesse \u00e0 chacune de ses sorties de banc.<\/p>\n<p class=\"article-p mdl\">Lors du deuxi\u00e8me match de groupe face \u00e0 la\u00a0<a class=\"link\" href=\"https:\/\/www.rtl.fr\/sport\/football\/il-s-entraine-souvent-quand-il-est-libre-qui-est-lumumba-le-supporter-de-la-rdc-qui-reste-immobile-pendant-les-matchs-de-la-can-7900583689\" title=\"&quot;Il s&#039;entra\u00eene souvent quand il est libre&quot; : qui est &quot;Lumumba&quot;, le supporter de la RDC qui reste immobile pendant les matchs de la CAN\" rel=\"nofollow noopener\" target=\"_blank\">R\u00e9publique d\u00e9mocratique du Congo<\/a>\u00a0(1-1), c&#8217;est un de ses d\u00e9boul\u00e9s repouss\u00e9 par le gardien Lionel Mpasi qui a conduit \u00e0 l&#8217;\u00e9galisation de Sadio Man\u00e9. La star de la s\u00e9lection et idole du jeune Parisien, y \u00e9tait all\u00e9 de ses compliments apr\u00e8s la rencontre : &#8220;\u00c0 17 ans, \u00e0 ce niveau, je pense que c&#8217;est impressionnant. Il a un bel avenir devant lui, c&#8217;est un joueur exceptionnel&#8221;.\u00a0<\/p>\n<p>            Plus jeune buteur du S\u00e9n\u00e9gal dans une CAN<\/p>\n<p class=\"article-p mdl\">&#8220;C&#8217;est une chance d&#8217;avoir un jeune joueur comme Ibrahim qui est en train de montrer des bonnes choses et de gagner des titres&#8221;, lan\u00e7ait r\u00e9cemment son s\u00e9lectionneur Pape Thiaw. &#8220;\u00c0 17 ans, un joueur r\u00eave seulement de devenir professionnel. Aujourd&#8217;hui, il a d\u00e9j\u00e0 dans sa valise une Ligue des champions. Mais il arrive aussi dans un groupe o\u00f9 c&#8217;est une chance pour lui de trouver des gens comme Sadio Man\u00e9 qui ont tout gagn\u00e9. Maintenant, il faut bien le couvrir, c&#8217;est un joyau, on le sait. On sait ce qu&#8217;il peut apporter \u00e0 cette \u00e9quipe.&#8221;<\/p>\n<p class=\"article-p mdl\">Ibrahim Mbaye ne s&#8217;est pas laiss\u00e9 griser par ce nouveau statut. Entr\u00e9 en jeu \u00e0 la mi-temps lors du dernier match de groupe face au B\u00e9nin, il a r\u00e9cidiv\u00e9 d&#8217;une nouvelle incursion dans la d\u00e9fense, provoquant un penalty transform\u00e9 par Cherif Ndiaye qui a alourdi le score (3-0), pour valider la premi\u00e8re place de la poule.<\/p>\n<p class=\"article-p mdl\">Et ce, avant de devenir le plus jeune joueur \u00e0 marquer un but \u00e0 la CAN au XXIe si\u00e8cle, le plus jeune buteur s\u00e9n\u00e9galais dans la comp\u00e9tition tout court, en mettant les siens \u00e0 l&#8217;abri lors du huiti\u00e8me de finale contre le Soudan (3-1), trois minutes apr\u00e8s avoir foul\u00e9 le pr\u00e9.<\/p>\n<p class=\"article-p mdl\">De quoi devenir la coqueluche des supporters et de ses co\u00e9quipiers. D\u00e8s son premier rassemblement \u00e0 l&#8217;automne, il s&#8217;\u00e9tait illustr\u00e9 par son Leumbeul, une danse traditionnelle wolof, qui a provoqu\u00e9 l&#8217;hilarit\u00e9 de ses partenaires et le buzz sur les r\u00e9seaux sociaux. Le tout ponctu\u00e9 de deux passes d\u00e9cisives et une r\u00e9alisation face au Kenya, pour sa deuxi\u00e8me s\u00e9lection et sa seule titularisation \u00e0 l&#8217;heure actuelle.<\/p>\n<p class=\"article-p mdl\">En 2023, &#8220;il y a eu la d\u00e9couverte de Lamine Camara [aujourd&#8217;hui \u00e0 Monaco] qui a fait vraiment une excellente CAN&#8230; Esp\u00e9rons qu&#8217;Ibrahim fera \u00e7a aussi&#8221;, d\u00e9clarait Pape Thiaw avant le d\u00e9but de phase \u00e9liminatoire, ajoutant : &#8220;Il fait des bouts de match, \u00e0 chaque fois qu&#8217;il rentre il donne le meilleur de lui-m\u00eame, On sait qu&#8217;il a du talent, c&#8217;est pour \u00e7a qu&#8217;on est all\u00e9 le chercher.&#8221;<\/p>\n<p>            &#8220;Bient\u00f4t une bombe atomique&#8221;<\/p>\n<p class=\"article-p mdl\">Le choix d&#8217;Ibrahim Mbaye &#8211; n\u00e9 \u00e0 Trappes en banlieue parisienne et qui a repr\u00e9sent\u00e9 la France des U16 aux U20 &#8211; de rejoindre les Lions, au moment m\u00eame o\u00f9 il se met en lumi\u00e8re sous le maillot du PSG de Luis Enrique, a surpris. Il \u00e9tait pourtant murement r\u00e9fl\u00e9chi. Il n&#8217;y a jamais eu de d\u00e9bats dans la t\u00eate de l&#8217;attaquant, selon son entourage. Fier de ses origines h\u00e9rit\u00e9es de son p\u00e8re, attach\u00e9 \u00e0 son nom, &#8220;Ibrahim a voulu jouer pour le S\u00e9n\u00e9gal&#8221;, a expliqu\u00e9 Pape Thiaw, qui parvient \u00e0 attirer des binationaux sans sp\u00e9cialement mettre en place une politique pour cela, comme peut le faire la F\u00e9d\u00e9ration marocaine, avec laquelle il \u00e9tait d&#8217;ailleurs \u00e9ligible via sa m\u00e8re.<br \/>Au vu des difficult\u00e9s de son club en ce d\u00e9but 2026, contraint \u00e0 un retour in extremis lors du\u00a0<a class=\"link\" href=\"https:\/\/www.rtl.fr\/sport\/football\/trophee-des-champions-premier-titre-de-l-annee-pour-le-psg-apres-sa-victoire-aux-tirs-au-but-face-a-l-om-7900586658\" title=\"Troph\u00e9e des Champions : premier titre de l&#039;ann\u00e9e pour le PSG apr\u00e8s sa victoire aux tirs au but face \u00e0 l&#039;OM\" rel=\"nofollow noopener\" target=\"_blank\">Troph\u00e9e des champions jeudi contre l&#8217;OM<\/a>\u00a0(2-2, t.a.b. 4-1) puis\u00a0<a class=\"link\" href=\"https:\/\/www.rtl.fr\/sport\/football\/coupe-de-france-le-paris-fc-cree-l-exploit-en-eliminant-le-psg-de-la-competition-7900587958\" title=\"Coupe de France : le Paris FC cr\u00e9e l&#039;exploit en \u00e9liminant le PSG de la comp\u00e9tition\" rel=\"nofollow noopener\" target=\"_blank\">battu en Coupe de France par le voisin du PFC<\/a>\u00a0lundi (0-1), Ibrahim Mbaye aurait pu faire du bien aux Rouge et Bleu. Auteur d&#8217;un d\u00e9but de saison remarqu\u00e9, il a disput\u00e9 14 rencontres toutes comp\u00e9titions confondues avec la formation de la capitale, marquant face \u00e0 Rennes au Parc des Princes, le 6 d\u00e9cembre.<\/p>\n<p>Auteur de deux passes d\u00e9cisives contre Metz la semaine suivante, juste avant de rejoindre sa s\u00e9lection, &#8220;il est apparu plus lib\u00e9r\u00e9 dans son jeu, s&#8217;est senti \u00e0 l&#8217;aise et a pris des initiatives remarquables&#8221;, s&#8217;\u00e9tait alors r\u00e9joui son entraineur, Luis Enrique. &#8220;Il joue d\u00e9j\u00e0 au PSG, plus haut que \u00e7a je ne connais pas&#8221;, lan\u00e7ait encore le coach mi-d\u00e9cembre, \u00e0 son sujet. &#8220;Il a une vitesse prodigieuse, il sera bient\u00f4t une bombe atomique&#8221;, proph\u00e9tisait en octobre aupr\u00e8s de l&#8217;AFP Pierre-Yves Bodineau, son ancien coach au centre de pr\u00e9formation o\u00f9 il a suivi les prometteurs gamins n\u00e9s entre 2005 et 2009, conc\u00e9dant toutefois qu'&#8221;il lui faut encore quelques matches pour prendre totalement ses marques&#8221;.<\/p>\n<p>Exactement ce qu&#8217;a fait Ibrahim Mbaye. Dans un remake de la finale de 2022 gagn\u00e9e par le S\u00e9n\u00e9gal face \u00e0 l&#8217;\u00c9gypte de Mohamed Salah, r\u00e9put\u00e9e rugueuse d\u00e9fensivement et souvent capables de tuer le rythme des rencontres, une nouvelle entr\u00e9e du feu follet pourrait faire du bien aux partenaires de Moussa Niakhat\u00e9. Voire \u00e9viter de passer par une irrespirable s\u00e9ance de tirs au but, comme lors des deux derniers affrontements remport\u00e9s face aux Pharaons.<\/p>\n<p>    La r\u00e9daction vous recommande<\/p>\n<p class=\"s-newsletter__title\">\n                L\u2019actualit\u00e9 par la r\u00e9daction de RTL dans votre bo\u00eete mail.\n            <\/p>\n<p class=\"s-newsletter__subtitle\">\n                Gr\u00e2ce \u00e0 votre compte RTL abonnez-vous \u00e0 la newsletter RTL info pour suivre toute l&#8217;actualit\u00e9 au quotidien\n            <\/p>\n<p>\n                                    Lire la suite\n                                <\/p>\n","protected":false},"excerpt":{"rendered":"Il aligne les records de pr\u00e9cocit\u00e9 au\u00a0Maroc. Titi parisien form\u00e9 au PSG et pass\u00e9 par les s\u00e9lections de&hellip;\n","protected":false},"author":2,"featured_media":22202,"comment_status":"","ping_status":"","sticky":false,"template":"","format":"standard","meta":{"footnotes":""},"categories":[48],"tags":[360,4632,295,2146,311,2115,159],"class_list":{"0":"post-22201","1":"post","2":"type-post","3":"status-publish","4":"format-standard","5":"has-post-thumbnail","7":"category-senegal","8":"tag-can","9":"tag-egypte","10":"tag-fil-info","11":"tag-fil-sport","12":"tag-football","13":"tag-paris-saint-germain","14":"tag-senegal"},"share_on_mastodon":{"url":"","error":""},"_links":{"self":[{"href":"https:\/\/www.europesays.com\/africa\/wp-json\/wp\/v2\/posts\/22201","targetHints":{"allow":["GET"]}}],"collection":[{"href":"https:\/\/www.europesays.com\/africa\/wp-json\/wp\/v2\/posts"}],"about":[{"href":"https:\/\/www.europesays.com\/africa\/wp-json\/wp\/v2\/types\/post"}],"author":[{"embeddable":true,"href":"https:\/\/www.europesays.com\/africa\/wp-json\/wp\/v2\/users\/2"}],"replies":[{"embeddable":true,"href":"https:\/\/www.europesays.com\/africa\/wp-json\/wp\/v2\/comments?post=22201"}],"version-history":[{"count":0,"href":"https:\/\/www.europesays.com\/africa\/wp-json\/wp\/v2\/posts\/22201\/revisions"}],"wp:featuredmedia":[{"embeddable":true,"href":"https:\/\/www.europesays.com\/africa\/wp-json\/wp\/v2\/media\/22202"}],"wp:attachment":[{"href":"https:\/\/www.europesays.com\/africa\/wp-json\/wp\/v2\/media?parent=22201"}],"wp:term":[{"taxonomy":"category","embeddable":true,"href":"https:\/\/www.europesays.com\/africa\/wp-json\/wp\/v2\/categories?post=22201"},{"taxonomy":"post_tag","embeddable":true,"href":"https:\/\/www.europesays.com\/africa\/wp-json\/wp\/v2\/tags?post=22201"}],"curies":[{"name":"wp","href":"https:\/\/api.w.org\/{rel}","templated":true}]}}