{"id":22261,"date":"2026-01-14T06:26:09","date_gmt":"2026-01-14T06:26:09","guid":{"rendered":"https:\/\/www.europesays.com\/africa\/22261\/"},"modified":"2026-01-14T06:26:09","modified_gmt":"2026-01-14T06:26:09","slug":"comment-lalgerie-a-ete-sabotee-au-maroc","status":"publish","type":"post","link":"https:\/\/www.europesays.com\/africa\/22261\/","title":{"rendered":"Comment l\u2019Alg\u00e9rie a \u00e9t\u00e9 sabot\u00e9e au Maroc"},"content":{"rendered":"<p style=\"text-align: justify;\" data-start=\"234\" data-end=\"570\">La 35\u1d49 \u00e9dition de la Coupe d\u2019Afrique des Nations, par son ampleur et son exposition m\u00e9diatique, a mis en lumi\u00e8re bien plus que le simple jeu sur le terrain. Samedi \u00e0 Marrakech, au Maroc, l\u2019Alg\u00e9rie a quitt\u00e9 la CAN 2025 en quart de finale, mais de nombreux \u00e9l\u00e9ments, survenus avant et apr\u00e8s cette \u00e9limination, ont suscit\u00e9 interrogations et malaise.<\/p>\n<p style=\"text-align: justify;\" data-start=\"572\" data-end=\"882\">Depuis le d\u00e9but du tournoi, un constat s\u2019est impos\u00e9 : le Maroc a b\u00e9n\u00e9fici\u00e9 de d\u00e9cisions arbitrales favorables lors de plusieurs situations litigieuses. Des rencontres face \u00e0 la Tanzanie en huiti\u00e8me puis au Cameroun en quart ont notamment laiss\u00e9 des traces, chaque fois au profit des Lions de l\u2019Atlas.<\/p>\n<p>Une d\u00e9signation arbitrale jug\u00e9e douteuse<\/p>\n<p style=\"text-align: justify;\" data-start=\"939\" data-end=\"1358\">Voisin et potentiel adversaire du Maroc dans le dernier carr\u00e9, l\u2019Alg\u00e9rie apparaissait comme l\u2019une des \u00e9quipes \u00e0 \u00e9carter. Face au Nigeria, malgr\u00e9 une prestation sportive en de\u00e7\u00e0 des attentes, les Fennecs ont surtout \u00e9t\u00e9 p\u00e9nalis\u00e9s par un arbitrage tr\u00e8s contest\u00e9. La d\u00e9signation d\u2019Issa Sy comme arbitre central, assist\u00e9 par Pierre Atcho \u00e0 la VAR, s\u2019est rapidement r\u00e9v\u00e9l\u00e9e probl\u00e9matique pour le groupe de Vladimir Petkovic.<\/p>\n<p style=\"text-align: justify;\" data-start=\"939\" data-end=\"1358\">Plusieurs choix ont ainsi aliment\u00e9 la pol\u00e9mique : des cartons distribu\u00e9s avec une grande facilit\u00e9 \u00e0 l\u2019encontre des Alg\u00e9riens, des fautes litigieuses syst\u00e9matiquement siffl\u00e9es, un penalty non accord\u00e9 et surtout non revu par la VAR, ainsi qu\u2019un avertissement pour le moins surprenant inflig\u00e9 \u00e0 <a href=\"https:\/\/lagazettedufennec.com\/can-2025-ce-carton-donne-pour-un-nigerian-qui-prouve-que-sy-etait-en-mission\/\" rel=\"nofollow noopener\" target=\"_blank\">Wilfred Ndidi<\/a>. D\u00e9j\u00e0 sous la menace d\u2019une suspension, le Nig\u00e9rian manquera ainsi la demi-finale. Autant d\u2019\u00e9l\u00e9ments qui, mis bout \u00e0 bout, laissent planer le doute sur une possible volont\u00e9 de faciliter la trajectoire du pays h\u00f4te, le Maroc.<\/p>\n<p style=\"text-align: justify;\" data-start=\"1360\" data-end=\"1537\">La d\u00e9signation du duo Sy\u2013Atcho est d\u2019autant plus critiqu\u00e9e qu\u2019elle est intervenue apr\u00e8s le huiti\u00e8me de finale Alg\u00e9rie\u2013RD Congo, arbitr\u00e9 de mani\u00e8re jug\u00e9e correcte par l\u2019\u00c9gyptien Mohamed Maarouf. Ce dernier, salu\u00e9 pour sa gestion du match de cette explication, aurait subi de fortes pressions avant et apr\u00e8s la rencontre. Refusant de c\u00e9der, il n\u2019a pas \u00e9t\u00e9 reconduit pour la suite de la comp\u00e9tition et a regagn\u00e9 l\u2019\u00c9gypte, alimentant davantage les soup\u00e7ons autour de la gestion arbitrale du tournoi.<\/p>\n<p style=\"text-align: justify;\" data-start=\"1360\" data-end=\"1537\">\n<p>Insultes, tensions et plainte officielle<\/p>\n<p style=\"text-align: justify;\">Ce n\u2019est pas tout, puisque l\u2019arbitre Issa Sy, au centre de la pol\u00e9mique \u00e0 Marrakech, n\u2019aurait pas d\u00fb officier lors de cette CAN en raison d\u2019une affaire d\u2019ordre \u00e9thique. Ceux qui l\u2019auraient couvert seraient \u00e9galement impliqu\u00e9s dans sa d\u00e9signation pour la rencontre Alg\u00e9rie\u2013Nig\u00e9ria.<\/p>\n<p style=\"text-align: justify;\" data-start=\"1975\" data-end=\"2372\">La tension est mont\u00e9e d\u2019un cran apr\u00e8s le coup de sifflet final. Issa Sy a refus\u00e9 de serrer la main des joueurs alg\u00e9riens, tandis que ses assistants sont accus\u00e9s d\u2019avoir insult\u00e9 certains Fennecs. Rayan A\u00eft Nouri a confirm\u00e9 en zone mixte avoir \u00e9t\u00e9 mal adress\u00e9 par un arbitre de touche, et des sources \u00e9voquent une insulte raciste visant Hadj Moussa, trait\u00e9 de \u00ab sale arabe \u00bb. Face \u00e0 ces faits, la FAF a rapidement transmis un dossier d\u00e9taill\u00e9 \u00e0 la FIFA, directement \u00e0 la commission des arbitres dirig\u00e9e par Pierluigi Collina.<\/p>\n<p style=\"text-align: justify;\" data-start=\"2550\" data-end=\"2784\" data-is-last-node=\"\" data-is-only-node=\"\">Le parcours de l\u2019Alg\u00e9rie \u00e0 la CAN 2025 s\u2019est ainsi achev\u00e9 dans un climat de frustration et de controverse. Au-del\u00e0 du r\u00e9sultat sportif, cette \u00e9limination pose de s\u00e9rieuses questions sur l\u2019arbitrage et la cr\u00e9dibilit\u00e9 de la comp\u00e9tition.<\/p>\n<p>LIRE EGALEMENT : <a href=\"https:\/\/lagazettedufennec.com\/can-2025-elimination-plainte-a-la-fifa-la-faf-prend-la-parole\/\" rel=\"nofollow noopener\" target=\"_blank\">CAN 2025 : \u00c9limination, plainte \u00e0 la FIFA\u2026 la FAF prend la parole<\/a><\/p>\n","protected":false},"excerpt":{"rendered":"La 35\u1d49 \u00e9dition de la Coupe d\u2019Afrique des Nations, par son ampleur et son exposition m\u00e9diatique, a mis&hellip;\n","protected":false},"author":2,"featured_media":22262,"comment_status":"","ping_status":"","sticky":false,"template":"","format":"standard","meta":{"footnotes":""},"categories":[41],"tags":[628,256,285,13790,9238,179,8143,10480,158],"class_list":{"0":"post-22261","1":"post","2":"type-post","3":"status-publish","4":"format-standard","5":"has-post-thumbnail","7":"category-maroc","8":"tag-ait-nouri","9":"tag-algu00e9rie-can","10":"tag-algu00e9rie-coupe-dafrique","11":"tag-algu00e9rie-issa-sy","12":"tag-algu00e9rie-maroc","13":"tag-can-2025","14":"tag-hadj-moussa","15":"tag-issa-sy","16":"tag-maroc"},"share_on_mastodon":{"url":"","error":""},"_links":{"self":[{"href":"https:\/\/www.europesays.com\/africa\/wp-json\/wp\/v2\/posts\/22261","targetHints":{"allow":["GET"]}}],"collection":[{"href":"https:\/\/www.europesays.com\/africa\/wp-json\/wp\/v2\/posts"}],"about":[{"href":"https:\/\/www.europesays.com\/africa\/wp-json\/wp\/v2\/types\/post"}],"author":[{"embeddable":true,"href":"https:\/\/www.europesays.com\/africa\/wp-json\/wp\/v2\/users\/2"}],"replies":[{"embeddable":true,"href":"https:\/\/www.europesays.com\/africa\/wp-json\/wp\/v2\/comments?post=22261"}],"version-history":[{"count":0,"href":"https:\/\/www.europesays.com\/africa\/wp-json\/wp\/v2\/posts\/22261\/revisions"}],"wp:featuredmedia":[{"embeddable":true,"href":"https:\/\/www.europesays.com\/africa\/wp-json\/wp\/v2\/media\/22262"}],"wp:attachment":[{"href":"https:\/\/www.europesays.com\/africa\/wp-json\/wp\/v2\/media?parent=22261"}],"wp:term":[{"taxonomy":"category","embeddable":true,"href":"https:\/\/www.europesays.com\/africa\/wp-json\/wp\/v2\/categories?post=22261"},{"taxonomy":"post_tag","embeddable":true,"href":"https:\/\/www.europesays.com\/africa\/wp-json\/wp\/v2\/tags?post=22261"}],"curies":[{"name":"wp","href":"https:\/\/api.w.org\/{rel}","templated":true}]}}